{"id":28464,"date":"2025-06-17T13:36:32","date_gmt":"2025-06-17T10:36:32","guid":{"rendered":"https:\/\/kibrisayna.com\/index.php\/2025\/06\/17\/3-sampiyon-melekler-plaj-voleybolu-ligi-brtk\/"},"modified":"2025-06-17T13:36:32","modified_gmt":"2025-06-17T10:36:32","slug":"3-sampiyon-melekler-plaj-voleybolu-ligi-brtk","status":"publish","type":"post","link":"https:\/\/kibrisayna.com\/index.php\/2025\/06\/17\/3-sampiyon-melekler-plaj-voleybolu-ligi-brtk\/","title":{"rendered":"3. \u015eampiyon Melekler Plaj Voleybolu Ligi \u2013 BRTK"},"content":{"rendered":"<p> <br \/>\n<\/p>\n<div>\n<div class=\"mariselle-image-container center\">\n                <img loading=\"lazy\" decoding=\"async\" width=\"2048\" height=\"2048\" class=\"lazy-image\" alt=\"\" sizes=\"auto, (max-width: 2048px) 100vw, 2048px\" src=\"https:\/\/brtk.net\/wp-content\/uploads\/2025\/06\/17\/PLAJ-VOL.jpg?ver=ad3547d6bff617ef805bc74b23216080\" srcset=\"https:\/\/brtk.net\/wp-content\/uploads\/2025\/06\/17\/PLAJ-VOL.jpg?ver=ad3547d6bff617ef805bc74b23216080 2048w, https:\/\/brtk.net\/wp-content\/uploads\/2025\/06\/17\/PLAJ-VOL-300x300.jpg?ver=ad3547d6bff617ef805bc74b23216080 300w, https:\/\/brtk.net\/wp-content\/uploads\/2025\/06\/17\/PLAJ-VOL-1024x1024.jpg?ver=ad3547d6bff617ef805bc74b23216080 1024w, https:\/\/brtk.net\/wp-content\/uploads\/2025\/06\/17\/PLAJ-VOL-150x150.jpg?ver=ad3547d6bff617ef805bc74b23216080 150w, https:\/\/brtk.net\/wp-content\/uploads\/2025\/06\/17\/PLAJ-VOL-768x768.jpg?ver=267f5779872dd90af067e28b103da075 768w, https:\/\/brtk.net\/wp-content\/uploads\/2025\/06\/17\/PLAJ-VOL-1536x1536.jpg?ver=84bb4952d3e40086f3ed5efd5c4140c6 1536w, https:\/\/brtk.net\/wp-content\/uploads\/2025\/06\/17\/PLAJ-VOL-800x800.jpg?ver=e950ab18fb890c99638f063752370e54 800w\"\/>                            <\/div>\n<p>3. \u015eampiyon Melekler Plaj Voleybolu Ligi Tak\u0131m kay\u0131t i\u015flemleri yar\u0131n tamamlan\u0131yor.<\/p>\n<p>KKTC Voleybol Federasyonu taraf\u0131ndan bu y\u0131l 3. d\u00fczenlenecek olan \u015eampiyon Melekler Plaj Voleybolu Ligi Tak\u0131m kay\u0131t i\u015flemleri devam ediyor . <\/p>\n<p>\u015eampiyona 4-16 Temmuz tarihlerinde U12 K\u0131z ,U16 K\u0131z, U13 Erkek, U17 Erkek ve B\u00fcy\u00fckler olmak \u00fczere 6 kategoride d\u00fczenlenecek.<\/p>\n<\/p><\/div>\n<p><script async\n                    defer\n                    crossorigin=\"anonymous\"\n                    src=\"https:\/\/connect.facebook.net\/tr_TR\/sdk.js#xfbml=1&#038;version=v3.3\"\n            ><\/script><br \/>\n<br \/><br \/>\n<br \/><a href=\"https:\/\/brtk.net\/3-sampiyon-melekler-plaj-voleybolu-ligi\/\">Kaynak BRT <\/a><\/p>\n","protected":false},"excerpt":{"rendered":"<p>3. \u015eampiyon Melekler Plaj Voleybolu Ligi Tak\u0131m kay\u0131t i\u015flemleri yar\u0131n tamamlan\u0131yor. KKTC Voleybol Federasyonu taraf\u0131ndan bu y\u0131l 3. d\u00fczenlenecek olan \u015eampiyon Melekler Plaj Voleybolu Ligi Tak\u0131m kay\u0131t i\u015flemleri devam ediyor . \u015eampiyona 4-16 Temmuz tarihlerinde U12 K\u0131z ,U16 K\u0131z, U13 Erkek, U17 Erkek ve B\u00fcy\u00fckler olmak \u00fczere 6 kategoride d\u00fczenlenecek. Kaynak BRT<\/p>\n","protected":false},"author":908,"featured_media":27819,"comment_status":"open","ping_status":"open","sticky":false,"template":"","format":"standard","meta":{"advanced_seo_description":"","jetpack_seo_html_title":"","jetpack_seo_noindex":false,"jetpack_seo_schema_type":"","_jetpack_newsletter_access":"","_jetpack_dont_email_post_to_subs":false,"_jetpack_newsletter_tier_id":0,"_jetpack_memberships_contains_paywalled_content":false,"_jetpack_feature_clip_id":0,"_jetpack_memberships_contains_paid_content":false,"footnotes":"","jetpack_publicize_message":"","jetpack_publicize_feature_enabled":true,"jetpack_social_post_already_shared":true,"jetpack_social_options":{"image_generator_settings":{"template":"highway","default_image_id":0,"font":"","enabled":false},"version":2},"jetpack_post_was_ever_published":false},"categories":[9],"tags":[],"class_list":["post-28464","post","type-post","status-publish","format-standard","has-post-thumbnail","hentry","category-spor"],"jetpack_publicize_connections":[],"jetpack_featured_media_url":"https:\/\/kibrisayna.com\/wp-content\/uploads\/2025\/06\/PLAJ-VOL.jpg","jetpack_sharing_enabled":true,"_links":{"self":[{"href":"https:\/\/kibrisayna.com\/index.php\/wp-json\/wp\/v2\/posts\/28464","targetHints":{"allow":["GET"]}}],"collection":[{"href":"https:\/\/kibrisayna.com\/index.php\/wp-json\/wp\/v2\/posts"}],"about":[{"href":"https:\/\/kibrisayna.com\/index.php\/wp-json\/wp\/v2\/types\/post"}],"author":[{"embeddable":true,"href":"https:\/\/kibrisayna.com\/index.php\/wp-json\/wp\/v2\/users\/908"}],"replies":[{"embeddable":true,"href":"https:\/\/kibrisayna.com\/index.php\/wp-json\/wp\/v2\/comments?post=28464"}],"version-history":[{"count":0,"href":"https:\/\/kibrisayna.com\/index.php\/wp-json\/wp\/v2\/posts\/28464\/revisions"}],"wp:featuredmedia":[{"embeddable":true,"href":"https:\/\/kibrisayna.com\/index.php\/wp-json\/wp\/v2\/media\/27819"}],"wp:attachment":[{"href":"https:\/\/kibrisayna.com\/index.php\/wp-json\/wp\/v2\/media?parent=28464"}],"wp:term":[{"taxonomy":"category","embeddable":true,"href":"https:\/\/kibrisayna.com\/index.php\/wp-json\/wp\/v2\/categories?post=28464"},{"taxonomy":"post_tag","embeddable":true,"href":"https:\/\/kibrisayna.com\/index.php\/wp-json\/wp\/v2\/tags?post=28464"}],"curies":[{"name":"wp","href":"https:\/\/api.w.org\/{rel}","templated":true}]}}