{"id":28378,"date":"2025-06-16T15:54:56","date_gmt":"2025-06-16T12:54:56","guid":{"rendered":"https:\/\/kibrisayna.com\/index.php\/2025\/06\/16\/aractan-kargaya-ates-eden-sahsa-para-cezasi-brtk\/"},"modified":"2025-06-16T15:54:56","modified_gmt":"2025-06-16T12:54:56","slug":"aractan-kargaya-ates-eden-sahsa-para-cezasi-brtk","status":"publish","type":"post","link":"https:\/\/kibrisayna.com\/index.php\/2025\/06\/16\/aractan-kargaya-ates-eden-sahsa-para-cezasi-brtk\/","title":{"rendered":"Ara\u00e7tan kargaya ate\u015f eden \u015fahsa para cezas\u0131 \u2013 BRTK"},"content":{"rendered":"<p> <br \/>\n<\/p>\n<div>\n<div class=\"mariselle-image-container none\">\n                <img loading=\"lazy\" decoding=\"async\" width=\"224\" height=\"224\" class=\"lazy-image\" alt=\"\" sizes=\"auto, (max-width: 224px) 100vw, 224px\" src=\"https:\/\/brtk.net\/wp-content\/uploads\/2025\/06\/13\/1749810002496polis-logo.jpg?ver=53c29ed6fea6a72a21b7d14caa8f7bba\" srcset=\"https:\/\/brtk.net\/wp-content\/uploads\/2025\/06\/13\/1749810002496polis-logo.jpg?ver=53c29ed6fea6a72a21b7d14caa8f7bba 224w, https:\/\/brtk.net\/wp-content\/uploads\/2025\/06\/13\/1749810002496polis-logo-150x150.jpg?ver=53c29ed6fea6a72a21b7d14caa8f7bba 150w\"\/>                            <\/div>\n<p style=\"font-weight: 300;\">Ta\u015fp\u0131nar\u2019da, d\u00fcn, arac\u0131ndan elektrik tellerindeki kargaya ate\u015f eden \u015fahsa,\u00a0 iki asgari \u00fccret\u00a0 para cezas\u0131 kesildi.<\/p>\n<p style=\"font-weight: 300;\">Polis bas\u0131n b\u00fcltenine g\u00f6re, KKTC Avc\u0131l\u0131k Federasyonu taraf\u0131ndan karga ve saksa\u011fan ile m\u00fccadele kapsam\u0131nda \u00f6zel izni olan \u0130.\u015e\u2019nin\u00a0 (E-37), ara\u00e7 i\u00e7erisinden karga avlad\u0131\u011f\u0131 s\u0131rada, bir evin avlusundaki elektrik telleri \u00fczerinde bulunan kargaya ate\u015f a\u00e7arak kanunsuz olarak avland\u0131\u011f\u0131 tespit edildi.<\/p>\n<p style=\"font-weight: 300;\">Av ve Avla \u0130lgili Yaban Hayat\u0131n\u0131 D\u00fczenleme Yasas\u0131 taht\u0131nda, bahse konu \u015fahsa iki asgari \u00fccret tutar\u0131nda ceza kesilerek aleyhinde yasal i\u015flem ba\u015flat\u0131ld\u0131.<\/p>\n<p style=\"font-weight: 300;\">Polis soru\u015fturmas\u0131 s\u00fcr\u00fcyor.<\/p>\n<p>\u00a0<\/p>\n<\/p><\/div>\n<p><script async\n                    defer\n                    crossorigin=\"anonymous\"\n                    src=\"https:\/\/connect.facebook.net\/tr_TR\/sdk.js#xfbml=1&#038;version=v3.3\"\n            ><\/script><br \/>\n<br \/><br \/>\n<br \/><a href=\"https:\/\/brtk.net\/aractan-kargaya-ates-eden-sahsa-para-cezasi\/\"> <\/a><\/p>\n","protected":false},"excerpt":{"rendered":"<p>Ta\u015fp\u0131nar\u2019da, d\u00fcn, arac\u0131ndan elektrik tellerindeki kargaya ate\u015f eden \u015fahsa,\u00a0 iki asgari \u00fccret\u00a0 para cezas\u0131 kesildi. Polis bas\u0131n b\u00fcltenine g\u00f6re, KKTC Avc\u0131l\u0131k Federasyonu taraf\u0131ndan karga ve saksa\u011fan ile m\u00fccadele kapsam\u0131nda \u00f6zel izni olan \u0130.\u015e\u2019nin\u00a0 (E-37), ara\u00e7 i\u00e7erisinden karga avlad\u0131\u011f\u0131 s\u0131rada, bir evin avlusundaki elektrik telleri \u00fczerinde bulunan kargaya ate\u015f a\u00e7arak kanunsuz olarak avland\u0131\u011f\u0131 tespit edildi. Av [&hellip;]<\/p>\n","protected":false},"author":908,"featured_media":1550,"comment_status":"open","ping_status":"open","sticky":false,"template":"","format":"standard","meta":{"advanced_seo_description":"","jetpack_seo_html_title":"","jetpack_seo_noindex":false,"jetpack_seo_schema_type":"","_jetpack_newsletter_access":"","_jetpack_dont_email_post_to_subs":false,"_jetpack_newsletter_tier_id":0,"_jetpack_memberships_contains_paywalled_content":false,"_jetpack_feature_clip_id":0,"_jetpack_memberships_contains_paid_content":false,"footnotes":"","jetpack_publicize_message":"","jetpack_publicize_feature_enabled":true,"jetpack_social_post_already_shared":true,"jetpack_social_options":{"image_generator_settings":{"template":"highway","default_image_id":0,"font":"","enabled":false},"version":2},"jetpack_post_was_ever_published":false},"categories":[253,19],"tags":[],"class_list":["post-28378","post","type-post","status-publish","format-standard","has-post-thumbnail","hentry","category-gundem","category-manset"],"jetpack_publicize_connections":[],"jetpack_featured_media_url":"https:\/\/kibrisayna.com\/wp-content\/uploads\/2024\/08\/renkli-polis.jpg","jetpack_sharing_enabled":true,"_links":{"self":[{"href":"https:\/\/kibrisayna.com\/index.php\/wp-json\/wp\/v2\/posts\/28378","targetHints":{"allow":["GET"]}}],"collection":[{"href":"https:\/\/kibrisayna.com\/index.php\/wp-json\/wp\/v2\/posts"}],"about":[{"href":"https:\/\/kibrisayna.com\/index.php\/wp-json\/wp\/v2\/types\/post"}],"author":[{"embeddable":true,"href":"https:\/\/kibrisayna.com\/index.php\/wp-json\/wp\/v2\/users\/908"}],"replies":[{"embeddable":true,"href":"https:\/\/kibrisayna.com\/index.php\/wp-json\/wp\/v2\/comments?post=28378"}],"version-history":[{"count":0,"href":"https:\/\/kibrisayna.com\/index.php\/wp-json\/wp\/v2\/posts\/28378\/revisions"}],"wp:featuredmedia":[{"embeddable":true,"href":"https:\/\/kibrisayna.com\/index.php\/wp-json\/wp\/v2\/media\/1550"}],"wp:attachment":[{"href":"https:\/\/kibrisayna.com\/index.php\/wp-json\/wp\/v2\/media?parent=28378"}],"wp:term":[{"taxonomy":"category","embeddable":true,"href":"https:\/\/kibrisayna.com\/index.php\/wp-json\/wp\/v2\/categories?post=28378"},{"taxonomy":"post_tag","embeddable":true,"href":"https:\/\/kibrisayna.com\/index.php\/wp-json\/wp\/v2\/tags?post=28378"}],"curies":[{"name":"wp","href":"https:\/\/api.w.org\/{rel}","templated":true}]}}