{"id":28377,"date":"2025-06-16T15:43:52","date_gmt":"2025-06-16T12:43:52","guid":{"rendered":"https:\/\/kibrisayna.com\/index.php\/2025\/06\/16\/gecen-hafta-22-yangin-25-ozel-servis-olayi-meydana-geldi-brtk\/"},"modified":"2025-06-16T15:43:52","modified_gmt":"2025-06-16T12:43:52","slug":"gecen-hafta-22-yangin-25-ozel-servis-olayi-meydana-geldi-brtk","status":"publish","type":"post","link":"https:\/\/kibrisayna.com\/index.php\/2025\/06\/16\/gecen-hafta-22-yangin-25-ozel-servis-olayi-meydana-geldi-brtk\/","title":{"rendered":"Ge\u00e7en hafta 22 yang\u0131n, 25 \u00f6zel servis olay\u0131 meydana geldi \u2013 BRTK"},"content":{"rendered":"<p> <br \/>\n<\/p>\n<div>\n<div class=\"mariselle-image-container none\">\n                <img loading=\"lazy\" decoding=\"async\" width=\"710\" height=\"370\" class=\"lazy-image\" alt=\"\" sizes=\"auto, (max-width: 710px) 100vw, 710px\" src=\"https:\/\/brtk.net\/wp-content\/uploads\/2025\/04\/21\/1745227284738itfaiye-mudurlugu.jpeg?ver=5aa56ebe8ae173c10afdad3fe2dd616f\" srcset=\"https:\/\/brtk.net\/wp-content\/uploads\/2025\/04\/21\/1745227284738itfaiye-mudurlugu.jpeg?ver=5aa56ebe8ae173c10afdad3fe2dd616f 710w, https:\/\/brtk.net\/wp-content\/uploads\/2025\/04\/21\/1745227284738itfaiye-mudurlugu-300x156.jpeg?ver=be7e6cdc212477feef8281157aa5ce56 300w\"\/>                            <\/div>\n<p style=\"font-weight: 300;\"><span style=\"font-weight: 300 !important;\">\u00a0KKTC\u2019de ge\u00e7en hafta 22 yang\u0131n, 25 \u00f6zel servis olay\u0131 ya\u015fand\u0131.<\/span><\/p>\n<p style=\"font-weight: 300;\"><span style=\"font-weight: 300 !important;\">\u0130tfaiye M\u00fcd\u00fcrl\u00fc\u011f\u00fc\u2019nden yap\u0131lan a\u00e7\u0131klamaya g\u00f6re, 9-15 Haziran tarihleri aras\u0131ndaki yang\u0131nlar sonucu toplam 4 Milyon 182 bin 100 TL\u2019lik zarar meydana geldi.<\/span><\/p>\n<p style=\"font-weight: 300;\"><span style=\"font-weight: 300 !important;\">Yang\u0131nlar\u0131n muhtemel sebepleri, elektrik kaynakl\u0131 k\u0131sa devre, ki\u015fi\/ler taraf\u0131ndan temizlik maksatl\u0131 yakma, sano balyalar\u0131n\u0131n fermantasyona u\u011frayarak alevlenmesi, s\u00f6nd\u00fcr\u00fclmeden at\u0131lan sigara izmaritleri, elektrik tellerinin birbirine temas edip yere d\u00fc\u015fen k\u0131v\u0131lc\u0131mlar\u0131n kuru otlar\u0131 tutu\u015fturmas\u0131, faal durumdaki ocak \u00fczerinde unutulan tava i\u00e7erisindeki ya\u011f\u0131n \u0131s\u0131n\u0131p alevlenmesi, arac\u0131n \u015fof\u00f6r koltu\u011fu \u00fczerinde unutulan \u00e7akma\u011f\u0131n g\u00fcne\u015fin etkisiyle \u0131s\u0131n\u0131p alevlenmesi olarak s\u0131raland\u0131.<\/span><\/p>\n<p style=\"font-weight: 300;\"><span style=\"font-weight: 300 !important;\">\u00d6zel servis olaylar\u0131 ise, asans\u00f6rde mahsur kalan \u015fah\u0131slar\u0131n, ara\u00e7lar\u0131n motor b\u00f6l\u00fcmlerinde, logar i\u00e7erisinde, y\u00fcksek a\u011fa\u00e7lar \u00fczerinde, apartman\u0131n sende kat\u0131nda, y\u0131\u011f\u0131n haldeki demirlerin aras\u0131nda, in\u015faat halindeki binalar\u0131n \u00fcst katlar\u0131nda mahsur kalan kedilerin, y\u00fcksek a\u011fa\u00e7 \u00fczerinde aya\u011f\u0131 s\u0131k\u0131\u015f\u0131p mahsur kalan g\u00fcvercinin ve derin kuyuya d\u00fc\u015fen o\u011fla\u011f\u0131n kurtar\u0131lmas\u0131, trafik kazas\u0131 sonucu ara\u00e7ta s\u0131k\u0131\u015fan \u015fah\u0131slar\u0131n kurtar\u0131lmas\u0131 ve hayat\u0131n\u0131 kaybeden \u015fah\u0131slar\u0131n adli soru\u015fturma ama\u00e7l\u0131 hastaneye sevkinin sa\u011flanmas\u0131 olarak bildirildi.<\/span><\/p>\n<p style=\"font-weight: 300;\"><span style=\"font-weight: 300 !important;\">Yang\u0131nlar\u0131n 6\u2019s\u0131 Girne\u2019de, 4\u2019\u00fc, Lefko\u015fa\u2019da, 3\u2019\u00fc Gazima\u011fusa\u2019da, 3\u2019\u00fc Ge\u00e7itkale\u2019de, 2\u2019si Vadili\u2019de, 2\u2019si \u0130skele\u2019de, 1\u2019i Ye\u015filk\u00f6y\u2019de, 1\u2019i G\u00fczelyurt\u2019ta \u00e7\u0131karken, \u00f6zel servis olaylar\u0131n\u0131n 8\u2019i Lefko\u015fa\u2019da, 8\u2019i Girne\u2019de, 3\u2019\u00fc \u00c7a\u011flayan\u2019da, 3\u2019\u00fc Gazima\u011fusa\u2019da, 2\u2019si \u0130skele\u2019de, 1\u2019i G\u00fczelyurt\u2019ta meydana geldi.<\/span><\/p>\n<\/p><\/div>\n<p><script async\n                    defer\n                    crossorigin=\"anonymous\"\n                    src=\"https:\/\/connect.facebook.net\/tr_TR\/sdk.js#xfbml=1&#038;version=v3.3\"\n            ><\/script><br \/>\n<br \/><br \/>\n<br \/><a href=\"https:\/\/brtk.net\/gecen-hafta-22-yangin-25-ozel-servis-olayi-meydana-geldi\/\"> <\/a><\/p>\n","protected":false},"excerpt":{"rendered":"<p>\u00a0KKTC\u2019de ge\u00e7en hafta 22 yang\u0131n, 25 \u00f6zel servis olay\u0131 ya\u015fand\u0131. \u0130tfaiye M\u00fcd\u00fcrl\u00fc\u011f\u00fc\u2019nden yap\u0131lan a\u00e7\u0131klamaya g\u00f6re, 9-15 Haziran tarihleri aras\u0131ndaki yang\u0131nlar sonucu toplam 4 Milyon 182 bin 100 TL\u2019lik zarar meydana geldi. Yang\u0131nlar\u0131n muhtemel sebepleri, elektrik kaynakl\u0131 k\u0131sa devre, ki\u015fi\/ler taraf\u0131ndan temizlik maksatl\u0131 yakma, sano balyalar\u0131n\u0131n fermantasyona u\u011frayarak alevlenmesi, s\u00f6nd\u00fcr\u00fclmeden at\u0131lan sigara izmaritleri, elektrik tellerinin birbirine [&hellip;]<\/p>\n","protected":false},"author":908,"featured_media":23078,"comment_status":"open","ping_status":"open","sticky":false,"template":"","format":"standard","meta":{"advanced_seo_description":"","jetpack_seo_html_title":"","jetpack_seo_noindex":false,"jetpack_seo_schema_type":"","_jetpack_newsletter_access":"","_jetpack_dont_email_post_to_subs":false,"_jetpack_newsletter_tier_id":0,"_jetpack_memberships_contains_paywalled_content":false,"_jetpack_feature_clip_id":0,"_jetpack_memberships_contains_paid_content":false,"footnotes":"","jetpack_publicize_message":"","jetpack_publicize_feature_enabled":true,"jetpack_social_post_already_shared":true,"jetpack_social_options":{"image_generator_settings":{"template":"highway","default_image_id":0,"font":"","enabled":false},"version":2},"jetpack_post_was_ever_published":false},"categories":[253,19],"tags":[],"class_list":["post-28377","post","type-post","status-publish","format-standard","has-post-thumbnail","hentry","category-gundem","category-manset"],"jetpack_publicize_connections":[],"jetpack_featured_media_url":"https:\/\/kibrisayna.com\/wp-content\/uploads\/2025\/04\/1745227284738itfaiye-mudurlugu.jpeg","jetpack_sharing_enabled":true,"_links":{"self":[{"href":"https:\/\/kibrisayna.com\/index.php\/wp-json\/wp\/v2\/posts\/28377","targetHints":{"allow":["GET"]}}],"collection":[{"href":"https:\/\/kibrisayna.com\/index.php\/wp-json\/wp\/v2\/posts"}],"about":[{"href":"https:\/\/kibrisayna.com\/index.php\/wp-json\/wp\/v2\/types\/post"}],"author":[{"embeddable":true,"href":"https:\/\/kibrisayna.com\/index.php\/wp-json\/wp\/v2\/users\/908"}],"replies":[{"embeddable":true,"href":"https:\/\/kibrisayna.com\/index.php\/wp-json\/wp\/v2\/comments?post=28377"}],"version-history":[{"count":0,"href":"https:\/\/kibrisayna.com\/index.php\/wp-json\/wp\/v2\/posts\/28377\/revisions"}],"wp:featuredmedia":[{"embeddable":true,"href":"https:\/\/kibrisayna.com\/index.php\/wp-json\/wp\/v2\/media\/23078"}],"wp:attachment":[{"href":"https:\/\/kibrisayna.com\/index.php\/wp-json\/wp\/v2\/media?parent=28377"}],"wp:term":[{"taxonomy":"category","embeddable":true,"href":"https:\/\/kibrisayna.com\/index.php\/wp-json\/wp\/v2\/categories?post=28377"},{"taxonomy":"post_tag","embeddable":true,"href":"https:\/\/kibrisayna.com\/index.php\/wp-json\/wp\/v2\/tags?post=28377"}],"curies":[{"name":"wp","href":"https:\/\/api.w.org\/{rel}","templated":true}]}}