{"id":28373,"date":"2025-06-16T15:35:02","date_gmt":"2025-06-16T12:35:02","guid":{"rendered":"https:\/\/kibrisayna.com\/index.php\/2025\/06\/16\/ek-mesailer-cumaya-kadar-yatirilmazsa-ek-mesaiye-kalmama-eylemi-baslatilacak-brtk\/"},"modified":"2025-06-16T15:35:02","modified_gmt":"2025-06-16T12:35:02","slug":"ek-mesailer-cumaya-kadar-yatirilmazsa-ek-mesaiye-kalmama-eylemi-baslatilacak-brtk","status":"publish","type":"post","link":"https:\/\/kibrisayna.com\/index.php\/2025\/06\/16\/ek-mesailer-cumaya-kadar-yatirilmazsa-ek-mesaiye-kalmama-eylemi-baslatilacak-brtk\/","title":{"rendered":"Ek mesailer cumaya kadar yat\u0131r\u0131lmazsa \u2018ek mesaiye kalmama\u2019 eylemi ba\u015flat\u0131lacak \u2013 BRTK"},"content":{"rendered":"<p> <br \/>\n<\/p>\n<div>\n<div class=\"mariselle-image-container none\">\n                <img loading=\"lazy\" decoding=\"async\" width=\"880\" height=\"440\" class=\"lazy-image\" alt=\"\" sizes=\"auto, (max-width: 880px) 100vw, 880px\" src=\"https:\/\/brtk.net\/wp-content\/uploads\/2025\/06\/16\/1750065047082GUVEN-BENGIHAN.jpg?ver=308959a859c7f5186d3f444ee244ec74\" srcset=\"https:\/\/brtk.net\/wp-content\/uploads\/2025\/06\/16\/1750065047082GUVEN-BENGIHAN.jpg?ver=308959a859c7f5186d3f444ee244ec74 880w, https:\/\/brtk.net\/wp-content\/uploads\/2025\/06\/16\/1750065047082GUVEN-BENGIHAN-300x150.jpg?ver=308959a859c7f5186d3f444ee244ec74 300w, https:\/\/brtk.net\/wp-content\/uploads\/2025\/06\/16\/1750065047082GUVEN-BENGIHAN-768x384.jpg?ver=308959a859c7f5186d3f444ee244ec74 768w, https:\/\/brtk.net\/wp-content\/uploads\/2025\/06\/16\/1750065047082GUVEN-BENGIHAN-720x360.jpg?ver=308959a859c7f5186d3f444ee244ec74 720w\"\/>                            <\/div>\n<p style=\"font-weight: 300;\"><span style=\"font-weight: 300 !important;\">K\u0131br\u0131s T\u00fcrk Amme Memurlar\u0131 Sendikas\u0131 (KTAMS) ile K\u0131br\u0131s \u0130\u015f\u00e7i ve Emek\u00e7i Sendikalar\u0131 Federasyonu (K\u0130EF) Ba\u015fkan\u0131 G\u00fcven Bengihan, mart ay\u0131ndan beri \u00f6denmedi\u011fini kaydetti\u011fi ek mesailerin cuma g\u00fcn\u00fc mesai bitimine kadar yat\u0131r\u0131lmamas\u0131 halinde \u201cek mesaiye kalmama\u201d eylemi ba\u015flatacaklar\u0131n\u0131 a\u00e7\u0131klad\u0131.<\/span><\/p>\n<p style=\"font-weight: 300;\">Yaz\u0131l\u0131 a\u00e7\u0131klama yapan Bengihan, ek mesai \u00f6demelerindeki gecikmelerin yasalara ayk\u0131r\u0131 oldu\u011funu belirterek h\u00fck\u00fcmeti uyard\u0131. Bengihan,\u00a0<span style=\"font-weight: 300 !important;\">Kamu G\u00f6revlileri Yasas\u0131 ve Kamu Sa\u011fl\u0131k \u00c7al\u0131\u015fanlar\u0131 Yasas\u0131\u2019n\u0131n, ek mesai \u00f6demelerinin en ge\u00e7 bir ay i\u00e7inde yap\u0131lmas\u0131n\u0131 emretti\u011fini ve ge\u00e7mi\u015fte bu konuda dava a\u00e7t\u0131klar\u0131n\u0131 da hat\u0131rlatt\u0131.<\/span><\/p>\n<p style=\"font-weight: 300;\">Bengihan, \u201cMaliye Bakanl\u0131\u011f\u0131, \u00f6demeleri ilgili yasalara ayk\u0131r\u0131 bir bi\u00e7imde 3-4 ay gecikmeyle yapmay\u0131 al\u0131\u015fkanl\u0131k haline getirmi\u015ftir\u201d ifadelerini de kulland\u0131.<\/p>\n<p>\u00a0<\/p>\n<\/p><\/div>\n<p><script async\n                    defer\n                    crossorigin=\"anonymous\"\n                    src=\"https:\/\/connect.facebook.net\/tr_TR\/sdk.js#xfbml=1&#038;version=v3.3\"\n            ><\/script><br \/>\n<br \/><br \/>\n<br \/><a href=\"https:\/\/brtk.net\/bengihan-ek-mesailer-cumaya-kadar-yatirilmazsa-ek-mesaiye-kalmama-eylemi-baslatilacak\/\">Kaynak BRT <\/a><\/p>\n","protected":false},"excerpt":{"rendered":"<p>K\u0131br\u0131s T\u00fcrk Amme Memurlar\u0131 Sendikas\u0131 (KTAMS) ile K\u0131br\u0131s \u0130\u015f\u00e7i ve Emek\u00e7i Sendikalar\u0131 Federasyonu (K\u0130EF) Ba\u015fkan\u0131 G\u00fcven Bengihan, mart ay\u0131ndan beri \u00f6denmedi\u011fini kaydetti\u011fi ek mesailerin cuma g\u00fcn\u00fc mesai bitimine kadar yat\u0131r\u0131lmamas\u0131 halinde \u201cek mesaiye kalmama\u201d eylemi ba\u015flatacaklar\u0131n\u0131 a\u00e7\u0131klad\u0131. Yaz\u0131l\u0131 a\u00e7\u0131klama yapan Bengihan, ek mesai \u00f6demelerindeki gecikmelerin yasalara ayk\u0131r\u0131 oldu\u011funu belirterek h\u00fck\u00fcmeti uyard\u0131. Bengihan,\u00a0Kamu G\u00f6revlileri Yasas\u0131 ve [&hellip;]<\/p>\n","protected":false},"author":908,"featured_media":28374,"comment_status":"open","ping_status":"open","sticky":false,"template":"","format":"standard","meta":{"advanced_seo_description":"","jetpack_seo_html_title":"","jetpack_seo_noindex":false,"jetpack_seo_schema_type":"","_jetpack_newsletter_access":"","_jetpack_dont_email_post_to_subs":false,"_jetpack_newsletter_tier_id":0,"_jetpack_memberships_contains_paywalled_content":false,"_jetpack_feature_clip_id":0,"_jetpack_memberships_contains_paid_content":false,"footnotes":"","jetpack_publicize_message":"","jetpack_publicize_feature_enabled":true,"jetpack_social_post_already_shared":true,"jetpack_social_options":{"image_generator_settings":{"template":"highway","default_image_id":0,"font":"","enabled":false},"version":2},"jetpack_post_was_ever_published":false},"categories":[253],"tags":[],"class_list":["post-28373","post","type-post","status-publish","format-standard","has-post-thumbnail","hentry","category-gundem"],"jetpack_publicize_connections":[],"jetpack_featured_media_url":"https:\/\/kibrisayna.com\/wp-content\/uploads\/2025\/06\/1750065047082GUVEN-BENGIHAN.jpg","jetpack_sharing_enabled":true,"_links":{"self":[{"href":"https:\/\/kibrisayna.com\/index.php\/wp-json\/wp\/v2\/posts\/28373","targetHints":{"allow":["GET"]}}],"collection":[{"href":"https:\/\/kibrisayna.com\/index.php\/wp-json\/wp\/v2\/posts"}],"about":[{"href":"https:\/\/kibrisayna.com\/index.php\/wp-json\/wp\/v2\/types\/post"}],"author":[{"embeddable":true,"href":"https:\/\/kibrisayna.com\/index.php\/wp-json\/wp\/v2\/users\/908"}],"replies":[{"embeddable":true,"href":"https:\/\/kibrisayna.com\/index.php\/wp-json\/wp\/v2\/comments?post=28373"}],"version-history":[{"count":0,"href":"https:\/\/kibrisayna.com\/index.php\/wp-json\/wp\/v2\/posts\/28373\/revisions"}],"wp:featuredmedia":[{"embeddable":true,"href":"https:\/\/kibrisayna.com\/index.php\/wp-json\/wp\/v2\/media\/28374"}],"wp:attachment":[{"href":"https:\/\/kibrisayna.com\/index.php\/wp-json\/wp\/v2\/media?parent=28373"}],"wp:term":[{"taxonomy":"category","embeddable":true,"href":"https:\/\/kibrisayna.com\/index.php\/wp-json\/wp\/v2\/categories?post=28373"},{"taxonomy":"post_tag","embeddable":true,"href":"https:\/\/kibrisayna.com\/index.php\/wp-json\/wp\/v2\/tags?post=28373"}],"curies":[{"name":"wp","href":"https:\/\/api.w.org\/{rel}","templated":true}]}}