{"id":28098,"date":"2025-06-13T13:52:03","date_gmt":"2025-06-13T10:52:03","guid":{"rendered":"https:\/\/kibrisayna.com\/index.php\/2025\/06\/13\/yenicamide-ali-vehid-devam-brtk\/"},"modified":"2025-06-13T13:52:03","modified_gmt":"2025-06-13T10:52:03","slug":"yenicamide-ali-vehid-devam-brtk","status":"publish","type":"post","link":"https:\/\/kibrisayna.com\/index.php\/2025\/06\/13\/yenicamide-ali-vehid-devam-brtk\/","title":{"rendered":"Yenicami\u2019de Ali Vehid devam \u2013 BRTK"},"content":{"rendered":"<p> <br \/>\n<\/p>\n<div>\n<div class=\"mariselle-image-container center\">\n                <img loading=\"lazy\" decoding=\"async\" width=\"2048\" height=\"1536\" class=\"lazy-image\" alt=\"\" sizes=\"auto, (max-width: 2048px) 100vw, 2048px\" src=\"https:\/\/brtk.net\/wp-content\/uploads\/2025\/06\/13\/3.HABER-YENICAMI.jpg?ver=85a3113c2be019d0a856e29f5aa23b32\" srcset=\"https:\/\/brtk.net\/wp-content\/uploads\/2025\/06\/13\/3.HABER-YENICAMI.jpg?ver=85a3113c2be019d0a856e29f5aa23b32 2048w, https:\/\/brtk.net\/wp-content\/uploads\/2025\/06\/13\/3.HABER-YENICAMI-300x225.jpg?ver=85a3113c2be019d0a856e29f5aa23b32 300w, https:\/\/brtk.net\/wp-content\/uploads\/2025\/06\/13\/3.HABER-YENICAMI-1024x768.jpg?ver=85a3113c2be019d0a856e29f5aa23b32 1024w, https:\/\/brtk.net\/wp-content\/uploads\/2025\/06\/13\/3.HABER-YENICAMI-768x576.jpg?ver=15cdc50d9a5211757103bc31e751f62e 768w, https:\/\/brtk.net\/wp-content\/uploads\/2025\/06\/13\/3.HABER-YENICAMI-1536x1152.jpg?ver=ec6913a82ac75a06aa5ffb1d9461b054 1536w\"\/>                            <\/div>\n<p>S\u00fcper Lig ekiplerinden Yenicami\u2019de yap\u0131lan ola\u011fan genel kurulda Ali Vehid yeniden ba\u015fkanl\u0131\u011fa getirildi.<br \/>Ola\u011fan Genel Kurul\u2019 da mevcut ba\u015fkan Ali Vehid, \u00fcyelerin oy birli\u011fiyle yeniden ba\u015fkanl\u0131\u011fa se\u00e7ildi. Kul\u00fcp binas\u0131nda ger\u00e7ekle\u015fen genel kurulda, yeni y\u00f6netim kurulu da belirlendi.<\/p>\n<\/p><\/div>\n<p><script async\n                    defer\n                    crossorigin=\"anonymous\"\n                    src=\"https:\/\/connect.facebook.net\/tr_TR\/sdk.js#xfbml=1&#038;version=v3.3\"\n            ><\/script><br \/>\n<br \/><br \/>\n<br \/><a href=\"https:\/\/brtk.net\/yenicamide-ali-vehid-devam\/\">Kaynak BRT <\/a><\/p>\n","protected":false},"excerpt":{"rendered":"<p>S\u00fcper Lig ekiplerinden Yenicami\u2019de yap\u0131lan ola\u011fan genel kurulda Ali Vehid yeniden ba\u015fkanl\u0131\u011fa getirildi.Ola\u011fan Genel Kurul\u2019 da mevcut ba\u015fkan Ali Vehid, \u00fcyelerin oy birli\u011fiyle yeniden ba\u015fkanl\u0131\u011fa se\u00e7ildi. Kul\u00fcp binas\u0131nda ger\u00e7ekle\u015fen genel kurulda, yeni y\u00f6netim kurulu da belirlendi. Kaynak BRT<\/p>\n","protected":false},"author":908,"featured_media":28099,"comment_status":"open","ping_status":"open","sticky":false,"template":"","format":"standard","meta":{"advanced_seo_description":"","jetpack_seo_html_title":"","jetpack_seo_noindex":false,"jetpack_seo_schema_type":"","_jetpack_newsletter_access":"","_jetpack_dont_email_post_to_subs":false,"_jetpack_newsletter_tier_id":0,"_jetpack_memberships_contains_paywalled_content":false,"_jetpack_feature_clip_id":0,"_jetpack_memberships_contains_paid_content":false,"footnotes":"","jetpack_publicize_message":"","jetpack_publicize_feature_enabled":true,"jetpack_social_post_already_shared":true,"jetpack_social_options":{"image_generator_settings":{"template":"highway","default_image_id":0,"font":"","enabled":false},"version":2},"jetpack_post_was_ever_published":false},"categories":[9],"tags":[],"class_list":["post-28098","post","type-post","status-publish","format-standard","has-post-thumbnail","hentry","category-spor"],"jetpack_publicize_connections":[],"jetpack_featured_media_url":"https:\/\/kibrisayna.com\/wp-content\/uploads\/2025\/06\/3.HABER-YENICAMI.jpg","jetpack_sharing_enabled":true,"_links":{"self":[{"href":"https:\/\/kibrisayna.com\/index.php\/wp-json\/wp\/v2\/posts\/28098","targetHints":{"allow":["GET"]}}],"collection":[{"href":"https:\/\/kibrisayna.com\/index.php\/wp-json\/wp\/v2\/posts"}],"about":[{"href":"https:\/\/kibrisayna.com\/index.php\/wp-json\/wp\/v2\/types\/post"}],"author":[{"embeddable":true,"href":"https:\/\/kibrisayna.com\/index.php\/wp-json\/wp\/v2\/users\/908"}],"replies":[{"embeddable":true,"href":"https:\/\/kibrisayna.com\/index.php\/wp-json\/wp\/v2\/comments?post=28098"}],"version-history":[{"count":0,"href":"https:\/\/kibrisayna.com\/index.php\/wp-json\/wp\/v2\/posts\/28098\/revisions"}],"wp:featuredmedia":[{"embeddable":true,"href":"https:\/\/kibrisayna.com\/index.php\/wp-json\/wp\/v2\/media\/28099"}],"wp:attachment":[{"href":"https:\/\/kibrisayna.com\/index.php\/wp-json\/wp\/v2\/media?parent=28098"}],"wp:term":[{"taxonomy":"category","embeddable":true,"href":"https:\/\/kibrisayna.com\/index.php\/wp-json\/wp\/v2\/categories?post=28098"},{"taxonomy":"post_tag","embeddable":true,"href":"https:\/\/kibrisayna.com\/index.php\/wp-json\/wp\/v2\/tags?post=28098"}],"curies":[{"name":"wp","href":"https:\/\/api.w.org\/{rel}","templated":true}]}}