{"id":27144,"date":"2025-06-01T18:50:53","date_gmt":"2025-06-01T15:50:53","guid":{"rendered":"https:\/\/kibrisayna.com\/index.php\/2025\/06\/01\/1-haziran-dunya-cocuk-gunu-ulkemizde-cesitli-etkinliklerle-kutlaniyor-brtk\/"},"modified":"2025-06-01T18:50:53","modified_gmt":"2025-06-01T15:50:53","slug":"1-haziran-dunya-cocuk-gunu-ulkemizde-cesitli-etkinliklerle-kutlaniyor-brtk","status":"publish","type":"post","link":"https:\/\/kibrisayna.com\/index.php\/2025\/06\/01\/1-haziran-dunya-cocuk-gunu-ulkemizde-cesitli-etkinliklerle-kutlaniyor-brtk\/","title":{"rendered":"1 Haziran D\u00fcnya \u00c7ocuk G\u00fcn\u00fc, \u00fclkemizde \u00e7e\u015fitli etkinliklerle kutlan\u0131yor \u2013 BRTK"},"content":{"rendered":"<p> <br \/>\n<\/p>\n<div>\n<div class=\"mariselle-image-container center\">\n                <img loading=\"lazy\" decoding=\"async\" width=\"2000\" height=\"1126\" class=\"lazy-image\" alt=\"\" sizes=\"auto, (max-width: 2000px) 100vw, 2000px\" src=\"https:\/\/brtk.net\/wp-content\/uploads\/2025\/06\/01\/yen1.jpg?ver=98d93a2bf3cea645c56d1acd27b8ba9f\" srcset=\"https:\/\/brtk.net\/wp-content\/uploads\/2025\/06\/01\/yen1.jpg?ver=98d93a2bf3cea645c56d1acd27b8ba9f 2000w, https:\/\/brtk.net\/wp-content\/uploads\/2025\/06\/01\/yen1-300x169.jpg?ver=98d93a2bf3cea645c56d1acd27b8ba9f 300w, https:\/\/brtk.net\/wp-content\/uploads\/2025\/06\/01\/yen1-1024x577.jpg?ver=d1e01acbc6622a1d686d1068a89cd82d 1024w, https:\/\/brtk.net\/wp-content\/uploads\/2025\/06\/01\/yen1-768x432.jpg?ver=d1e01acbc6622a1d686d1068a89cd82d 768w, https:\/\/brtk.net\/wp-content\/uploads\/2025\/06\/01\/yen1-1536x865.jpg?ver=232cf6d2f400546c3fc699fb73c90118 1536w\"\/>                            <\/div>\n<p>1 Haziran D\u00fcnya \u00c7ocuk G\u00fcn\u00fc, \u00fclkemizde de \u00e7e\u015fitli etkinliklerle kutlan\u0131yor.<\/p>\n<p>Ba\u015fbakan Yard\u0131mc\u0131l\u0131\u011f\u0131, Turizm, K\u00fclt\u00fcr, Gen\u00e7lik ve \u00c7evre Bakanl\u0131\u011f\u0131\u2019na ba\u011fl\u0131 K\u00fclt\u00fcr Dairesi, g\u00fcn dolay\u0131s\u0131yla Kumarc\u0131lar Han\u0131\u2019nda etkinlik d\u00fczenlendi.<\/p>\n<p>Lefko\u015fa T\u00fcrk Belediyesi i\u015f birli\u011fiyle, Toplum G\u00f6n\u00fcll\u00fcleri Yard\u0131mla\u015fma Derne\u011fi ve Lefko\u015fa Folklor Derne\u011fi\u2019nin katk\u0131lar\u0131yla yap\u0131lan etkinli\u011fe kat\u0131lan Cumhurba\u015fkan\u0131 Ersin Tatar, yapt\u0131\u011f\u0131 konu\u015fmada, \u201cDile\u011fimiz ve temennimiz \u00e7ocuklar\u0131m\u0131z\u0131n mutlu bir \u015fekilde, e\u011fitim g\u00f6rmeleri ve kendi k\u00fclt\u00fcr\u00fcm\u00fcze, geleneklerimize ve milli manevi de\u011ferlerimize yeti\u015fmeleridir\u201d dedi.<\/p>\n<p> Lefko\u015fa T\u00fcrk Belediyesi Ba\u015fkan\u0131 Mehmet Harmanc\u0131 ise, g\u00fcn\u00fcn anlam\u0131n\u0131n \u00e7ocuklar oldu\u011funu belirterek, \u201c\u00c7ocuklara borcumuz, daha g\u00fczel bir \u00fclke, daha g\u00fczel bir \u015fehir ve daha g\u00fczel yar\u0131nlar b\u0131rakmak. Hayat\u0131 e\u015fit k\u0131labilmek i\u00e7in her g\u00fcn\u00fcm\u00fcz \u00e7ocuklar ad\u0131na \u00e7al\u0131\u015fmakla ge\u00e7ecek\u201d dedi.<\/p>\n<p>K\u00fclt\u00fcr Dairesi M\u00fcd\u00fcr\u00fc \u015eirin Zaima\u011fao\u011flu da, \u201cBir birimizin k\u0131ymetini ve de\u011ferini bilelim, payla\u015ft\u0131k\u00e7a \u00e7o\u011fal\u0131r\u0131z. Sevgi ile bir birimizin elini tutup, sayg\u0131yla ve ho\u015fg\u00f6r\u00fcyle bir birimizin g\u00f6z\u00fcn\u00fcn i\u00e7ine bakal\u0131m\u201d dedi.<\/p>\n<p>\u00c7e\u015fitli g\u00f6steri ve aktiviteler yer ald\u0131\u011f\u0131 etkinlikte, K\u0131br\u0131s \u015fark\u0131lar\u0131 seslendirildi ve halk danslar\u0131 g\u00f6sterisi yap\u0131ld\u0131.<\/p>\n<p>Etkinlikte ayr\u0131ca, Bakanl\u0131\u011fa ba\u011fl\u0131 Otelcilik E\u011fitim Merkezi\u2019nde barista e\u011fitimini tamamlayan ve \u201cYeni D\u00fcnya +1 Kafe\u201dde \u00e7al\u0131\u015fan \u00f6zel gereksinimli bireyler kahve servisi yapt\u0131.<\/p>\n<div class=\"mariselle-image-container center\">\n                <img loading=\"lazy\" decoding=\"async\" width=\"2000\" height=\"1126\" class=\"lazy-image\" alt=\"\" sizes=\"auto, (max-width: 2000px) 100vw, 2000px\" src=\"https:\/\/brtk.net\/wp-content\/uploads\/2025\/06\/01\/yen2.jpg?ver=8aa41412517837b2cab75ca61927ac8b\" srcset=\"https:\/\/brtk.net\/wp-content\/uploads\/2025\/06\/01\/yen2.jpg?ver=8aa41412517837b2cab75ca61927ac8b 2000w, https:\/\/brtk.net\/wp-content\/uploads\/2025\/06\/01\/yen2-300x169.jpg?ver=8aa41412517837b2cab75ca61927ac8b 300w, https:\/\/brtk.net\/wp-content\/uploads\/2025\/06\/01\/yen2-1024x577.jpg?ver=4bb49f35314e8efbacd531f57ffe6d03 1024w, https:\/\/brtk.net\/wp-content\/uploads\/2025\/06\/01\/yen2-768x432.jpg?ver=4bb49f35314e8efbacd531f57ffe6d03 768w, https:\/\/brtk.net\/wp-content\/uploads\/2025\/06\/01\/yen2-1536x865.jpg?ver=fbc8df6cd9df7281873251bf2af9a566 1536w\"\/>                            <\/div>\n<p>\nYenibo\u011fazi\u00e7i\u2019nde de D\u00fcnya \u00c7ocuk G\u00fcn\u00fc \u015eenli\u011fi yap\u0131ld\u0131.<\/p>\n<p>Yenibo\u011fazi\u00e7i Belediyesi\u2019nin organize etti\u011fi \u015fenlik, 2\u2019nci Selim Park Kompleksi\u2019nde ger\u00e7ekle\u015ftirildi.<br \/>Y\u00f6resel lezzetlerin ve el sanatlar\u0131n\u0131n sunuldu\u011fu Cittaslow K\u00f6y Pazar\u0131 ile hediyelik e\u015fya stantlar\u0131 da \u015fenlik boyunca ziyaret\u00e7ilere hizmet verdi.<\/p>\n<p>CTP Kad\u0131n \u00d6rg\u00fct\u00fc de Lefko\u015fa K\u0131z\u0131lba\u015f Park\u0131\u2019nda etkinlik d\u00fczenliyor..<br \/>\u201c\u00c7ocuklar konu\u015fursa, d\u00fcnya g\u00fczelle\u015fir\u201d slogan\u0131yla d\u00fczenlenen etkinlik saat 21.00\u2019e kadar s\u00fcrecek.<\/p>\n<p>D\u00fcnya \u00c7ocuk G\u00fcn\u00fc kapsam\u0131nda, 3\u2019\u00fcnc\u00fc D\u00fcnya \u00c7ocuk G\u00fcn\u00fc Sergisi de yar\u0131n saat 18.00\u2019de Lefko\u015fa Atat\u00fcrk K\u00fclt\u00fcr Merkezi\u2019nde a\u00e7\u0131lacak. <\/p>\n<p>120 resmin sergilenece\u011fi \u201cDo\u011fan\u0131n B\u00fcy\u00fcs\u00fc\u201d temal\u0131 sergide, dereceye giren 20 \u00e7ocu\u011fa \u00f6d\u00fclleri ve kat\u0131l\u0131m belgeleri de verilecek.<\/p>\n<p>Sergi, Mevhibe Mustafa Ba\u015fkan Vakf\u0131 ile Bayrak Radyo Televizyon Kurumu i\u015f birli\u011finde, K\u00fclt\u00fcr Dairesi katk\u0131s\u0131yla ve Ayhatun Ate\u015fin koordinat\u00f6rl\u00fc\u011f\u00fcnde d\u00fczenleniyor. <\/p>\n<p><iframe loading=\"lazy\" title=\"1 Haziran D\u00fcnya \u00c7ocuk G\u00fcn\u00fc, \u00fclkemizde \u00e7e\u015fitli etkinliklerle kutlan\u0131yor\" width=\"779\" height=\"438\" src=\"https:\/\/www.youtube.com\/embed\/g-U92nPqQOk?feature=oembed\" frameborder=\"0\" allow=\"accelerometer; autoplay; clipboard-write; encrypted-media; gyroscope; picture-in-picture; web-share\" referrerpolicy=\"strict-origin-when-cross-origin\" allowfullscreen><\/iframe><\/p>\n<\/p><\/div>\n<p><script async\n                    defer\n                    crossorigin=\"anonymous\"\n                    src=\"https:\/\/connect.facebook.net\/tr_TR\/sdk.js#xfbml=1&#038;version=v3.3\"\n            ><\/script><br \/>\n<br \/><br \/>\n<br \/><a href=\"https:\/\/brtk.net\/1-haziran-dunya-cocuk-gunu-ulkemizde-cesitli-etkinliklerle-kutlaniyor\/\">Kaynak BRT <\/a><\/p>\n","protected":false},"excerpt":{"rendered":"<p>1 Haziran D\u00fcnya \u00c7ocuk G\u00fcn\u00fc, \u00fclkemizde de \u00e7e\u015fitli etkinliklerle kutlan\u0131yor. Ba\u015fbakan Yard\u0131mc\u0131l\u0131\u011f\u0131, Turizm, K\u00fclt\u00fcr, Gen\u00e7lik ve \u00c7evre Bakanl\u0131\u011f\u0131\u2019na ba\u011fl\u0131 K\u00fclt\u00fcr Dairesi, g\u00fcn dolay\u0131s\u0131yla Kumarc\u0131lar Han\u0131\u2019nda etkinlik d\u00fczenlendi. Lefko\u015fa T\u00fcrk Belediyesi i\u015f birli\u011fiyle, Toplum G\u00f6n\u00fcll\u00fcleri Yard\u0131mla\u015fma Derne\u011fi ve Lefko\u015fa Folklor Derne\u011fi\u2019nin katk\u0131lar\u0131yla yap\u0131lan etkinli\u011fe kat\u0131lan Cumhurba\u015fkan\u0131 Ersin Tatar, yapt\u0131\u011f\u0131 konu\u015fmada, \u201cDile\u011fimiz ve temennimiz \u00e7ocuklar\u0131m\u0131z\u0131n mutlu bir [&hellip;]<\/p>\n","protected":false},"author":908,"featured_media":27145,"comment_status":"open","ping_status":"open","sticky":false,"template":"","format":"standard","meta":{"advanced_seo_description":"","jetpack_seo_html_title":"","jetpack_seo_noindex":false,"jetpack_seo_schema_type":"","_jetpack_newsletter_access":"","_jetpack_dont_email_post_to_subs":false,"_jetpack_newsletter_tier_id":0,"_jetpack_memberships_contains_paywalled_content":false,"_jetpack_feature_clip_id":0,"_jetpack_memberships_contains_paid_content":false,"footnotes":"","jetpack_publicize_message":"","jetpack_publicize_feature_enabled":true,"jetpack_social_post_already_shared":true,"jetpack_social_options":{"image_generator_settings":{"template":"highway","default_image_id":0,"font":"","enabled":false},"version":2},"jetpack_post_was_ever_published":false},"categories":[253],"tags":[],"class_list":["post-27144","post","type-post","status-publish","format-standard","has-post-thumbnail","hentry","category-gundem"],"jetpack_publicize_connections":[],"jetpack_featured_media_url":"https:\/\/kibrisayna.com\/wp-content\/uploads\/2025\/06\/yen1.jpg","jetpack_sharing_enabled":true,"_links":{"self":[{"href":"https:\/\/kibrisayna.com\/index.php\/wp-json\/wp\/v2\/posts\/27144","targetHints":{"allow":["GET"]}}],"collection":[{"href":"https:\/\/kibrisayna.com\/index.php\/wp-json\/wp\/v2\/posts"}],"about":[{"href":"https:\/\/kibrisayna.com\/index.php\/wp-json\/wp\/v2\/types\/post"}],"author":[{"embeddable":true,"href":"https:\/\/kibrisayna.com\/index.php\/wp-json\/wp\/v2\/users\/908"}],"replies":[{"embeddable":true,"href":"https:\/\/kibrisayna.com\/index.php\/wp-json\/wp\/v2\/comments?post=27144"}],"version-history":[{"count":0,"href":"https:\/\/kibrisayna.com\/index.php\/wp-json\/wp\/v2\/posts\/27144\/revisions"}],"wp:featuredmedia":[{"embeddable":true,"href":"https:\/\/kibrisayna.com\/index.php\/wp-json\/wp\/v2\/media\/27145"}],"wp:attachment":[{"href":"https:\/\/kibrisayna.com\/index.php\/wp-json\/wp\/v2\/media?parent=27144"}],"wp:term":[{"taxonomy":"category","embeddable":true,"href":"https:\/\/kibrisayna.com\/index.php\/wp-json\/wp\/v2\/categories?post=27144"},{"taxonomy":"post_tag","embeddable":true,"href":"https:\/\/kibrisayna.com\/index.php\/wp-json\/wp\/v2\/tags?post=27144"}],"curies":[{"name":"wp","href":"https:\/\/api.w.org\/{rel}","templated":true}]}}