{"id":27033,"date":"2025-05-30T18:48:58","date_gmt":"2025-05-30T15:48:58","guid":{"rendered":"https:\/\/kibrisayna.com\/index.php\/2025\/05\/30\/3uncu-polis-halk-kosusu-pazar-gunu-lefkosada-yapilacak-bazi-guzergahlar-trafige-kapatilacak-brtk\/"},"modified":"2025-05-30T18:48:58","modified_gmt":"2025-05-30T15:48:58","slug":"3uncu-polis-halk-kosusu-pazar-gunu-lefkosada-yapilacak-bazi-guzergahlar-trafige-kapatilacak-brtk","status":"publish","type":"post","link":"https:\/\/kibrisayna.com\/index.php\/2025\/05\/30\/3uncu-polis-halk-kosusu-pazar-gunu-lefkosada-yapilacak-bazi-guzergahlar-trafige-kapatilacak-brtk\/","title":{"rendered":"\u201c3\u2019\u00fcnc\u00fc Polis-Halk Ko\u015fusu\u201d pazar g\u00fcn\u00fc Lefko\u015fa\u2019da yap\u0131lacak\u2026 Baz\u0131 g\u00fczergahlar trafi\u011fe kapat\u0131lacak \u2013 BRTK"},"content":{"rendered":"<p> <br \/>\n<\/p>\n<div>\n<div class=\"mariselle-image-container center\">\n                <img loading=\"lazy\" decoding=\"async\" width=\"1280\" height=\"720\" class=\"lazy-image\" alt=\"\" sizes=\"auto, (max-width: 1280px) 100vw, 1280px\" src=\"https:\/\/brtk.net\/wp-content\/uploads\/2025\/05\/30\/lll.webp?ver=ee1cc55641b87617eaacff7d6f390e64\" srcset=\"https:\/\/brtk.net\/wp-content\/uploads\/2025\/05\/30\/lll.webp?ver=ee1cc55641b87617eaacff7d6f390e64 1280w, https:\/\/brtk.net\/wp-content\/uploads\/2025\/05\/30\/lll-300x169.webp?ver=ee1cc55641b87617eaacff7d6f390e64 300w, https:\/\/brtk.net\/wp-content\/uploads\/2025\/05\/30\/lll-1024x576.webp?ver=ee1cc55641b87617eaacff7d6f390e64 1024w, https:\/\/brtk.net\/wp-content\/uploads\/2025\/05\/30\/lll-768x432.webp?ver=ee1cc55641b87617eaacff7d6f390e64 768w\"\/>                            <\/div>\n<p>Polis \u00d6rg\u00fct\u00fc\u2019n\u00fcn 61\u2019inci kurulu\u015f y\u0131ld\u00f6n\u00fcm\u00fc kutlama etkinlikleri kapsam\u0131nda, 1 Haziran Pazar g\u00fcn\u00fc Lefko\u015fa\u2019da \u201c3\u2019\u00fcnc\u00fc Polis-Halk Ko\u015fusu\u201d d\u00fczenleniyor.<\/p>\n<p>PGM\u2019den yap\u0131lan a\u00e7\u0131klamaya g\u00f6re, ko\u015fu saat 07.00\u2019de Polis Genel M\u00fcd\u00fcrl\u00fc\u011f\u00fc Protokol Giri\u015fi\u2019nde ba\u015flayacak, Lefko\u015fa \u015eehir \u0130\u00e7i g\u00fczergah\u0131nda 6 ve 12 kilometre olmak \u00fczere iki ayr\u0131 mesafede ko\u015fulacak.<\/p>\n<p>Ko\u015fu kapsam\u0131nda baz\u0131 g\u00fczergahlar, 06.30-09.00 saatleri aras\u0131nda ara\u00e7 trafi\u011fine tamamen kapat\u0131lacak, ula\u015f\u0131m ise alternatif yollardan sa\u011flanacak.<\/p>\n<p>A\u00e7\u0131klamada, ko\u015fu devam etti\u011fi s\u00fcrece, bahse konu yol g\u00fczergah\u0131n\u0131 kullanacak olan s\u00fcr\u00fcc\u00fclerin kendileri ile sporcular\u0131n can ve mal g\u00fcvenlikleri a\u00e7\u0131s\u0131ndan yava\u015f ve dikkatli seyretmeleri, ayr\u0131ca trafik i\u015faret ve i\u015faret\u00e7ilerine uymalar\u0131 istendi.<\/p>\n<p>\u2013 Ko\u015fu g\u00fczergah\u0131n\u0131n detaylar\u0131<\/p>\n<p>3\u2019\u00fcnc\u00fc Polis-Halk Ko\u015fusu\u2019nun g\u00fczergah detaylar\u0131 ise \u015f\u00f6yle:<\/p>\n<p>\u201c6 ve 12 kilometre yar\u0131\u015flar\u0131; Polis Genel M\u00fcd\u00fcrl\u00fc\u011f\u00fc Protokol Giri\u015fi\u2019nde, \u015eehit Mustafa Hac\u0131 Yusuf Sokak\u2019ta saat 07.00\u2019de ba\u015flay\u0131p, sola Okullar Yolu Soka\u011fa d\u00f6n\u00fclerek Kermeo\u011flu Kasap kav\u015fa\u011f\u0131na do\u011fru ko\u015fulacak. Bu kav\u015faktan \u201cU\u201d d\u00f6n\u00fc\u015f\u00fc yap\u0131l\u0131p geri d\u00f6n\u00fclecek ve Muhtar Yusuf Galeria kav\u015fa\u011f\u0131na do\u011fru ko\u015fularak \u015eehit Mustafa Ahmet Ruso Caddesine \u00e7\u0131k\u0131l\u0131p kuzey istikametine do\u011fru devam edilecek. \u00c7angar \u00c7emberi\u2019nden sola d\u00f6n\u00fcl\u00fcp Haydar Aliyev Caddesi-Meltem Sokak-Domuzcular Burnu \u00c7emberi \u00fczerinden K\u0131z\u0131lba\u015f \u00c7emberine gelinecek. \u00c7emberden sola ko\u015fulup \u015eehit Ecvet Yusuf Caddesi\u2019nden ge\u00e7ilerek Yeni\u015fehir Trafik I\u015f\u0131klar\u0131\u2019na gelinecek. Trafik \u0131\u015f\u0131klar\u0131ndan sola Atat\u00fcrk Caddesi\u2019ne d\u00f6n\u00fclecek ve cadde \u00fczerinde bulunan B1 Marketten sola Polis Genel M\u00fcd\u00fcrl\u00fc\u011f\u00fc binas\u0131n\u0131n oldu\u011fu \u015eehit Mustafa Hac\u0131 Yusuf Soka\u011fa d\u00f6n\u00fclecek ve ba\u015flang\u0131\u00e7 yerinde 6 kilometrelik yar\u0131\u015f bitecek. 12 kilometre ko\u015facak olan sporcular, ayn\u0131 g\u00fczergah\u0131 bir defa daha ko\u015fup 12 kilometreyi tamamlayacak\u201d<\/p>\n<\/p><\/div>\n<p><script async\n                    defer\n                    crossorigin=\"anonymous\"\n                    src=\"https:\/\/connect.facebook.net\/tr_TR\/sdk.js#xfbml=1&#038;version=v3.3\"\n            ><\/script><br \/>\n<br \/><br \/>\n<br \/><a href=\"https:\/\/brtk.net\/3uncu-polis-halk-kosusu-pazar-gunu-lefkosada-yapilacak-bazi-guzergahlar-trafige-kapatilacak\/\">Kaynak BRT <\/a><\/p>\n","protected":false},"excerpt":{"rendered":"<p>Polis \u00d6rg\u00fct\u00fc\u2019n\u00fcn 61\u2019inci kurulu\u015f y\u0131ld\u00f6n\u00fcm\u00fc kutlama etkinlikleri kapsam\u0131nda, 1 Haziran Pazar g\u00fcn\u00fc Lefko\u015fa\u2019da \u201c3\u2019\u00fcnc\u00fc Polis-Halk Ko\u015fusu\u201d d\u00fczenleniyor. PGM\u2019den yap\u0131lan a\u00e7\u0131klamaya g\u00f6re, ko\u015fu saat 07.00\u2019de Polis Genel M\u00fcd\u00fcrl\u00fc\u011f\u00fc Protokol Giri\u015fi\u2019nde ba\u015flayacak, Lefko\u015fa \u015eehir \u0130\u00e7i g\u00fczergah\u0131nda 6 ve 12 kilometre olmak \u00fczere iki ayr\u0131 mesafede ko\u015fulacak. Ko\u015fu kapsam\u0131nda baz\u0131 g\u00fczergahlar, 06.30-09.00 saatleri aras\u0131nda ara\u00e7 trafi\u011fine tamamen kapat\u0131lacak, [&hellip;]<\/p>\n","protected":false},"author":908,"featured_media":27034,"comment_status":"open","ping_status":"open","sticky":false,"template":"","format":"standard","meta":{"advanced_seo_description":"","jetpack_seo_html_title":"","jetpack_seo_noindex":false,"jetpack_seo_schema_type":"","_jetpack_newsletter_access":"","_jetpack_dont_email_post_to_subs":false,"_jetpack_newsletter_tier_id":0,"_jetpack_memberships_contains_paywalled_content":false,"_jetpack_feature_clip_id":0,"_jetpack_memberships_contains_paid_content":false,"footnotes":"","jetpack_publicize_message":"","jetpack_publicize_feature_enabled":true,"jetpack_social_post_already_shared":true,"jetpack_social_options":{"image_generator_settings":{"template":"highway","default_image_id":0,"font":"","enabled":false},"version":2},"jetpack_post_was_ever_published":false},"categories":[9],"tags":[],"class_list":["post-27033","post","type-post","status-publish","format-standard","has-post-thumbnail","hentry","category-spor"],"jetpack_publicize_connections":[],"jetpack_featured_media_url":"https:\/\/kibrisayna.com\/wp-content\/uploads\/2025\/05\/lll.webp","jetpack_sharing_enabled":true,"_links":{"self":[{"href":"https:\/\/kibrisayna.com\/index.php\/wp-json\/wp\/v2\/posts\/27033","targetHints":{"allow":["GET"]}}],"collection":[{"href":"https:\/\/kibrisayna.com\/index.php\/wp-json\/wp\/v2\/posts"}],"about":[{"href":"https:\/\/kibrisayna.com\/index.php\/wp-json\/wp\/v2\/types\/post"}],"author":[{"embeddable":true,"href":"https:\/\/kibrisayna.com\/index.php\/wp-json\/wp\/v2\/users\/908"}],"replies":[{"embeddable":true,"href":"https:\/\/kibrisayna.com\/index.php\/wp-json\/wp\/v2\/comments?post=27033"}],"version-history":[{"count":0,"href":"https:\/\/kibrisayna.com\/index.php\/wp-json\/wp\/v2\/posts\/27033\/revisions"}],"wp:featuredmedia":[{"embeddable":true,"href":"https:\/\/kibrisayna.com\/index.php\/wp-json\/wp\/v2\/media\/27034"}],"wp:attachment":[{"href":"https:\/\/kibrisayna.com\/index.php\/wp-json\/wp\/v2\/media?parent=27033"}],"wp:term":[{"taxonomy":"category","embeddable":true,"href":"https:\/\/kibrisayna.com\/index.php\/wp-json\/wp\/v2\/categories?post=27033"},{"taxonomy":"post_tag","embeddable":true,"href":"https:\/\/kibrisayna.com\/index.php\/wp-json\/wp\/v2\/tags?post=27033"}],"curies":[{"name":"wp","href":"https:\/\/api.w.org\/{rel}","templated":true}]}}