{"id":26983,"date":"2025-05-30T12:59:27","date_gmt":"2025-05-30T09:59:27","guid":{"rendered":"https:\/\/kibrisayna.com\/index.php\/2025\/05\/30\/ktff-kktfad-antrenor-gelisim-semineri-brtk\/"},"modified":"2025-05-30T12:59:27","modified_gmt":"2025-05-30T09:59:27","slug":"ktff-kktfad-antrenor-gelisim-semineri-brtk","status":"publish","type":"post","link":"https:\/\/kibrisayna.com\/index.php\/2025\/05\/30\/ktff-kktfad-antrenor-gelisim-semineri-brtk\/","title":{"rendered":"KTFF-KKTFAD Antren\u00f6r Geli\u015fim Semineri \u2013 BRTK"},"content":{"rendered":"<p> <br \/>\n<\/p>\n<div>\n<div class=\"mariselle-image-container center\">\n                <img loading=\"lazy\" decoding=\"async\" width=\"1337\" height=\"815\" class=\"lazy-image\" alt=\"\" sizes=\"auto, (max-width: 1337px) 100vw, 1337px\" src=\"https:\/\/brtk.net\/wp-content\/uploads\/2025\/05\/30\/ANTRENOR.jpg?ver=dfdf39bcd6483ebcf8b3d3deefdaf53f\" srcset=\"https:\/\/brtk.net\/wp-content\/uploads\/2025\/05\/30\/ANTRENOR.jpg?ver=dfdf39bcd6483ebcf8b3d3deefdaf53f 1337w, https:\/\/brtk.net\/wp-content\/uploads\/2025\/05\/30\/ANTRENOR-300x183.jpg?ver=dfdf39bcd6483ebcf8b3d3deefdaf53f 300w, https:\/\/brtk.net\/wp-content\/uploads\/2025\/05\/30\/ANTRENOR-1024x624.jpg?ver=dfdf39bcd6483ebcf8b3d3deefdaf53f 1024w, https:\/\/brtk.net\/wp-content\/uploads\/2025\/05\/30\/ANTRENOR-768x468.jpg?ver=dfdf39bcd6483ebcf8b3d3deefdaf53f 768w\"\/>                            <\/div>\n<p>K\u0131br\u0131s T\u00fcrk Futbol Federasyonu-Kuzey K\u0131br\u0131s T\u00fcrk Futbol Antren\u00f6rleri Derne\u011fi i\u015f birli\u011finde d\u00fczenlenen geleneksel \u201cGeli\u015fim Semineri\u201d 2-4 Haziran tarihleri aras\u0131nda yap\u0131lacak.<br \/>Gazima\u011fusa Salamis Bay Conti Resort Hotel\u2019de \u201cTamer Zeden Antren\u00f6r Geli\u015fim Semineri\u201d ad\u0131yla ger\u00e7ekle\u015ftirilecek seminer; teknik direkt\u00f6r, A, B, C lisans ve kaleci antren\u00f6rlerine y\u00f6nelik d\u00fczenleniyor.<br \/>Bu y\u0131lki \u201cGeli\u015fim Semineri\u201d i\u00e7in; UEFA Pro Lisansl\u0131 Teknik Direkt\u00f6rler Y\u0131lmaz Vural, Abdullah Avc\u0131, B\u00fclent Uygun yan\u0131 s\u0131ra UEFA TUTOR Teknik Direkt\u00f6r\u00fc Kaz\u0131m Hakan Y\u0131lmaz, Teknik Direkt\u00f6r \u00d6nder Karaveli, Kaleci Antren\u00f6r\u00fc ve E\u011fitmen Yal\u00e7\u0131n \u0130nan, Prof. Dr. Erkut Konter, Prof. Dr. Bilal Utku Alemdaro\u011flu ve Dr. Erden Or da \u00fclkede olacak.<br \/>Organizasyona, T\u00fcrkiye Futbol Antren\u00f6rler Derne\u011fi Ba\u015fkan\u0131 \u0130smail Dilber de geliyor.<br \/>Ge\u00e7ti\u011fimiz y\u0131l d\u00fczenlenen seminere kat\u0131lmayan, sezonda y\u00f6netici olarak sahada g\u00f6rev alan antren\u00f6rler 1 y\u0131l ceza ald\u0131klar\u0131ndan dolay\u0131 bu seminere kat\u0131l\u0131m g\u00f6steremeyecek.<br \/>Di\u011fer yandan, teknik direkt\u00f6r, A, B, C lisans, kaleci antren\u00f6r\u00fc lisans\u0131na sahip teknik adamlar\u0131n gelecek sezonda \u00e7al\u0131\u015fma izni alabilmeleri i\u00e7in bu seminere kat\u0131l\u0131mlar\u0131 zorunlu olacak.<\/p>\n<\/p><\/div>\n<p><script async\n                    defer\n                    crossorigin=\"anonymous\"\n                    src=\"https:\/\/connect.facebook.net\/tr_TR\/sdk.js#xfbml=1&#038;version=v3.3\"\n            ><\/script><br \/>\n<br \/><br \/>\n<br \/><a href=\"https:\/\/brtk.net\/ktff-kktfad-antrenor-gelisim-semineri\/\">Kaynak BRT <\/a><\/p>\n","protected":false},"excerpt":{"rendered":"<p>K\u0131br\u0131s T\u00fcrk Futbol Federasyonu-Kuzey K\u0131br\u0131s T\u00fcrk Futbol Antren\u00f6rleri Derne\u011fi i\u015f birli\u011finde d\u00fczenlenen geleneksel \u201cGeli\u015fim Semineri\u201d 2-4 Haziran tarihleri aras\u0131nda yap\u0131lacak.Gazima\u011fusa Salamis Bay Conti Resort Hotel\u2019de \u201cTamer Zeden Antren\u00f6r Geli\u015fim Semineri\u201d ad\u0131yla ger\u00e7ekle\u015ftirilecek seminer; teknik direkt\u00f6r, A, B, C lisans ve kaleci antren\u00f6rlerine y\u00f6nelik d\u00fczenleniyor.Bu y\u0131lki \u201cGeli\u015fim Semineri\u201d i\u00e7in; UEFA Pro Lisansl\u0131 Teknik Direkt\u00f6rler Y\u0131lmaz Vural, [&hellip;]<\/p>\n","protected":false},"author":908,"featured_media":26984,"comment_status":"open","ping_status":"open","sticky":false,"template":"","format":"standard","meta":{"advanced_seo_description":"","jetpack_seo_html_title":"","jetpack_seo_noindex":false,"jetpack_seo_schema_type":"","_jetpack_newsletter_access":"","_jetpack_dont_email_post_to_subs":false,"_jetpack_newsletter_tier_id":0,"_jetpack_memberships_contains_paywalled_content":false,"_jetpack_feature_clip_id":0,"_jetpack_memberships_contains_paid_content":false,"footnotes":"","jetpack_publicize_message":"","jetpack_publicize_feature_enabled":true,"jetpack_social_post_already_shared":true,"jetpack_social_options":{"image_generator_settings":{"template":"highway","default_image_id":0,"font":"","enabled":false},"version":2},"jetpack_post_was_ever_published":false},"categories":[9],"tags":[],"class_list":["post-26983","post","type-post","status-publish","format-standard","has-post-thumbnail","hentry","category-spor"],"jetpack_publicize_connections":[],"jetpack_featured_media_url":"https:\/\/kibrisayna.com\/wp-content\/uploads\/2025\/05\/ANTRENOR.jpg","jetpack_sharing_enabled":true,"_links":{"self":[{"href":"https:\/\/kibrisayna.com\/index.php\/wp-json\/wp\/v2\/posts\/26983","targetHints":{"allow":["GET"]}}],"collection":[{"href":"https:\/\/kibrisayna.com\/index.php\/wp-json\/wp\/v2\/posts"}],"about":[{"href":"https:\/\/kibrisayna.com\/index.php\/wp-json\/wp\/v2\/types\/post"}],"author":[{"embeddable":true,"href":"https:\/\/kibrisayna.com\/index.php\/wp-json\/wp\/v2\/users\/908"}],"replies":[{"embeddable":true,"href":"https:\/\/kibrisayna.com\/index.php\/wp-json\/wp\/v2\/comments?post=26983"}],"version-history":[{"count":0,"href":"https:\/\/kibrisayna.com\/index.php\/wp-json\/wp\/v2\/posts\/26983\/revisions"}],"wp:featuredmedia":[{"embeddable":true,"href":"https:\/\/kibrisayna.com\/index.php\/wp-json\/wp\/v2\/media\/26984"}],"wp:attachment":[{"href":"https:\/\/kibrisayna.com\/index.php\/wp-json\/wp\/v2\/media?parent=26983"}],"wp:term":[{"taxonomy":"category","embeddable":true,"href":"https:\/\/kibrisayna.com\/index.php\/wp-json\/wp\/v2\/categories?post=26983"},{"taxonomy":"post_tag","embeddable":true,"href":"https:\/\/kibrisayna.com\/index.php\/wp-json\/wp\/v2\/tags?post=26983"}],"curies":[{"name":"wp","href":"https:\/\/api.w.org\/{rel}","templated":true}]}}