{"id":26931,"date":"2025-05-29T15:59:37","date_gmt":"2025-05-29T12:59:37","guid":{"rendered":"https:\/\/kibrisayna.com\/index.php\/2025\/05\/29\/kktcden-sporcular-istanbulda-geleneksel-fetih-kupasina-katildi-brtk\/"},"modified":"2025-05-29T15:59:37","modified_gmt":"2025-05-29T12:59:37","slug":"kktcden-sporcular-istanbulda-geleneksel-fetih-kupasina-katildi-brtk","status":"publish","type":"post","link":"https:\/\/kibrisayna.com\/index.php\/2025\/05\/29\/kktcden-sporcular-istanbulda-geleneksel-fetih-kupasina-katildi-brtk\/","title":{"rendered":"KKTC\u2019den sporcular \u0130stanbul\u2019da geleneksel Fetih Kupas\u0131\u2019na kat\u0131ld\u0131 \u2013 BRTK"},"content":{"rendered":"<p> <br \/>\n<\/p>\n<div>\n<div class=\"mariselle-image-container center\">\n                <img loading=\"lazy\" decoding=\"async\" width=\"2560\" height=\"1440\" class=\"lazy-image\" alt=\"\" sizes=\"auto, (max-width: 2560px) 100vw, 2560px\" src=\"https:\/\/brtk.net\/wp-content\/uploads\/2025\/05\/29\/1748518428750FETIH-KUPASI4-scaled.jpg?ver=56433e9765c6ad23af689926aeac5fb9\" srcset=\"https:\/\/brtk.net\/wp-content\/uploads\/2025\/05\/29\/1748518428750FETIH-KUPASI4-scaled.jpg?ver=56433e9765c6ad23af689926aeac5fb9 2560w, https:\/\/brtk.net\/wp-content\/uploads\/2025\/05\/29\/1748518428750FETIH-KUPASI4-300x169.jpg?ver=56433e9765c6ad23af689926aeac5fb9 300w, https:\/\/brtk.net\/wp-content\/uploads\/2025\/05\/29\/1748518428750FETIH-KUPASI4-1024x576.jpg?ver=788fb08df74cd262341e3890148f5d87 1024w, https:\/\/brtk.net\/wp-content\/uploads\/2025\/05\/29\/1748518428750FETIH-KUPASI4-768x432.jpg?ver=eebd20c6c5654c6380350bd2ec0343b2 768w, https:\/\/brtk.net\/wp-content\/uploads\/2025\/05\/29\/1748518428750FETIH-KUPASI4-1536x864.jpg?ver=625a3c4f48aedf8d85c8485adf58ae6c 1536w, https:\/\/brtk.net\/wp-content\/uploads\/2025\/05\/29\/1748518428750FETIH-KUPASI4-2048x1152.jpg?ver=1258333c877ca422ec33bd2cd42962ad 2048w\"\/>                            <\/div>\n<p>Kuzey K\u0131br\u0131s T\u00fcrk Cumhuriyeti\u2019nden sporcular, TC Cumhurba\u015fkanl\u0131\u011f\u0131\u2019n\u0131n himayelerinde d\u00fczenlenen 13. Uluslararas\u0131 Fetih Kupas\u0131\u2019nda KKTC\u2019yi temsil etti. <\/p>\n<p>Geleneksel Ok\u00e7uluk E\u011fitmeni Emin Yaz\u0131c\u0131\u2019n\u0131n verdi\u011fi bilgiye g\u00f6re, KKTC\u2019li ok\u00e7ular, 43 \u00fclkeden 710 sporcunun kat\u0131ld\u0131\u011f\u0131 Fetih Kupas\u0131\u2019nda sportif performans sergiledi. <\/p>\n<p>KKTC Geleneksel Ok\u00e7uluk Komitesi ve Mutlu Yar\u0131nlar Spor Derne\u011fi\u2019nin \u00f6nc\u00fcl\u00fc\u011f\u00fcnde KKTC\u2019den se\u00e7ilen sporcular ad\u0131na Geleneksel Ok\u00e7uluk E\u011fitmeni Emin Yaz\u0131c\u0131, D\u00fcnya Etno Spor Birli\u011fi Ba\u015fkan\u0131 Necmettin Bilal Erdo\u011fan\u2019a, T\u00fcrkiye Geleneksel T\u00fcrk Ok\u00e7uluk Federasyonu Ba\u015fkan\u0131 Cengiz Toks\u00f6z\u2019e ve \u0130stanbul Ok\u00e7ular Vakf\u0131 Ba\u015fkan\u0131 H\u00fcseyin Topba\u015f\u2019a K\u0131br\u0131s Hat\u0131ras\u0131 olarak hediye takdim etti. <\/p>\n<p>E\u011fitmen Emin Yaz\u0131c\u0131, \u201cKKTC\u2019den kupaya kat\u0131larak hem sporcular\u0131m\u0131z\u0131n tecr\u00fcbe kazanmas\u0131n\u0131 hem T\u00fcrk spor camias\u0131yla kayna\u015fmalar\u0131n\u0131 hem de D\u00fcnyan\u0131n d\u00f6rt bir yan\u0131ndan gelen sporcularla yar\u0131\u015fman\u0131n heyecan\u0131n\u0131 tatmalar\u0131n\u0131 hedefledik. Sporcular\u0131m\u0131z\u0131n g\u00f6sterdi\u011fi performans bizleri gururland\u0131rd\u0131. Bu organizasyonun d\u00fczenlenmesinde Ba\u015fta TC Cumhurba\u015fkanl\u0131\u011f\u0131\u2019na ve eme\u011fi ge\u00e7en herkese te\u015fekk\u00fcr ederiz\u201d dedi. <\/p>\n<p>Mutlu Yar\u0131nlar Spor Derne\u011fi Ba\u015fkan\u0131 \u00d6mer Sui\u00e7mez de \u201cBizler bu yar\u0131\u015fmaya kat\u0131larak KKTC\u2019nin spor alan\u0131ndaki geli\u015fimini bir kez daha g\u00f6zler \u00f6n\u00fcne serdik\u2026 D\u00fczenlenecek di\u011fer organizasyonlarda bizlerin devlet b\u00fcy\u00fcklerimiz taraf\u0131ndan daha fazla desteklenmesi ve sporcular\u0131m\u0131z\u0131n \u00f6n\u00fcn\u00fcn a\u00e7\u0131lmas\u0131n\u0131 \u00fcmit ediyoruz\u201d dedi.<\/p>\n<\/p><\/div>\n<p><script async\n                    defer\n                    crossorigin=\"anonymous\"\n                    src=\"https:\/\/connect.facebook.net\/tr_TR\/sdk.js#xfbml=1&#038;version=v3.3\"\n            ><\/script><br \/>\n<br \/><br \/>\n<br \/><a href=\"https:\/\/brtk.net\/kktcden-sporcular-istanbulda-geleneksel-fetih-kupasina-katildi\/\">Kaynak BRT <\/a><\/p>\n","protected":false},"excerpt":{"rendered":"<p>Kuzey K\u0131br\u0131s T\u00fcrk Cumhuriyeti\u2019nden sporcular, TC Cumhurba\u015fkanl\u0131\u011f\u0131\u2019n\u0131n himayelerinde d\u00fczenlenen 13. Uluslararas\u0131 Fetih Kupas\u0131\u2019nda KKTC\u2019yi temsil etti. Geleneksel Ok\u00e7uluk E\u011fitmeni Emin Yaz\u0131c\u0131\u2019n\u0131n verdi\u011fi bilgiye g\u00f6re, KKTC\u2019li ok\u00e7ular, 43 \u00fclkeden 710 sporcunun kat\u0131ld\u0131\u011f\u0131 Fetih Kupas\u0131\u2019nda sportif performans sergiledi. KKTC Geleneksel Ok\u00e7uluk Komitesi ve Mutlu Yar\u0131nlar Spor Derne\u011fi\u2019nin \u00f6nc\u00fcl\u00fc\u011f\u00fcnde KKTC\u2019den se\u00e7ilen sporcular ad\u0131na Geleneksel Ok\u00e7uluk E\u011fitmeni Emin Yaz\u0131c\u0131, [&hellip;]<\/p>\n","protected":false},"author":908,"featured_media":26932,"comment_status":"open","ping_status":"open","sticky":false,"template":"","format":"standard","meta":{"advanced_seo_description":"","jetpack_seo_html_title":"","jetpack_seo_noindex":false,"jetpack_seo_schema_type":"","_jetpack_newsletter_access":"","_jetpack_dont_email_post_to_subs":false,"_jetpack_newsletter_tier_id":0,"_jetpack_memberships_contains_paywalled_content":false,"_jetpack_feature_clip_id":0,"_jetpack_memberships_contains_paid_content":false,"footnotes":"","jetpack_publicize_message":"","jetpack_publicize_feature_enabled":true,"jetpack_social_post_already_shared":true,"jetpack_social_options":{"image_generator_settings":{"template":"highway","default_image_id":0,"font":"","enabled":false},"version":2},"jetpack_post_was_ever_published":false},"categories":[9],"tags":[],"class_list":["post-26931","post","type-post","status-publish","format-standard","has-post-thumbnail","hentry","category-spor"],"jetpack_publicize_connections":[],"jetpack_featured_media_url":"https:\/\/kibrisayna.com\/wp-content\/uploads\/2025\/05\/1748518428750FETIH-KUPASI4-scaled.jpg","jetpack_sharing_enabled":true,"_links":{"self":[{"href":"https:\/\/kibrisayna.com\/index.php\/wp-json\/wp\/v2\/posts\/26931","targetHints":{"allow":["GET"]}}],"collection":[{"href":"https:\/\/kibrisayna.com\/index.php\/wp-json\/wp\/v2\/posts"}],"about":[{"href":"https:\/\/kibrisayna.com\/index.php\/wp-json\/wp\/v2\/types\/post"}],"author":[{"embeddable":true,"href":"https:\/\/kibrisayna.com\/index.php\/wp-json\/wp\/v2\/users\/908"}],"replies":[{"embeddable":true,"href":"https:\/\/kibrisayna.com\/index.php\/wp-json\/wp\/v2\/comments?post=26931"}],"version-history":[{"count":0,"href":"https:\/\/kibrisayna.com\/index.php\/wp-json\/wp\/v2\/posts\/26931\/revisions"}],"wp:featuredmedia":[{"embeddable":true,"href":"https:\/\/kibrisayna.com\/index.php\/wp-json\/wp\/v2\/media\/26932"}],"wp:attachment":[{"href":"https:\/\/kibrisayna.com\/index.php\/wp-json\/wp\/v2\/media?parent=26931"}],"wp:term":[{"taxonomy":"category","embeddable":true,"href":"https:\/\/kibrisayna.com\/index.php\/wp-json\/wp\/v2\/categories?post=26931"},{"taxonomy":"post_tag","embeddable":true,"href":"https:\/\/kibrisayna.com\/index.php\/wp-json\/wp\/v2\/tags?post=26931"}],"curies":[{"name":"wp","href":"https:\/\/api.w.org\/{rel}","templated":true}]}}