{"id":26688,"date":"2025-05-27T13:22:59","date_gmt":"2025-05-27T10:22:59","guid":{"rendered":"https:\/\/kibrisayna.com\/index.php\/2025\/05\/27\/turkiye-ve-dunya-ekonomisindeki-gelismeler-ve-gelecek-vizyonu-konferansi-yapiliyor-brtk\/"},"modified":"2025-05-27T13:22:59","modified_gmt":"2025-05-27T10:22:59","slug":"turkiye-ve-dunya-ekonomisindeki-gelismeler-ve-gelecek-vizyonu-konferansi-yapiliyor-brtk","status":"publish","type":"post","link":"https:\/\/kibrisayna.com\/index.php\/2025\/05\/27\/turkiye-ve-dunya-ekonomisindeki-gelismeler-ve-gelecek-vizyonu-konferansi-yapiliyor-brtk\/","title":{"rendered":"\u201cT\u00fcrkiye ve D\u00fcnya Ekonomisindeki Geli\u015fmeler ve Gelecek Vizyonu\u201d konferans\u0131 yap\u0131l\u0131yor \u2013 BRTK"},"content":{"rendered":"<p> <br \/>\n<\/p>\n<div>\n<div class=\"mariselle-image-container center\">\n                <img loading=\"lazy\" decoding=\"async\" width=\"2560\" height=\"1707\" class=\"lazy-image\" alt=\"\" sizes=\"auto, (max-width: 2560px) 100vw, 2560px\" src=\"https:\/\/brtk.net\/wp-content\/uploads\/2025\/05\/27\/342242-scaled.jpeg?ver=a590857d9476cdbd19ed987d68984483\" srcset=\"https:\/\/brtk.net\/wp-content\/uploads\/2025\/05\/27\/342242-scaled.jpeg?ver=a590857d9476cdbd19ed987d68984483 2560w, https:\/\/brtk.net\/wp-content\/uploads\/2025\/05\/27\/342242-300x200.jpeg?ver=a590857d9476cdbd19ed987d68984483 300w, https:\/\/brtk.net\/wp-content\/uploads\/2025\/05\/27\/342242-1024x683.jpeg?ver=56df7d44dc84db84b172e4e16abc7049 1024w, https:\/\/brtk.net\/wp-content\/uploads\/2025\/05\/27\/342242-768x512.jpeg?ver=8b988de008de4b4c09030b6a4d6bbd00 768w, https:\/\/brtk.net\/wp-content\/uploads\/2025\/05\/27\/342242-1536x1024.jpeg?ver=108b70c555347753c3475183ba3c78a2 1536w, https:\/\/brtk.net\/wp-content\/uploads\/2025\/05\/27\/342242-2048x1365.jpeg?ver=4817c8e2e2dffbfd32ed7ebdea9f40ae 2048w\"\/>                            <\/div>\n<p>Cumhurba\u015fkanl\u0131\u011f\u0131 himayelerinde, K\u0131br\u0131s T\u00fcrk Ticaret Odas\u0131 ve Kuzey K\u0131br\u0131s Bankalar Birli\u011fi i\u015f birli\u011finde d\u00fczenlenen \u201cT\u00fcrkiye ve D\u00fcnya Ekonomisindeki Geli\u015fmeler ve Gelecek Vizyonu\u201d konferans\u0131 yap\u0131l\u0131yor.<\/p>\n<p>Cumhurba\u015fkanl\u0131\u011f\u0131 Konferans Salonu\u2019ndaki konferansa, Cumhurba\u015fkan\u0131 Ersin Tatar, Cumhuriyet Meclisi Ba\u015fkan\u0131 Ziya \u00d6zt\u00fcrkler, TC Lefko\u015fa B\u00fcy\u00fckel\u00e7isi Ali Murat Ba\u015f\u00e7eri, Ana Muhalefet Cumhuriyet\u00e7i T\u00fcrk Partisi Genel Ba\u015fkan\u0131 Tufan Erh\u00fcrman, TC Hazine ve Maliye Bakan\u0131 Mehmet \u015eim\u015fek, Maliye Bakan\u0131 \u00d6zdemir Berova, Ekonomi ve Enerji Bakan\u0131 Olgun Amcao\u011flu, ekonomik \u00f6rg\u00fct ve banka temsilcileri ile di\u011fer yetkililer kat\u0131ld\u0131.<\/p>\n<p>Sayg\u0131 duru\u015fu ve \u0130stiklal Mar\u015f\u0131 ile ba\u015flayan konferansta, video g\u00f6steriminin ard\u0131ndan konu\u015fmalara ge\u00e7ildi.<\/p>\n<\/p><\/div>\n<p><script async\n                    defer\n                    crossorigin=\"anonymous\"\n                    src=\"https:\/\/connect.facebook.net\/tr_TR\/sdk.js#xfbml=1&#038;version=v3.3\"\n            ><\/script><br \/>\n<br \/><br \/>\n<br \/><a href=\"https:\/\/brtk.net\/turkiye-ve-dunya-ekonomisindeki-gelismeler-ve-gelecek-vizyonu-konferansi-yapiliyor\/\">Kaynak BRT <\/a><\/p>\n","protected":false},"excerpt":{"rendered":"<p>Cumhurba\u015fkanl\u0131\u011f\u0131 himayelerinde, K\u0131br\u0131s T\u00fcrk Ticaret Odas\u0131 ve Kuzey K\u0131br\u0131s Bankalar Birli\u011fi i\u015f birli\u011finde d\u00fczenlenen \u201cT\u00fcrkiye ve D\u00fcnya Ekonomisindeki Geli\u015fmeler ve Gelecek Vizyonu\u201d konferans\u0131 yap\u0131l\u0131yor. Cumhurba\u015fkanl\u0131\u011f\u0131 Konferans Salonu\u2019ndaki konferansa, Cumhurba\u015fkan\u0131 Ersin Tatar, Cumhuriyet Meclisi Ba\u015fkan\u0131 Ziya \u00d6zt\u00fcrkler, TC Lefko\u015fa B\u00fcy\u00fckel\u00e7isi Ali Murat Ba\u015f\u00e7eri, Ana Muhalefet Cumhuriyet\u00e7i T\u00fcrk Partisi Genel Ba\u015fkan\u0131 Tufan Erh\u00fcrman, TC Hazine ve Maliye [&hellip;]<\/p>\n","protected":false},"author":908,"featured_media":26689,"comment_status":"open","ping_status":"open","sticky":false,"template":"","format":"standard","meta":{"advanced_seo_description":"","jetpack_seo_html_title":"","jetpack_seo_noindex":false,"jetpack_seo_schema_type":"","_jetpack_newsletter_access":"","_jetpack_dont_email_post_to_subs":false,"_jetpack_newsletter_tier_id":0,"_jetpack_memberships_contains_paywalled_content":false,"_jetpack_feature_clip_id":0,"_jetpack_memberships_contains_paid_content":false,"footnotes":"","jetpack_publicize_message":"","jetpack_publicize_feature_enabled":true,"jetpack_social_post_already_shared":true,"jetpack_social_options":{"image_generator_settings":{"template":"highway","default_image_id":0,"font":"","enabled":false},"version":2},"jetpack_post_was_ever_published":false},"categories":[253],"tags":[],"class_list":["post-26688","post","type-post","status-publish","format-standard","has-post-thumbnail","hentry","category-gundem"],"jetpack_publicize_connections":[],"jetpack_featured_media_url":"https:\/\/kibrisayna.com\/wp-content\/uploads\/2025\/05\/342242-scaled.jpeg","jetpack_sharing_enabled":true,"_links":{"self":[{"href":"https:\/\/kibrisayna.com\/index.php\/wp-json\/wp\/v2\/posts\/26688","targetHints":{"allow":["GET"]}}],"collection":[{"href":"https:\/\/kibrisayna.com\/index.php\/wp-json\/wp\/v2\/posts"}],"about":[{"href":"https:\/\/kibrisayna.com\/index.php\/wp-json\/wp\/v2\/types\/post"}],"author":[{"embeddable":true,"href":"https:\/\/kibrisayna.com\/index.php\/wp-json\/wp\/v2\/users\/908"}],"replies":[{"embeddable":true,"href":"https:\/\/kibrisayna.com\/index.php\/wp-json\/wp\/v2\/comments?post=26688"}],"version-history":[{"count":0,"href":"https:\/\/kibrisayna.com\/index.php\/wp-json\/wp\/v2\/posts\/26688\/revisions"}],"wp:featuredmedia":[{"embeddable":true,"href":"https:\/\/kibrisayna.com\/index.php\/wp-json\/wp\/v2\/media\/26689"}],"wp:attachment":[{"href":"https:\/\/kibrisayna.com\/index.php\/wp-json\/wp\/v2\/media?parent=26688"}],"wp:term":[{"taxonomy":"category","embeddable":true,"href":"https:\/\/kibrisayna.com\/index.php\/wp-json\/wp\/v2\/categories?post=26688"},{"taxonomy":"post_tag","embeddable":true,"href":"https:\/\/kibrisayna.com\/index.php\/wp-json\/wp\/v2\/tags?post=26688"}],"curies":[{"name":"wp","href":"https:\/\/api.w.org\/{rel}","templated":true}]}}