{"id":26686,"date":"2025-05-27T13:19:55","date_gmt":"2025-05-27T10:19:55","guid":{"rendered":"https:\/\/kibrisayna.com\/index.php\/2025\/05\/27\/erhurman-hollandanin-lefkosa-buyukelcisi-plompu-kabul-etti-brtk\/"},"modified":"2025-05-27T13:19:55","modified_gmt":"2025-05-27T10:19:55","slug":"erhurman-hollandanin-lefkosa-buyukelcisi-plompu-kabul-etti-brtk","status":"publish","type":"post","link":"https:\/\/kibrisayna.com\/index.php\/2025\/05\/27\/erhurman-hollandanin-lefkosa-buyukelcisi-plompu-kabul-etti-brtk\/","title":{"rendered":"Erh\u00fcrman, Hollanda\u2019n\u0131n Lefko\u015fa B\u00fcy\u00fckel\u00e7isi Plomp\u2019u kabul etti \u2013 BRTK"},"content":{"rendered":"<p> <br \/>\n<\/p>\n<div>\n<div class=\"mariselle-image-container center\">\n                <img loading=\"lazy\" decoding=\"async\" width=\"2560\" height=\"1707\" class=\"lazy-image\" alt=\"\" sizes=\"auto, (max-width: 2560px) 100vw, 2560px\" src=\"https:\/\/brtk.net\/wp-content\/uploads\/2025\/05\/27\/fafa-scaled.jpg?ver=b566eef88e8e0e32a714dec4d047ac9b\" srcset=\"https:\/\/brtk.net\/wp-content\/uploads\/2025\/05\/27\/fafa-scaled.jpg?ver=b566eef88e8e0e32a714dec4d047ac9b 2560w, https:\/\/brtk.net\/wp-content\/uploads\/2025\/05\/27\/fafa-300x200.jpg?ver=c295e90b64e4648b3b407de1a7449bd7 300w, https:\/\/brtk.net\/wp-content\/uploads\/2025\/05\/27\/fafa-1024x683.jpg?ver=e1d1c52f0620836abddc3bca0365e833 1024w, https:\/\/brtk.net\/wp-content\/uploads\/2025\/05\/27\/fafa-768x512.jpg?ver=e513946918ef5bb3bda1e63f4816de79 768w, https:\/\/brtk.net\/wp-content\/uploads\/2025\/05\/27\/fafa-1536x1024.jpg?ver=b2ba236201be85a0d0e0d12bdaade782 1536w, https:\/\/brtk.net\/wp-content\/uploads\/2025\/05\/27\/fafa-2048x1365.jpg?ver=ab7e7a2a944a413464615a94d72b90f8 2048w\"\/>                            <\/div>\n<p>Cumhuriyet\u00e7i T\u00fcrk Partisi (CTP) Genel Ba\u015fkan\u0131 Tufan Erh\u00fcrman, bug\u00fcn Hollanda\u2019n\u0131n Lefko\u015fa B\u00fcy\u00fckel\u00e7isi Wouter Plomp\u2019u ve Yard\u0131mc\u0131s\u0131 Fieke Huisman\u2019\u0131, Parti Genel Merkezi\u2019nde kabul etti.<\/p>\n<p>CTP Bas\u0131n B\u00fcrosu\u2019ndan yap\u0131lan a\u00e7\u0131klamaya g\u00f6re, Erh\u00fcrman\u2019a D\u0131\u015f \u0130li\u015fkiler Sekreteri Fikri Toros e\u015flik etti.<\/p>\n<p>G\u00f6r\u00fc\u015fmede, K\u0131br\u0131s bar\u0131\u015f tesisi s\u00fcrecindeki \u00e7\u0131kmaz\u0131n a\u015f\u0131lmas\u0131yla ilgili \u00e7abalar \u00e7er\u00e7evesinde CTP\u2019nin konuya dair g\u00f6r\u00fc\u015f ve pozisyonu aktar\u0131ld\u0131. G\u00f6r\u00fc\u015fmede ayr\u0131ca m\u00fclkiyet konusu, Ta\u015f\u0131nmaz Mal Komisyonu (TMK) ile ilgili geli\u015fmeler ve AB ile ili\u015fkiler ele al\u0131nd\u0131.<\/p>\n<\/p><\/div>\n<p><script async\n                    defer\n                    crossorigin=\"anonymous\"\n                    src=\"https:\/\/connect.facebook.net\/tr_TR\/sdk.js#xfbml=1&#038;version=v3.3\"\n            ><\/script><br \/>\n<br \/><br \/>\n<br \/><a href=\"https:\/\/brtk.net\/erhurman-hollandanin-lefkosa-buyukelcisi-plompu-kabul-etti\/\">Kaynak BRT <\/a><\/p>\n","protected":false},"excerpt":{"rendered":"<p>Cumhuriyet\u00e7i T\u00fcrk Partisi (CTP) Genel Ba\u015fkan\u0131 Tufan Erh\u00fcrman, bug\u00fcn Hollanda\u2019n\u0131n Lefko\u015fa B\u00fcy\u00fckel\u00e7isi Wouter Plomp\u2019u ve Yard\u0131mc\u0131s\u0131 Fieke Huisman\u2019\u0131, Parti Genel Merkezi\u2019nde kabul etti. CTP Bas\u0131n B\u00fcrosu\u2019ndan yap\u0131lan a\u00e7\u0131klamaya g\u00f6re, Erh\u00fcrman\u2019a D\u0131\u015f \u0130li\u015fkiler Sekreteri Fikri Toros e\u015flik etti. G\u00f6r\u00fc\u015fmede, K\u0131br\u0131s bar\u0131\u015f tesisi s\u00fcrecindeki \u00e7\u0131kmaz\u0131n a\u015f\u0131lmas\u0131yla ilgili \u00e7abalar \u00e7er\u00e7evesinde CTP\u2019nin konuya dair g\u00f6r\u00fc\u015f ve pozisyonu aktar\u0131ld\u0131. G\u00f6r\u00fc\u015fmede [&hellip;]<\/p>\n","protected":false},"author":908,"featured_media":26687,"comment_status":"open","ping_status":"open","sticky":false,"template":"","format":"standard","meta":{"advanced_seo_description":"","jetpack_seo_html_title":"","jetpack_seo_noindex":false,"jetpack_seo_schema_type":"","_jetpack_newsletter_access":"","_jetpack_dont_email_post_to_subs":false,"_jetpack_newsletter_tier_id":0,"_jetpack_memberships_contains_paywalled_content":false,"_jetpack_feature_clip_id":0,"_jetpack_memberships_contains_paid_content":false,"footnotes":"","jetpack_publicize_message":"","jetpack_publicize_feature_enabled":true,"jetpack_social_post_already_shared":true,"jetpack_social_options":{"image_generator_settings":{"template":"highway","default_image_id":0,"font":"","enabled":false},"version":2},"jetpack_post_was_ever_published":false},"categories":[253],"tags":[],"class_list":["post-26686","post","type-post","status-publish","format-standard","has-post-thumbnail","hentry","category-gundem"],"jetpack_publicize_connections":[],"jetpack_featured_media_url":"https:\/\/kibrisayna.com\/wp-content\/uploads\/2025\/05\/fafa-scaled.jpg","jetpack_sharing_enabled":true,"_links":{"self":[{"href":"https:\/\/kibrisayna.com\/index.php\/wp-json\/wp\/v2\/posts\/26686","targetHints":{"allow":["GET"]}}],"collection":[{"href":"https:\/\/kibrisayna.com\/index.php\/wp-json\/wp\/v2\/posts"}],"about":[{"href":"https:\/\/kibrisayna.com\/index.php\/wp-json\/wp\/v2\/types\/post"}],"author":[{"embeddable":true,"href":"https:\/\/kibrisayna.com\/index.php\/wp-json\/wp\/v2\/users\/908"}],"replies":[{"embeddable":true,"href":"https:\/\/kibrisayna.com\/index.php\/wp-json\/wp\/v2\/comments?post=26686"}],"version-history":[{"count":0,"href":"https:\/\/kibrisayna.com\/index.php\/wp-json\/wp\/v2\/posts\/26686\/revisions"}],"wp:featuredmedia":[{"embeddable":true,"href":"https:\/\/kibrisayna.com\/index.php\/wp-json\/wp\/v2\/media\/26687"}],"wp:attachment":[{"href":"https:\/\/kibrisayna.com\/index.php\/wp-json\/wp\/v2\/media?parent=26686"}],"wp:term":[{"taxonomy":"category","embeddable":true,"href":"https:\/\/kibrisayna.com\/index.php\/wp-json\/wp\/v2\/categories?post=26686"},{"taxonomy":"post_tag","embeddable":true,"href":"https:\/\/kibrisayna.com\/index.php\/wp-json\/wp\/v2\/tags?post=26686"}],"curies":[{"name":"wp","href":"https:\/\/api.w.org\/{rel}","templated":true}]}}