{"id":26613,"date":"2025-05-26T14:52:26","date_gmt":"2025-05-26T11:52:26","guid":{"rendered":"https:\/\/kibrisayna.com\/index.php\/2025\/05\/26\/masatenisinde-en-iyi-u13ler-brtk\/"},"modified":"2025-05-26T14:52:26","modified_gmt":"2025-05-26T11:52:26","slug":"masatenisinde-en-iyi-u13ler-brtk","status":"publish","type":"post","link":"https:\/\/kibrisayna.com\/index.php\/2025\/05\/26\/masatenisinde-en-iyi-u13ler-brtk\/","title":{"rendered":"Masatenisinde En \u0130yi U13\u2019ler \u2013 BRTK"},"content":{"rendered":"<p> <br \/>\n<\/p>\n<div>\n<div class=\"mariselle-image-container center\">\n                <img loading=\"lazy\" decoding=\"async\" width=\"1600\" height=\"1200\" class=\"lazy-image\" alt=\"\" sizes=\"auto, (max-width: 1600px) 100vw, 1600px\" src=\"https:\/\/brtk.net\/wp-content\/uploads\/2025\/05\/26\/MASA.jpeg?ver=782a6e52ecf5a0730eda373c209273b1\" srcset=\"https:\/\/brtk.net\/wp-content\/uploads\/2025\/05\/26\/MASA.jpeg?ver=782a6e52ecf5a0730eda373c209273b1 1600w, https:\/\/brtk.net\/wp-content\/uploads\/2025\/05\/26\/MASA-300x225.jpeg?ver=782a6e52ecf5a0730eda373c209273b1 300w, https:\/\/brtk.net\/wp-content\/uploads\/2025\/05\/26\/MASA-1024x768.jpeg?ver=782a6e52ecf5a0730eda373c209273b1 1024w, https:\/\/brtk.net\/wp-content\/uploads\/2025\/05\/26\/MASA-768x576.jpeg?ver=782a6e52ecf5a0730eda373c209273b1 768w, https:\/\/brtk.net\/wp-content\/uploads\/2025\/05\/26\/MASA-1536x1152.jpeg?ver=f35419b7dadc9c1bf99651d364b9efc2 1536w\"\/>                            <\/div>\n<p>Masatenisi Federasyonu\u2019nun \u201cU13 En \u0130yiler Turnuvas\u0131\u201d hafta sonu yap\u0131ld\u0131. <\/p>\n<p>Federasyona ait S\u00fcleyman G\u00f6kta\u015f Salonu\u2019nda yap\u0131lan ma\u00e7larda birincilikler Girne Amerikan \u00dcniversitesi sporcular\u0131n\u0131n oldu. <\/p>\n<p>K\u0131zlarda \u00d6z\u00fcm \u00d6zel, erkeklerde Ivan Blahotin ilk s\u0131rada yer ald\u0131. <\/p>\n<p>K\u0131zlarda Liva \u00c7evik ikinci, \u0130zem \u00d6zel \u00fc\u00e7\u00fcnc\u00fc, Ada Cankaza d\u00f6rd\u00fcnc\u00fc oldu. <\/p>\n<p>Erkeklerde ise Sonay Hayatseven ikinci, Deniz Tamakan \u00fc\u00e7\u00fcnc\u00fc, Kerem Ah\u00e7\u0131o\u011fullar\u0131 d\u00f6rd\u00fcnc\u00fcl\u00fck elde etti.<\/p>\n<\/p><\/div>\n<p><script async\n                    defer\n                    crossorigin=\"anonymous\"\n                    src=\"https:\/\/connect.facebook.net\/tr_TR\/sdk.js#xfbml=1&#038;version=v3.3\"\n            ><\/script><br \/>\n<br \/><br \/>\n<br \/><a href=\"https:\/\/brtk.net\/masatenisinde-en-iyi-u13ler\/\">Kaynak BRT <\/a><\/p>\n","protected":false},"excerpt":{"rendered":"<p>Masatenisi Federasyonu\u2019nun \u201cU13 En \u0130yiler Turnuvas\u0131\u201d hafta sonu yap\u0131ld\u0131. Federasyona ait S\u00fcleyman G\u00f6kta\u015f Salonu\u2019nda yap\u0131lan ma\u00e7larda birincilikler Girne Amerikan \u00dcniversitesi sporcular\u0131n\u0131n oldu. K\u0131zlarda \u00d6z\u00fcm \u00d6zel, erkeklerde Ivan Blahotin ilk s\u0131rada yer ald\u0131. K\u0131zlarda Liva \u00c7evik ikinci, \u0130zem \u00d6zel \u00fc\u00e7\u00fcnc\u00fc, Ada Cankaza d\u00f6rd\u00fcnc\u00fc oldu. Erkeklerde ise Sonay Hayatseven ikinci, Deniz Tamakan \u00fc\u00e7\u00fcnc\u00fc, Kerem Ah\u00e7\u0131o\u011fullar\u0131 d\u00f6rd\u00fcnc\u00fcl\u00fck elde [&hellip;]<\/p>\n","protected":false},"author":908,"featured_media":26614,"comment_status":"open","ping_status":"open","sticky":false,"template":"","format":"standard","meta":{"advanced_seo_description":"","jetpack_seo_html_title":"","jetpack_seo_noindex":false,"jetpack_seo_schema_type":"","_jetpack_newsletter_access":"","_jetpack_dont_email_post_to_subs":false,"_jetpack_newsletter_tier_id":0,"_jetpack_memberships_contains_paywalled_content":false,"_jetpack_feature_clip_id":0,"_jetpack_memberships_contains_paid_content":false,"footnotes":"","jetpack_publicize_message":"","jetpack_publicize_feature_enabled":true,"jetpack_social_post_already_shared":true,"jetpack_social_options":{"image_generator_settings":{"template":"highway","default_image_id":0,"font":"","enabled":false},"version":2},"jetpack_post_was_ever_published":false},"categories":[9],"tags":[],"class_list":["post-26613","post","type-post","status-publish","format-standard","has-post-thumbnail","hentry","category-spor"],"jetpack_publicize_connections":[],"jetpack_featured_media_url":"https:\/\/kibrisayna.com\/wp-content\/uploads\/2025\/05\/1748260346_MASA.jpeg","jetpack_sharing_enabled":true,"_links":{"self":[{"href":"https:\/\/kibrisayna.com\/index.php\/wp-json\/wp\/v2\/posts\/26613","targetHints":{"allow":["GET"]}}],"collection":[{"href":"https:\/\/kibrisayna.com\/index.php\/wp-json\/wp\/v2\/posts"}],"about":[{"href":"https:\/\/kibrisayna.com\/index.php\/wp-json\/wp\/v2\/types\/post"}],"author":[{"embeddable":true,"href":"https:\/\/kibrisayna.com\/index.php\/wp-json\/wp\/v2\/users\/908"}],"replies":[{"embeddable":true,"href":"https:\/\/kibrisayna.com\/index.php\/wp-json\/wp\/v2\/comments?post=26613"}],"version-history":[{"count":0,"href":"https:\/\/kibrisayna.com\/index.php\/wp-json\/wp\/v2\/posts\/26613\/revisions"}],"wp:featuredmedia":[{"embeddable":true,"href":"https:\/\/kibrisayna.com\/index.php\/wp-json\/wp\/v2\/media\/26614"}],"wp:attachment":[{"href":"https:\/\/kibrisayna.com\/index.php\/wp-json\/wp\/v2\/media?parent=26613"}],"wp:term":[{"taxonomy":"category","embeddable":true,"href":"https:\/\/kibrisayna.com\/index.php\/wp-json\/wp\/v2\/categories?post=26613"},{"taxonomy":"post_tag","embeddable":true,"href":"https:\/\/kibrisayna.com\/index.php\/wp-json\/wp\/v2\/tags?post=26613"}],"curies":[{"name":"wp","href":"https:\/\/api.w.org\/{rel}","templated":true}]}}