{"id":26607,"date":"2025-05-26T14:39:03","date_gmt":"2025-05-26T11:39:03","guid":{"rendered":"https:\/\/kibrisayna.com\/index.php\/2025\/05\/26\/tc-lefkosa-buyukelcisi-ali-murat-basceri-sehit-aileleri-ve-malul-gaziler-dernegini-ziyaret-etti-brtk\/"},"modified":"2025-05-26T14:39:03","modified_gmt":"2025-05-26T11:39:03","slug":"tc-lefkosa-buyukelcisi-ali-murat-basceri-sehit-aileleri-ve-malul-gaziler-dernegini-ziyaret-etti-brtk","status":"publish","type":"post","link":"https:\/\/kibrisayna.com\/index.php\/2025\/05\/26\/tc-lefkosa-buyukelcisi-ali-murat-basceri-sehit-aileleri-ve-malul-gaziler-dernegini-ziyaret-etti-brtk\/","title":{"rendered":"TC Lefko\u015fa B\u00fcy\u00fckel\u00e7isi Ali Murat Ba\u015f\u00e7eri, \u015eehit Aileleri ve Mal\u00fcl Gaziler Derne\u011fi\u2019ni ziyaret etti \u2013 BRTK"},"content":{"rendered":"<p> <br \/>\n<\/p>\n<div>\n<div class=\"mariselle-image-container center\">\n                <img loading=\"lazy\" decoding=\"async\" width=\"1600\" height=\"943\" class=\"lazy-image\" alt=\"\" sizes=\"auto, (max-width: 1600px) 100vw, 1600px\" src=\"https:\/\/brtk.net\/wp-content\/uploads\/2025\/05\/26\/1748253760280BUYUKELCI-SEHIT-AILELERI1.jpeg?ver=da635c50a02425bcfb31a584806eef13\" srcset=\"https:\/\/brtk.net\/wp-content\/uploads\/2025\/05\/26\/1748253760280BUYUKELCI-SEHIT-AILELERI1.jpeg?ver=da635c50a02425bcfb31a584806eef13 1600w, https:\/\/brtk.net\/wp-content\/uploads\/2025\/05\/26\/1748253760280BUYUKELCI-SEHIT-AILELERI1-300x177.jpeg?ver=5bbce9de1f1242041794db82a5e57d22 300w, https:\/\/brtk.net\/wp-content\/uploads\/2025\/05\/26\/1748253760280BUYUKELCI-SEHIT-AILELERI1-1024x604.jpeg?ver=2749efbc27c48bc620305111c49a0b0a 1024w, https:\/\/brtk.net\/wp-content\/uploads\/2025\/05\/26\/1748253760280BUYUKELCI-SEHIT-AILELERI1-768x453.jpeg?ver=2749efbc27c48bc620305111c49a0b0a 768w, https:\/\/brtk.net\/wp-content\/uploads\/2025\/05\/26\/1748253760280BUYUKELCI-SEHIT-AILELERI1-1536x905.jpeg?ver=2749efbc27c48bc620305111c49a0b0a 1536w, https:\/\/brtk.net\/wp-content\/uploads\/2025\/05\/26\/1748253760280BUYUKELCI-SEHIT-AILELERI1-379x222.jpeg?ver=293bbda6e478cadeeb87a79d006b394a 379w\"\/>                            <\/div>\n<p>T\u00fcrkiye Cumhuriyeti Lefko\u015fa B\u00fcy\u00fckel\u00e7isi Ali Murat Ba\u015f\u00e7eri, \u015eehit Aileleri ve Mal\u00fcl Gaziler Derne\u011fi\u2019ni ziyaret ederek, Dernek Ba\u015fkan\u0131 G\u00fcrsel Benan ve y\u00f6netim kurulu \u00fcyeleriyle bir araya geldi.<\/p>\n<p>Yap\u0131lan a\u00e7\u0131klamaya g\u00f6re, g\u00f6r\u00fc\u015fmede \u015fehit yak\u0131nlar\u0131 ve gazilerin ya\u015fad\u0131\u011f\u0131 sorunlar ele al\u0131n\u0131rken, \u00e7\u00f6z\u00fcm \u00f6nerileri hakk\u0131nda kar\u015f\u0131l\u0131kl\u0131 fikir al\u0131\u015fveri\u015finde bulunuldu.<\/p>\n<p>-Benan\u2019dan Ba\u015f\u00e7eri\u2019ye te\u015fekk\u00fcr<\/p>\n<p>B\u00fcy\u00fckel\u00e7i Ba\u015f\u00e7eri\u2019ye g\u00f6sterdi\u011fi ilgi ve destekten dolay\u0131 te\u015fekk\u00fcr eden Dernek Ba\u015fkan\u0131 G\u00fcrsel Benan, bu t\u00fcr ziyaretlerin kendileri i\u00e7in moral ve g\u00fc\u00e7 kayna\u011f\u0131 oldu\u011funu ifade etti.<\/p>\n<p><strong>-Ba\u015f\u00e7eri: \u201c\u015eehitlerimizin ve gazilerimizin aileleriyle bir araya gelmek hem g\u00f6revimizin hem de insani sorumlulu\u011fumuzun bir par\u00e7as\u0131d\u0131r\u201d<\/strong><\/p>\n<p>Ziyaret s\u0131ras\u0131nda konu\u015fan B\u00fcy\u00fckel\u00e7i Ba\u015f\u00e7eri, \u015fehitler ve gazilerin T\u00fcrk milleti nezdindeki yerinin son derece k\u0131ymetli oldu\u011funu vurgulayarak, g\u00f6sterdikleri fedakarl\u0131klar\u0131n toplumsal birlik ve beraberli\u011fin temelini olu\u015fturdu\u011funu ifade etti.<\/p>\n<p>\u201c\u015eehitlerimizin ve gazilerimizin aileleriyle bir araya gelmek hem g\u00f6revimizin hem de insani sorumlulu\u011fumuzun bir par\u00e7as\u0131d\u0131r\u201d ifadelerini kullanan Ba\u015f\u00e7eri, \u015fehit aileleri ve mal\u00fcl gazilere duyulan sayg\u0131 ve minnettarl\u0131\u011f\u0131 dile getirerek, T\u00fcrkiye Cumhuriyeti\u2019nin her zaman yanlar\u0131nda oldu\u011funu vurgulad\u0131.<\/p>\n<\/p><\/div>\n<p><script async\n                    defer\n                    crossorigin=\"anonymous\"\n                    src=\"https:\/\/connect.facebook.net\/tr_TR\/sdk.js#xfbml=1&#038;version=v3.3\"\n            ><\/script><br \/>\n<br \/><br \/>\n<br \/><a href=\"https:\/\/brtk.net\/tc-lefkosa-buyukelcisi-ali-murat-basceri-sehit-aileleri-ve-malul-gaziler-dernegini-ziyaret-etti\/\">Kaynak BRT <\/a><\/p>\n","protected":false},"excerpt":{"rendered":"<p>T\u00fcrkiye Cumhuriyeti Lefko\u015fa B\u00fcy\u00fckel\u00e7isi Ali Murat Ba\u015f\u00e7eri, \u015eehit Aileleri ve Mal\u00fcl Gaziler Derne\u011fi\u2019ni ziyaret ederek, Dernek Ba\u015fkan\u0131 G\u00fcrsel Benan ve y\u00f6netim kurulu \u00fcyeleriyle bir araya geldi. Yap\u0131lan a\u00e7\u0131klamaya g\u00f6re, g\u00f6r\u00fc\u015fmede \u015fehit yak\u0131nlar\u0131 ve gazilerin ya\u015fad\u0131\u011f\u0131 sorunlar ele al\u0131n\u0131rken, \u00e7\u00f6z\u00fcm \u00f6nerileri hakk\u0131nda kar\u015f\u0131l\u0131kl\u0131 fikir al\u0131\u015fveri\u015finde bulunuldu. -Benan\u2019dan Ba\u015f\u00e7eri\u2019ye te\u015fekk\u00fcr B\u00fcy\u00fckel\u00e7i Ba\u015f\u00e7eri\u2019ye g\u00f6sterdi\u011fi ilgi ve destekten dolay\u0131 [&hellip;]<\/p>\n","protected":false},"author":908,"featured_media":26608,"comment_status":"open","ping_status":"open","sticky":false,"template":"","format":"standard","meta":{"advanced_seo_description":"","jetpack_seo_html_title":"","jetpack_seo_noindex":false,"jetpack_seo_schema_type":"","_jetpack_newsletter_access":"","_jetpack_dont_email_post_to_subs":false,"_jetpack_newsletter_tier_id":0,"_jetpack_memberships_contains_paywalled_content":false,"_jetpack_feature_clip_id":0,"_jetpack_memberships_contains_paid_content":false,"footnotes":"","jetpack_publicize_message":"","jetpack_publicize_feature_enabled":true,"jetpack_social_post_already_shared":true,"jetpack_social_options":{"image_generator_settings":{"template":"highway","default_image_id":0,"font":"","enabled":false},"version":2},"jetpack_post_was_ever_published":false},"categories":[253],"tags":[],"class_list":["post-26607","post","type-post","status-publish","format-standard","has-post-thumbnail","hentry","category-gundem"],"jetpack_publicize_connections":[],"jetpack_featured_media_url":"https:\/\/kibrisayna.com\/wp-content\/uploads\/2025\/05\/1748253760280BUYUKELCI-SEHIT-AILELERI1.jpeg","jetpack_sharing_enabled":true,"_links":{"self":[{"href":"https:\/\/kibrisayna.com\/index.php\/wp-json\/wp\/v2\/posts\/26607","targetHints":{"allow":["GET"]}}],"collection":[{"href":"https:\/\/kibrisayna.com\/index.php\/wp-json\/wp\/v2\/posts"}],"about":[{"href":"https:\/\/kibrisayna.com\/index.php\/wp-json\/wp\/v2\/types\/post"}],"author":[{"embeddable":true,"href":"https:\/\/kibrisayna.com\/index.php\/wp-json\/wp\/v2\/users\/908"}],"replies":[{"embeddable":true,"href":"https:\/\/kibrisayna.com\/index.php\/wp-json\/wp\/v2\/comments?post=26607"}],"version-history":[{"count":0,"href":"https:\/\/kibrisayna.com\/index.php\/wp-json\/wp\/v2\/posts\/26607\/revisions"}],"wp:featuredmedia":[{"embeddable":true,"href":"https:\/\/kibrisayna.com\/index.php\/wp-json\/wp\/v2\/media\/26608"}],"wp:attachment":[{"href":"https:\/\/kibrisayna.com\/index.php\/wp-json\/wp\/v2\/media?parent=26607"}],"wp:term":[{"taxonomy":"category","embeddable":true,"href":"https:\/\/kibrisayna.com\/index.php\/wp-json\/wp\/v2\/categories?post=26607"},{"taxonomy":"post_tag","embeddable":true,"href":"https:\/\/kibrisayna.com\/index.php\/wp-json\/wp\/v2\/tags?post=26607"}],"curies":[{"name":"wp","href":"https:\/\/api.w.org\/{rel}","templated":true}]}}