{"id":26595,"date":"2025-05-26T14:04:03","date_gmt":"2025-05-26T11:04:03","guid":{"rendered":"https:\/\/kibrisayna.com\/index.php\/2025\/05\/26\/tatarin-mulkiyet-konusundaki-endiselerini-dikkatlice-dinledim-brtk\/"},"modified":"2025-05-26T14:04:03","modified_gmt":"2025-05-26T11:04:03","slug":"tatarin-mulkiyet-konusundaki-endiselerini-dikkatlice-dinledim-brtk","status":"publish","type":"post","link":"https:\/\/kibrisayna.com\/index.php\/2025\/05\/26\/tatarin-mulkiyet-konusundaki-endiselerini-dikkatlice-dinledim-brtk\/","title":{"rendered":"\u201cTatar\u2019\u0131n m\u00fclkiyet konusundaki endi\u015felerini dikkatlice dinledim\u201d \u2013 BRTK"},"content":{"rendered":"<p> <br \/>\n<\/p>\n<div>\n<div class=\"mariselle-image-container center\">\n                <img loading=\"lazy\" decoding=\"async\" width=\"2560\" height=\"1706\" class=\"lazy-image\" alt=\"\" sizes=\"auto, (max-width: 2560px) 100vw, 2560px\" src=\"https:\/\/brtk.net\/wp-content\/uploads\/2025\/05\/26\/tatar-holguin.jpeg?ver=c301a7b4ed5788c40c3c25d8ba46acde\" srcset=\"https:\/\/brtk.net\/wp-content\/uploads\/2025\/05\/26\/tatar-holguin.jpeg?ver=c301a7b4ed5788c40c3c25d8ba46acde 2560w, https:\/\/brtk.net\/wp-content\/uploads\/2025\/05\/26\/tatar-holguin-300x200.jpeg?ver=c301a7b4ed5788c40c3c25d8ba46acde 300w, https:\/\/brtk.net\/wp-content\/uploads\/2025\/05\/26\/tatar-holguin-1024x682.jpeg?ver=c301a7b4ed5788c40c3c25d8ba46acde 1024w, https:\/\/brtk.net\/wp-content\/uploads\/2025\/05\/26\/tatar-holguin-768x512.jpeg?ver=9b7d183e0a6011f6c5dda8c436198655 768w, https:\/\/brtk.net\/wp-content\/uploads\/2025\/05\/26\/tatar-holguin-1536x1024.jpeg?ver=9b7d183e0a6011f6c5dda8c436198655 1536w, https:\/\/brtk.net\/wp-content\/uploads\/2025\/05\/26\/tatar-holguin-2048x1365.jpeg?ver=fc7f564d8786729c51a3a1d39d0cb247 2048w\"\/>                            <\/div>\n<p>Cumhurba\u015fkan\u0131 Ersin Tatar\u2019\u0131n Birle\u015fmi\u015f Milletler (BM) Genel Sekreteri Antonio Guterres\u2019in K\u0131br\u0131s Ki\u015fisel Temsilcisi Maria Angela Holgu\u00edn Cuellar ile ba\u015f ba\u015fa g\u00f6r\u00fc\u015fmesi tamamland\u0131.<\/p>\n<p>Cumhurba\u015fkanl\u0131\u011f\u0131nda saat 10.30\u2019da ba\u015flayan g\u00f6r\u00fc\u015fme yakla\u015f\u0131k bir bu\u00e7uk saat s\u00fcrd\u00fc.<\/p>\n<p>G\u00f6r\u00fc\u015fme sonras\u0131 ilk olarak BM Genel Sekreteri\u2019nin K\u0131br\u0131s Ki\u015fisel Temsilcisi Holgu\u00edn, ard\u0131ndan Cumhurba\u015fkan\u0131 Tatar bas\u0131na a\u00e7\u0131klama yapt\u0131.<\/p>\n<p>Holgu\u00edn yapt\u0131\u011f\u0131 a\u00e7\u0131klamada, Cumhurba\u015fkan\u0131 Tatar ile \u00e7ok iyi ve verimli bir g\u00f6r\u00fc\u015fme yapt\u0131klar\u0131n\u0131 s\u00f6yledi.<\/p>\n<div class=\"mariselle-image-container center\">\n                <img loading=\"lazy\" decoding=\"async\" width=\"2048\" height=\"1314\" class=\"lazy-image\" alt=\"\" sizes=\"auto, (max-width: 2048px) 100vw, 2048px\" src=\"https:\/\/brtk.net\/wp-content\/uploads\/2025\/05\/26\/holguin.jpg?ver=e703fcfdeb7c55e7a95c02c321fb0ab9\" srcset=\"https:\/\/brtk.net\/wp-content\/uploads\/2025\/05\/26\/holguin.jpg?ver=e703fcfdeb7c55e7a95c02c321fb0ab9 2048w, https:\/\/brtk.net\/wp-content\/uploads\/2025\/05\/26\/holguin-300x192.jpg?ver=e703fcfdeb7c55e7a95c02c321fb0ab9 300w, https:\/\/brtk.net\/wp-content\/uploads\/2025\/05\/26\/holguin-1024x657.jpg?ver=e703fcfdeb7c55e7a95c02c321fb0ab9 1024w, https:\/\/brtk.net\/wp-content\/uploads\/2025\/05\/26\/holguin-768x493.jpg?ver=e703fcfdeb7c55e7a95c02c321fb0ab9 768w, https:\/\/brtk.net\/wp-content\/uploads\/2025\/05\/26\/holguin-1536x986.jpg?ver=3daea4b06522f6977001b52f2496b656 1536w\"\/>                            <\/div>\n<p> Holgu\u00edn, Cumhurba\u015fkan\u0131 Tatar\u2019\u0131n m\u00fclkiyet konusundaki endi\u015felerini dikkatlice dinledi\u011fini belirterek, mart ay\u0131nda Cenevre\u2019de taraflar\u0131n mutab\u0131k kald\u0131\u011f\u0131 G\u00fcven Yarat\u0131c\u0131 \u00d6nlemler (GY\u00d6) konusunu ele ald\u0131klar\u0131n\u0131, temmuzda New York\u2019taki bir sonraki g\u00f6r\u00fc\u015fme i\u00e7in bu konularda sonu\u00e7 elde etmeleri gerekti\u011fini s\u00f6yledi. <\/p>\n<p>Holgu\u00edn, \u201c\u00c7al\u0131\u015faca\u011f\u0131z, ben elimden gelenin en iyisini yapmaya \u00e7al\u0131\u015faca\u011f\u0131m ve somut sonu\u00e7lar elde etmek i\u00e7in k\u00f6pr\u00fc kuraca\u011f\u0131m\u201d dedi.<\/p>\n<p>Holgu\u00edn, cuma g\u00fcn\u00fc K\u0131br\u0131s Rum lider  Nikos Hristodulidis ile yeniden bir araya gelece\u011fi bilgisini de payla\u015ft\u0131.<\/p>\n<p>G\u00fcven in\u015fa edilmesi gerekti\u011fini vurgulayan Holgu\u00edn, bunun i\u00e7in iki taraf\u0131n liderlerini ve liderlerin endi\u015felerini dinlemek gerekti\u011fini s\u00f6yledi.<\/p>\n<\/p><\/div>\n<p><script async\n                    defer\n                    crossorigin=\"anonymous\"\n                    src=\"https:\/\/connect.facebook.net\/tr_TR\/sdk.js#xfbml=1&#038;version=v3.3\"\n            ><\/script><br \/>\n<br \/><br \/>\n<br \/><a href=\"https:\/\/brtk.net\/tatar-holguin-gorusmesi-tamamlandiholguin-tatarin-mulkiyet-konusundaki-endiselerini-dikkatlice-dinledim\/\">Kaynak BRT <\/a><\/p>\n","protected":false},"excerpt":{"rendered":"<p>Cumhurba\u015fkan\u0131 Ersin Tatar\u2019\u0131n Birle\u015fmi\u015f Milletler (BM) Genel Sekreteri Antonio Guterres\u2019in K\u0131br\u0131s Ki\u015fisel Temsilcisi Maria Angela Holgu\u00edn Cuellar ile ba\u015f ba\u015fa g\u00f6r\u00fc\u015fmesi tamamland\u0131. Cumhurba\u015fkanl\u0131\u011f\u0131nda saat 10.30\u2019da ba\u015flayan g\u00f6r\u00fc\u015fme yakla\u015f\u0131k bir bu\u00e7uk saat s\u00fcrd\u00fc. G\u00f6r\u00fc\u015fme sonras\u0131 ilk olarak BM Genel Sekreteri\u2019nin K\u0131br\u0131s Ki\u015fisel Temsilcisi Holgu\u00edn, ard\u0131ndan Cumhurba\u015fkan\u0131 Tatar bas\u0131na a\u00e7\u0131klama yapt\u0131. Holgu\u00edn yapt\u0131\u011f\u0131 a\u00e7\u0131klamada, Cumhurba\u015fkan\u0131 Tatar ile [&hellip;]<\/p>\n","protected":false},"author":908,"featured_media":26596,"comment_status":"open","ping_status":"open","sticky":false,"template":"","format":"standard","meta":{"advanced_seo_description":"","jetpack_seo_html_title":"","jetpack_seo_noindex":false,"jetpack_seo_schema_type":"","_jetpack_newsletter_access":"","_jetpack_dont_email_post_to_subs":false,"_jetpack_newsletter_tier_id":0,"_jetpack_memberships_contains_paywalled_content":false,"_jetpack_feature_clip_id":0,"_jetpack_memberships_contains_paid_content":false,"footnotes":"","jetpack_publicize_message":"","jetpack_publicize_feature_enabled":true,"jetpack_social_post_already_shared":true,"jetpack_social_options":{"image_generator_settings":{"template":"highway","default_image_id":0,"font":"","enabled":false},"version":2},"jetpack_post_was_ever_published":false},"categories":[253],"tags":[],"class_list":["post-26595","post","type-post","status-publish","format-standard","has-post-thumbnail","hentry","category-gundem"],"jetpack_publicize_connections":[],"jetpack_featured_media_url":"https:\/\/kibrisayna.com\/wp-content\/uploads\/2025\/05\/tatar-holguin.jpeg","jetpack_sharing_enabled":true,"_links":{"self":[{"href":"https:\/\/kibrisayna.com\/index.php\/wp-json\/wp\/v2\/posts\/26595","targetHints":{"allow":["GET"]}}],"collection":[{"href":"https:\/\/kibrisayna.com\/index.php\/wp-json\/wp\/v2\/posts"}],"about":[{"href":"https:\/\/kibrisayna.com\/index.php\/wp-json\/wp\/v2\/types\/post"}],"author":[{"embeddable":true,"href":"https:\/\/kibrisayna.com\/index.php\/wp-json\/wp\/v2\/users\/908"}],"replies":[{"embeddable":true,"href":"https:\/\/kibrisayna.com\/index.php\/wp-json\/wp\/v2\/comments?post=26595"}],"version-history":[{"count":0,"href":"https:\/\/kibrisayna.com\/index.php\/wp-json\/wp\/v2\/posts\/26595\/revisions"}],"wp:featuredmedia":[{"embeddable":true,"href":"https:\/\/kibrisayna.com\/index.php\/wp-json\/wp\/v2\/media\/26596"}],"wp:attachment":[{"href":"https:\/\/kibrisayna.com\/index.php\/wp-json\/wp\/v2\/media?parent=26595"}],"wp:term":[{"taxonomy":"category","embeddable":true,"href":"https:\/\/kibrisayna.com\/index.php\/wp-json\/wp\/v2\/categories?post=26595"},{"taxonomy":"post_tag","embeddable":true,"href":"https:\/\/kibrisayna.com\/index.php\/wp-json\/wp\/v2\/tags?post=26595"}],"curies":[{"name":"wp","href":"https:\/\/api.w.org\/{rel}","templated":true}]}}