{"id":26322,"date":"2025-05-23T12:35:17","date_gmt":"2025-05-23T09:35:17","guid":{"rendered":"https:\/\/kibrisayna.com\/index.php\/2025\/05\/23\/1i-agir-2-yarali-brtk\/"},"modified":"2025-05-23T12:35:17","modified_gmt":"2025-05-23T09:35:17","slug":"1i-agir-2-yarali-brtk","status":"publish","type":"post","link":"https:\/\/kibrisayna.com\/index.php\/2025\/05\/23\/1i-agir-2-yarali-brtk\/","title":{"rendered":"1\u2019i a\u011f\u0131r 2 yaral\u0131 \u2013 BRTK"},"content":{"rendered":"<p> <br \/>\n<\/p>\n<div>\n<div class=\"mariselle-image-container none\">\n                <img loading=\"lazy\" decoding=\"async\" width=\"952\" height=\"984\" class=\"lazy-image\" alt=\"\" sizes=\"auto, (max-width: 952px) 100vw, 952px\" src=\"https:\/\/brtk.net\/wp-content\/uploads\/2025\/05\/18\/1747562784171polis-tamam123.jpeg?ver=180e44c5e6fb16baf25650404bda0d58\" srcset=\"https:\/\/brtk.net\/wp-content\/uploads\/2025\/05\/18\/1747562784171polis-tamam123.jpeg?ver=180e44c5e6fb16baf25650404bda0d58 952w, https:\/\/brtk.net\/wp-content\/uploads\/2025\/05\/18\/1747562784171polis-tamam123-290x300.jpeg?ver=1d280466c6e0db62b1bdb705eb2de3cc 290w, https:\/\/brtk.net\/wp-content\/uploads\/2025\/05\/18\/1747562784171polis-tamam123-768x794.jpeg?ver=1d280466c6e0db62b1bdb705eb2de3cc 768w\"\/>                            <\/div>\n<p>Girne ve Karaa\u011fa\u00e7\u2019ta meydana gelen iki i\u015f kazas\u0131nda biri a\u011f\u0131r olmak \u00fczere iki ki\u015fi yaraland\u0131.<\/p>\n<p>Polis Bas\u0131n Subayl\u0131\u011f\u0131\u2019ndan yap\u0131lan a\u00e7\u0131klamaya g\u00f6re, Girne\u2019de faaliyet g\u00f6steren bir i\u015fletmede garson olarak \u00e7al\u0131\u015fan\u00a0U\u011fur K\u0131l\u0131\u00e7sallayan (E-25),\u00a0\u00e7ar\u015famba g\u00fcn\u00fc saat 17.30 s\u0131ralar\u0131nda,\u00a0malzeme ta\u015f\u0131makta kullan\u0131lan asans\u00f6rden\u00a0 \u00e7\u0131kmak i\u00e7in ad\u0131m att\u0131\u011f\u0131 s\u0131rada asans\u00f6r\u00fcn d\u00fc\u015fmesi sonucu a\u011f\u0131r \u015fekilde yaraland\u0131.<\/p>\n<p>U\u011fur K\u0131l\u0131\u00e7sallayan, kald\u0131r\u0131ld\u0131\u011f\u0131 Dr. Suat G\u00fcnsel Girne \u00dcniversitesi Hastanesi\u2019nde yap\u0131lan m\u00fcdahalenin ard\u0131ndan, sevk edildi\u011fi Yak\u0131n Do\u011fu \u00dcniversitesi Hastanesi Yo\u011fun Bak\u0131m Servisinde m\u00fc\u015fahede alt\u0131na al\u0131nd\u0131.<\/p>\n<p>-Klima demiri aya\u011f\u0131na d\u00fc\u015fen ki\u015fi yaraland\u0131<\/p>\n<p>Karaa\u011fa\u00e7\u2019taki \u0130ngiliz Mahallesi\u2019nde ise d\u00fcn saat 17.00 s\u0131ralar\u0131nda Ahmet Yurtseven (E-36), \u00e7al\u0131\u015ft\u0131\u011f\u0131 in\u015faatta merdivenden inerken sol aya\u011f\u0131n\u0131n burkulup elinde tuttu\u011fu klima aya\u011f\u0131 demirinin sol aya\u011f\u0131na d\u00fc\u015fmesi sonucu yaraland\u0131.<\/p>\n<p>Yurtseven, kald\u0131r\u0131ld\u0131\u011f\u0131 Girne Dr. Ak\u00e7i\u00e7ek Hastanesi\u2019nde sol aya\u011f\u0131nda k\u0131r\u0131k te\u015fhisi nedeniyle yap\u0131lan tedavisinin ard\u0131ndan, Ortopedi Servisinde m\u00fc\u015fahede alt\u0131na al\u0131nd\u0131.<\/p>\n<p>-Mekan kapatma saatine uymayan i\u015fletmeciye yasal i\u015flem<\/p>\n<p>Girne\u2019de faaliyet g\u00f6steren e\u011flence mekanlar\u0131na d\u00fcn Girne Polis M\u00fcd\u00fcrl\u00fc\u011f\u00fcne ba\u011fl\u0131 ekipler taraf\u0131ndan yap\u0131lan denetimler sonucunda, bir i\u015fletmenin mekan kapatma saatine uymad\u0131\u011f\u0131 tespit edildi. Bahse konu i\u015fletmeci aleyhinde yasal i\u015flem ba\u015flat\u0131ld\u0131.<\/p>\n<p>-G\u00f6nyeli\u2019de sakin \u0130lhan \u00c7olak bulundu<\/p>\n<p>Ge\u00e7en cumartesinde beridir kay\u0131p oldu\u011fu bildirilen G\u00f6nyeli\u2019de sakin \u0130lhan \u00c7olak (E-51) bulundu.<\/p>\n<p>-Sigara izmariti yang\u0131na neden oldu<\/p>\n<p>Tepeba\u015f\u0131\u2019nda S\u00fcmb\u00fcl Sokak\u2019ta d\u00fcn saat 14.00 s\u0131ralar\u0131nda, bir evin giri\u015f k\u0131sm\u0131ndaki bah\u00e7ede, muhtemelen s\u00f6nmemi\u015f sigara izmaritinin \u015filte \u00fczerine d\u00fc\u015f\u00fcp \u015filteyi tutu\u015fturmas\u0131 sonucu yang\u0131n \u00e7\u0131kt\u0131.<\/p>\n<p>\u0130tfaiye ekipleri taraf\u0131ndan s\u00f6nd\u00fcr\u00fclen yang\u0131nda, \u015filte ile yatak, iki adet k\u0131yafet dolab\u0131 ile birlikte i\u00e7erisinde muhafaza edilen muhtelif k\u0131yafetler zarar g\u00f6rd\u00fc.<\/p>\n<\/p><\/div>\n<p><script async\n                    defer\n                    crossorigin=\"anonymous\"\n                    src=\"https:\/\/connect.facebook.net\/tr_TR\/sdk.js#xfbml=1&#038;version=v3.3\"\n            ><\/script><br \/>\n<br \/><br \/>\n<br \/><a href=\"https:\/\/brtk.net\/girne-ve-karaagacta-is-kazasi-1i-agir-2-yarali\/\"> <\/a><\/p>\n","protected":false},"excerpt":{"rendered":"<p>Girne ve Karaa\u011fa\u00e7\u2019ta meydana gelen iki i\u015f kazas\u0131nda biri a\u011f\u0131r olmak \u00fczere iki ki\u015fi yaraland\u0131. Polis Bas\u0131n Subayl\u0131\u011f\u0131\u2019ndan yap\u0131lan a\u00e7\u0131klamaya g\u00f6re, Girne\u2019de faaliyet g\u00f6steren bir i\u015fletmede garson olarak \u00e7al\u0131\u015fan\u00a0U\u011fur K\u0131l\u0131\u00e7sallayan (E-25),\u00a0\u00e7ar\u015famba g\u00fcn\u00fc saat 17.30 s\u0131ralar\u0131nda,\u00a0malzeme ta\u015f\u0131makta kullan\u0131lan asans\u00f6rden\u00a0 \u00e7\u0131kmak i\u00e7in ad\u0131m att\u0131\u011f\u0131 s\u0131rada asans\u00f6r\u00fcn d\u00fc\u015fmesi sonucu a\u011f\u0131r \u015fekilde yaraland\u0131. U\u011fur K\u0131l\u0131\u00e7sallayan, kald\u0131r\u0131ld\u0131\u011f\u0131 Dr. Suat G\u00fcnsel [&hellip;]<\/p>\n","protected":false},"author":908,"featured_media":12558,"comment_status":"open","ping_status":"open","sticky":false,"template":"","format":"standard","meta":{"advanced_seo_description":"","jetpack_seo_html_title":"","jetpack_seo_noindex":false,"jetpack_seo_schema_type":"","_jetpack_newsletter_access":"","_jetpack_dont_email_post_to_subs":false,"_jetpack_newsletter_tier_id":0,"_jetpack_memberships_contains_paywalled_content":false,"_jetpack_feature_clip_id":0,"_jetpack_memberships_contains_paid_content":false,"footnotes":"","jetpack_publicize_message":"","jetpack_publicize_feature_enabled":true,"jetpack_social_post_already_shared":true,"jetpack_social_options":{"image_generator_settings":{"template":"highway","default_image_id":0,"font":"","enabled":false},"version":2},"jetpack_post_was_ever_published":false},"categories":[253,19],"tags":[],"class_list":["post-26322","post","type-post","status-publish","format-standard","has-post-thumbnail","hentry","category-gundem","category-manset"],"jetpack_publicize_connections":[],"jetpack_featured_media_url":"https:\/\/kibrisayna.com\/wp-content\/uploads\/2024\/11\/kktc-polis2.jpg","jetpack_sharing_enabled":true,"_links":{"self":[{"href":"https:\/\/kibrisayna.com\/index.php\/wp-json\/wp\/v2\/posts\/26322","targetHints":{"allow":["GET"]}}],"collection":[{"href":"https:\/\/kibrisayna.com\/index.php\/wp-json\/wp\/v2\/posts"}],"about":[{"href":"https:\/\/kibrisayna.com\/index.php\/wp-json\/wp\/v2\/types\/post"}],"author":[{"embeddable":true,"href":"https:\/\/kibrisayna.com\/index.php\/wp-json\/wp\/v2\/users\/908"}],"replies":[{"embeddable":true,"href":"https:\/\/kibrisayna.com\/index.php\/wp-json\/wp\/v2\/comments?post=26322"}],"version-history":[{"count":0,"href":"https:\/\/kibrisayna.com\/index.php\/wp-json\/wp\/v2\/posts\/26322\/revisions"}],"wp:featuredmedia":[{"embeddable":true,"href":"https:\/\/kibrisayna.com\/index.php\/wp-json\/wp\/v2\/media\/12558"}],"wp:attachment":[{"href":"https:\/\/kibrisayna.com\/index.php\/wp-json\/wp\/v2\/media?parent=26322"}],"wp:term":[{"taxonomy":"category","embeddable":true,"href":"https:\/\/kibrisayna.com\/index.php\/wp-json\/wp\/v2\/categories?post=26322"},{"taxonomy":"post_tag","embeddable":true,"href":"https:\/\/kibrisayna.com\/index.php\/wp-json\/wp\/v2\/tags?post=26322"}],"curies":[{"name":"wp","href":"https:\/\/api.w.org\/{rel}","templated":true}]}}