{"id":26238,"date":"2025-05-22T13:30:01","date_gmt":"2025-05-22T10:30:01","guid":{"rendered":"https:\/\/kibrisayna.com\/index.php\/2025\/05\/22\/ktffde-tek-aday-sertoglu-brtk\/"},"modified":"2025-05-22T13:30:01","modified_gmt":"2025-05-22T10:30:01","slug":"ktffde-tek-aday-sertoglu-brtk","status":"publish","type":"post","link":"https:\/\/kibrisayna.com\/index.php\/2025\/05\/22\/ktffde-tek-aday-sertoglu-brtk\/","title":{"rendered":"KTFF\u2019de tek aday Serto\u011flu \u2013 BRTK"},"content":{"rendered":"<p> <br \/>\n<\/p>\n<div>\n<div class=\"mariselle-image-container center\">\n                <img loading=\"lazy\" decoding=\"async\" width=\"2048\" height=\"1504\" class=\"lazy-image\" alt=\"\" sizes=\"auto, (max-width: 2048px) 100vw, 2048px\" src=\"https:\/\/brtk.net\/wp-content\/uploads\/2025\/05\/22\/KTFF.jpg?ver=6e4891fc0cba367ba82659974c8a5566\" srcset=\"https:\/\/brtk.net\/wp-content\/uploads\/2025\/05\/22\/KTFF.jpg?ver=6e4891fc0cba367ba82659974c8a5566 2048w, https:\/\/brtk.net\/wp-content\/uploads\/2025\/05\/22\/KTFF-300x220.jpg?ver=6e4891fc0cba367ba82659974c8a5566 300w, https:\/\/brtk.net\/wp-content\/uploads\/2025\/05\/22\/KTFF-1024x752.jpg?ver=a20b1ff5d83e5b6841f6002010d5788b 1024w, https:\/\/brtk.net\/wp-content\/uploads\/2025\/05\/22\/KTFF-768x564.jpg?ver=a20b1ff5d83e5b6841f6002010d5788b 768w, https:\/\/brtk.net\/wp-content\/uploads\/2025\/05\/22\/KTFF-1536x1128.jpg?ver=ff3e19bdd40120cfd38a9e8b676d21a8 1536w\"\/>                            <\/div>\n<p>K\u0131br\u0131s T\u00fcrk Futbol Federasyonu ba\u015fkanl\u0131\u011f\u0131na tek aday Hasan Serto\u011flu oldu.<br \/>17 Haziran Cumartesi g\u00fcn\u00fc ger\u00e7ekle\u015ftirilecek olan Ola\u011fan Genel Se\u00e7imli<br \/>Genel Kurul\u2019da ba\u015fkan adayl\u0131\u011f\u0131 i\u00e7in belirtilen s\u00fcre d\u00fcn tamamland\u0131.<br \/>Belirlenen s\u00fcre i\u00e7erisinde Futbol Federasyonu  Genel Sekreterli\u011fi\u2019ne yaz\u0131l\u0131 olarak t\u00fcz\u00fc\u011fe uygun \u015fartlarda tek ba\u015fvuruyu mevcut ba\u015fkan Hasan Serto\u011flu\u2019nun yapt\u0131\u011f\u0131 belirtildi.<br \/>Ola\u011fan Se\u00e7imli Genel Kurul 17 Haziran Cumartesi g\u00fcn\u00fc saat 10.00\u2019da KTFF Ahmed Sami Topcan Toplant\u0131 Salonu\u2019nda ger\u00e7ekle\u015ftirilecek.<\/p>\n<\/p><\/div>\n<p><script async\n                    defer\n                    crossorigin=\"anonymous\"\n                    src=\"https:\/\/connect.facebook.net\/tr_TR\/sdk.js#xfbml=1&#038;version=v3.3\"\n            ><\/script><br \/>\n<br \/><br \/>\n<br \/><a href=\"https:\/\/brtk.net\/ktffde-tek-aday-sertoglu\/\">Kaynak BRT <\/a><\/p>\n","protected":false},"excerpt":{"rendered":"<p>K\u0131br\u0131s T\u00fcrk Futbol Federasyonu ba\u015fkanl\u0131\u011f\u0131na tek aday Hasan Serto\u011flu oldu.17 Haziran Cumartesi g\u00fcn\u00fc ger\u00e7ekle\u015ftirilecek olan Ola\u011fan Genel Se\u00e7imliGenel Kurul\u2019da ba\u015fkan adayl\u0131\u011f\u0131 i\u00e7in belirtilen s\u00fcre d\u00fcn tamamland\u0131.Belirlenen s\u00fcre i\u00e7erisinde Futbol Federasyonu Genel Sekreterli\u011fi\u2019ne yaz\u0131l\u0131 olarak t\u00fcz\u00fc\u011fe uygun \u015fartlarda tek ba\u015fvuruyu mevcut ba\u015fkan Hasan Serto\u011flu\u2019nun yapt\u0131\u011f\u0131 belirtildi.Ola\u011fan Se\u00e7imli Genel Kurul 17 Haziran Cumartesi g\u00fcn\u00fc saat 10.00\u2019da KTFF [&hellip;]<\/p>\n","protected":false},"author":908,"featured_media":26239,"comment_status":"open","ping_status":"open","sticky":false,"template":"","format":"standard","meta":{"advanced_seo_description":"","jetpack_seo_html_title":"","jetpack_seo_noindex":false,"jetpack_seo_schema_type":"","_jetpack_newsletter_access":"","_jetpack_dont_email_post_to_subs":false,"_jetpack_newsletter_tier_id":0,"_jetpack_memberships_contains_paywalled_content":false,"_jetpack_feature_clip_id":0,"_jetpack_memberships_contains_paid_content":false,"footnotes":"","jetpack_publicize_message":"","jetpack_publicize_feature_enabled":true,"jetpack_social_post_already_shared":true,"jetpack_social_options":{"image_generator_settings":{"template":"highway","default_image_id":0,"font":"","enabled":false},"version":2},"jetpack_post_was_ever_published":false},"categories":[9],"tags":[],"class_list":["post-26238","post","type-post","status-publish","format-standard","has-post-thumbnail","hentry","category-spor"],"jetpack_publicize_connections":[],"jetpack_featured_media_url":"https:\/\/kibrisayna.com\/wp-content\/uploads\/2025\/05\/KTFF.jpg","jetpack_sharing_enabled":true,"_links":{"self":[{"href":"https:\/\/kibrisayna.com\/index.php\/wp-json\/wp\/v2\/posts\/26238","targetHints":{"allow":["GET"]}}],"collection":[{"href":"https:\/\/kibrisayna.com\/index.php\/wp-json\/wp\/v2\/posts"}],"about":[{"href":"https:\/\/kibrisayna.com\/index.php\/wp-json\/wp\/v2\/types\/post"}],"author":[{"embeddable":true,"href":"https:\/\/kibrisayna.com\/index.php\/wp-json\/wp\/v2\/users\/908"}],"replies":[{"embeddable":true,"href":"https:\/\/kibrisayna.com\/index.php\/wp-json\/wp\/v2\/comments?post=26238"}],"version-history":[{"count":0,"href":"https:\/\/kibrisayna.com\/index.php\/wp-json\/wp\/v2\/posts\/26238\/revisions"}],"wp:featuredmedia":[{"embeddable":true,"href":"https:\/\/kibrisayna.com\/index.php\/wp-json\/wp\/v2\/media\/26239"}],"wp:attachment":[{"href":"https:\/\/kibrisayna.com\/index.php\/wp-json\/wp\/v2\/media?parent=26238"}],"wp:term":[{"taxonomy":"category","embeddable":true,"href":"https:\/\/kibrisayna.com\/index.php\/wp-json\/wp\/v2\/categories?post=26238"},{"taxonomy":"post_tag","embeddable":true,"href":"https:\/\/kibrisayna.com\/index.php\/wp-json\/wp\/v2\/tags?post=26238"}],"curies":[{"name":"wp","href":"https:\/\/api.w.org\/{rel}","templated":true}]}}