{"id":26115,"date":"2025-05-21T10:02:27","date_gmt":"2025-05-21T07:02:27","guid":{"rendered":"https:\/\/kibrisayna.com\/index.php\/2025\/05\/21\/alaykoy-sanayi-bolgesinin-bir-kismi-bugun-4-saat-elektriksiz-kalacak-brtk\/"},"modified":"2025-05-21T10:02:27","modified_gmt":"2025-05-21T07:02:27","slug":"alaykoy-sanayi-bolgesinin-bir-kismi-bugun-4-saat-elektriksiz-kalacak-brtk","status":"publish","type":"post","link":"https:\/\/kibrisayna.com\/index.php\/2025\/05\/21\/alaykoy-sanayi-bolgesinin-bir-kismi-bugun-4-saat-elektriksiz-kalacak-brtk\/","title":{"rendered":"Alayk\u00f6y Sanayi B\u00f6lgesinin bir k\u0131sm\u0131 bug\u00fcn 4 saat elektriksiz kalacak \u2013 BRTK"},"content":{"rendered":"<p> <br \/>\n<\/p>\n<div>\n<div class=\"mariselle-image-container center\">\n                <img loading=\"lazy\" decoding=\"async\" width=\"600\" height=\"400\" class=\"lazy-image\" alt=\"\" sizes=\"auto, (max-width: 600px) 100vw, 600px\" src=\"https:\/\/brtk.net\/wp-content\/uploads\/2023\/09\/24\/elektrik-kesintisi781.jpg?ver=e627236f0856dfcb2303bba6aa73c9b6\" srcset=\"https:\/\/brtk.net\/wp-content\/uploads\/2023\/09\/24\/elektrik-kesintisi781.jpg?ver=e627236f0856dfcb2303bba6aa73c9b6 600w, https:\/\/brtk.net\/wp-content\/uploads\/2023\/09\/24\/elektrik-kesintisi781-300x200.jpg?ver=e627236f0856dfcb2303bba6aa73c9b6 300w\"\/>                            <\/div>\n<p>K\u0131br\u0131s T\u00fcrk Elektrik Kurumu (K\u0131b-Tek), al\u00e7ak gerilim elektrik \u015febekesinde yap\u0131lacak proje \u00e7al\u0131\u015fmalar\u0131 nedeniyle Alayk\u00f6y Sanayi B\u00f6lgesinin bir k\u0131sm\u0131na bug\u00fcn d\u00f6rt saat s\u00fcreyle elektrik verilemeyece\u011fini duyurdu. <\/p>\n<p>K\u0131b-Tek\u2019ten verilen bilgiye g\u00f6re kesinti, 10.00-14.00 saatleri aras\u0131nda Alayk\u00f6y Sanayi B\u00f6lgesi birinci caddenin bir k\u0131sm\u0131nda (Ada Mobilya, Oero Trading, Kipori Investment ve Fastad G\u0131da Da\u011f\u0131t\u0131m) ge\u00e7ekle\u015ftirilecek.<\/p>\n<\/p><\/div>\n<p><script async\n                    defer\n                    crossorigin=\"anonymous\"\n                    src=\"https:\/\/connect.facebook.net\/tr_TR\/sdk.js#xfbml=1&#038;version=v3.3\"\n            ><\/script><br \/>\n<br \/><br \/>\n<br \/><a href=\"https:\/\/brtk.net\/alaykoy-sanayi-bolgesinin-bir-kismi-bugun-4-saat-elektriksiz-kalacak\/\">Kaynak BRT <\/a><\/p>\n","protected":false},"excerpt":{"rendered":"<p>K\u0131br\u0131s T\u00fcrk Elektrik Kurumu (K\u0131b-Tek), al\u00e7ak gerilim elektrik \u015febekesinde yap\u0131lacak proje \u00e7al\u0131\u015fmalar\u0131 nedeniyle Alayk\u00f6y Sanayi B\u00f6lgesinin bir k\u0131sm\u0131na bug\u00fcn d\u00f6rt saat s\u00fcreyle elektrik verilemeyece\u011fini duyurdu. K\u0131b-Tek\u2019ten verilen bilgiye g\u00f6re kesinti, 10.00-14.00 saatleri aras\u0131nda Alayk\u00f6y Sanayi B\u00f6lgesi birinci caddenin bir k\u0131sm\u0131nda (Ada Mobilya, Oero Trading, Kipori Investment ve Fastad G\u0131da Da\u011f\u0131t\u0131m) ge\u00e7ekle\u015ftirilecek. Kaynak BRT<\/p>\n","protected":false},"author":908,"featured_media":8253,"comment_status":"open","ping_status":"open","sticky":false,"template":"","format":"standard","meta":{"advanced_seo_description":"","jetpack_seo_html_title":"","jetpack_seo_noindex":false,"jetpack_seo_schema_type":"","_jetpack_newsletter_access":"","_jetpack_dont_email_post_to_subs":false,"_jetpack_newsletter_tier_id":0,"_jetpack_memberships_contains_paywalled_content":false,"_jetpack_feature_clip_id":0,"_jetpack_memberships_contains_paid_content":false,"footnotes":"","jetpack_publicize_message":"","jetpack_publicize_feature_enabled":true,"jetpack_social_post_already_shared":true,"jetpack_social_options":{"image_generator_settings":{"template":"highway","default_image_id":0,"font":"","enabled":false},"version":2},"jetpack_post_was_ever_published":false},"categories":[253],"tags":[],"class_list":["post-26115","post","type-post","status-publish","format-standard","has-post-thumbnail","hentry","category-gundem"],"jetpack_publicize_connections":[],"jetpack_featured_media_url":"https:\/\/kibrisayna.com\/wp-content\/uploads\/2024\/10\/elektrik-kesinti33.jpg","jetpack_sharing_enabled":true,"_links":{"self":[{"href":"https:\/\/kibrisayna.com\/index.php\/wp-json\/wp\/v2\/posts\/26115","targetHints":{"allow":["GET"]}}],"collection":[{"href":"https:\/\/kibrisayna.com\/index.php\/wp-json\/wp\/v2\/posts"}],"about":[{"href":"https:\/\/kibrisayna.com\/index.php\/wp-json\/wp\/v2\/types\/post"}],"author":[{"embeddable":true,"href":"https:\/\/kibrisayna.com\/index.php\/wp-json\/wp\/v2\/users\/908"}],"replies":[{"embeddable":true,"href":"https:\/\/kibrisayna.com\/index.php\/wp-json\/wp\/v2\/comments?post=26115"}],"version-history":[{"count":0,"href":"https:\/\/kibrisayna.com\/index.php\/wp-json\/wp\/v2\/posts\/26115\/revisions"}],"wp:featuredmedia":[{"embeddable":true,"href":"https:\/\/kibrisayna.com\/index.php\/wp-json\/wp\/v2\/media\/8253"}],"wp:attachment":[{"href":"https:\/\/kibrisayna.com\/index.php\/wp-json\/wp\/v2\/media?parent=26115"}],"wp:term":[{"taxonomy":"category","embeddable":true,"href":"https:\/\/kibrisayna.com\/index.php\/wp-json\/wp\/v2\/categories?post=26115"},{"taxonomy":"post_tag","embeddable":true,"href":"https:\/\/kibrisayna.com\/index.php\/wp-json\/wp\/v2\/tags?post=26115"}],"curies":[{"name":"wp","href":"https:\/\/api.w.org\/{rel}","templated":true}]}}