{"id":26112,"date":"2025-05-21T09:34:24","date_gmt":"2025-05-21T06:34:24","guid":{"rendered":"https:\/\/kibrisayna.com\/index.php\/2025\/05\/21\/yalovada-feci-olay-fren-yerine-gaza-basti-lise-ogrencisi-aracin-altinda-kaldi-son-dakika-turkiye-haberleri\/"},"modified":"2025-05-21T09:34:24","modified_gmt":"2025-05-21T06:34:24","slug":"yalovada-feci-olay-fren-yerine-gaza-basti-lise-ogrencisi-aracin-altinda-kaldi-son-dakika-turkiye-haberleri","status":"publish","type":"post","link":"https:\/\/kibrisayna.com\/index.php\/2025\/05\/21\/yalovada-feci-olay-fren-yerine-gaza-basti-lise-ogrencisi-aracin-altinda-kaldi-son-dakika-turkiye-haberleri\/","title":{"rendered":"Yalova&#8217;da feci olay: Fren yerine gaza bast\u0131, lise \u00f6\u011frencisi arac\u0131n alt\u0131nda kald\u0131 &#8211; Son Dakika T\u00fcrkiye Haberleri"},"content":{"rendered":"<p> <br \/>\n<\/p>\n<div>\n<p><a href=\"https:\/\/www.ntv.com.tr\/yalova\" target=\"_blank\" rel=\"tag noopener\">Yalova<\/a>&#8216;n\u0131n Kad\u0131k\u00f6y beldesinde iddiaya g\u00f6re E.G. otomobilini park etmek istedi\u011fi s\u0131rada fren yerine yanl\u0131\u015fl\u0131kla gaza bas\u0131nca, kald\u0131r\u0131mda arkada\u015f\u0131yla y\u00fcr\u00fcyen Sena Nur \u015eahin&#8217;e\u00a0(18) \u00e7arparak arac\u0131n alt\u0131na ald\u0131.<\/p>\n<p>D\u00fcn saat 14.00 s\u0131ralar\u0131nda ya\u015fanan kazay\u0131 g\u00f6ren vatanda\u015flar, yard\u0131ma ko\u015farak otomobili kendi \u00e7abalar\u0131yla kald\u0131r\u0131p \u015eahin\u2019i arac\u0131n alt\u0131ndan \u00e7\u0131kard\u0131.<\/p>\n<p>\u0130hbar \u00fczerine olay yerine jandarma ve sa\u011fl\u0131k ekipleri sevk edildi. A\u011f\u0131r yaralanan Sena Nur \u015eahin, sa\u011fl\u0131k ekiplerinin ilk m\u00fcdahalesinin ard\u0131ndan Yalova E\u011fitim ve Ara\u015ft\u0131rma Hastanesi\u2019ne kald\u0131r\u0131ld\u0131.<\/p>\n<p><strong>DURUMU A\u011eIR<\/strong><\/p>\n<p>Ent\u00fcbe edilen gen\u00e7 k\u0131z\u0131n sa\u011fl\u0131k durumunun ciddiyetini korudu\u011fu \u00f6\u011frenildi.<\/p>\n<p><strong>S\u00dcR\u00dcC\u00dc G\u00d6ZALTINDA<\/strong><\/p>\n<p>Kazaya neden olan s\u00fcr\u00fcc\u00fc E.G., jandarma ekipleri taraf\u0131ndan g\u00f6zalt\u0131na al\u0131n\u0131rken, olayla ilgili soru\u015fturma ba\u015flat\u0131ld\u0131.<\/p>\n<\/div>\n<p><br \/>\n<br \/><a href=\"https:\/\/www.ntv.com.tr\/turkiye\/yalovada-feci-olay-fren-yerine-gaza-basti-lise-ogrencisi-aracin-altinda-kaldi,IVG00R5dRU2121s61qq49A\"><\/a><\/p>\n","protected":false},"excerpt":{"rendered":"<p>Yalova&#8216;n\u0131n Kad\u0131k\u00f6y beldesinde iddiaya g\u00f6re E.G. otomobilini park etmek istedi\u011fi s\u0131rada fren yerine yanl\u0131\u015fl\u0131kla gaza bas\u0131nca, kald\u0131r\u0131mda arkada\u015f\u0131yla y\u00fcr\u00fcyen Sena Nur \u015eahin&#8217;e\u00a0(18) \u00e7arparak arac\u0131n alt\u0131na ald\u0131. D\u00fcn saat 14.00 s\u0131ralar\u0131nda ya\u015fanan kazay\u0131 g\u00f6ren vatanda\u015flar, yard\u0131ma ko\u015farak otomobili kendi \u00e7abalar\u0131yla kald\u0131r\u0131p \u015eahin\u2019i arac\u0131n alt\u0131ndan \u00e7\u0131kard\u0131. \u0130hbar \u00fczerine olay yerine jandarma ve sa\u011fl\u0131k ekipleri sevk edildi. A\u011f\u0131r [&hellip;]<\/p>\n","protected":false},"author":908,"featured_media":26109,"comment_status":"open","ping_status":"open","sticky":false,"template":"","format":"standard","meta":{"advanced_seo_description":"","jetpack_seo_html_title":"","jetpack_seo_noindex":false,"jetpack_seo_schema_type":"","_jetpack_newsletter_access":"","_jetpack_dont_email_post_to_subs":false,"_jetpack_newsletter_tier_id":0,"_jetpack_memberships_contains_paywalled_content":false,"_jetpack_feature_clip_id":0,"_jetpack_memberships_contains_paid_content":false,"footnotes":"","jetpack_publicize_message":"","jetpack_publicize_feature_enabled":true,"jetpack_social_post_already_shared":true,"jetpack_social_options":{"image_generator_settings":{"template":"highway","default_image_id":0,"font":"","enabled":false},"version":2},"jetpack_post_was_ever_published":false},"categories":[13],"tags":[],"class_list":["post-26112","post","type-post","status-publish","format-standard","has-post-thumbnail","hentry","category-otomobil"],"jetpack_publicize_connections":[],"jetpack_featured_media_url":"https:\/\/kibrisayna.com\/wp-content\/uploads\/2025\/05\/H3Pu9h86K0-pD507xfIlNg.jpg","jetpack_sharing_enabled":true,"_links":{"self":[{"href":"https:\/\/kibrisayna.com\/index.php\/wp-json\/wp\/v2\/posts\/26112","targetHints":{"allow":["GET"]}}],"collection":[{"href":"https:\/\/kibrisayna.com\/index.php\/wp-json\/wp\/v2\/posts"}],"about":[{"href":"https:\/\/kibrisayna.com\/index.php\/wp-json\/wp\/v2\/types\/post"}],"author":[{"embeddable":true,"href":"https:\/\/kibrisayna.com\/index.php\/wp-json\/wp\/v2\/users\/908"}],"replies":[{"embeddable":true,"href":"https:\/\/kibrisayna.com\/index.php\/wp-json\/wp\/v2\/comments?post=26112"}],"version-history":[{"count":0,"href":"https:\/\/kibrisayna.com\/index.php\/wp-json\/wp\/v2\/posts\/26112\/revisions"}],"wp:featuredmedia":[{"embeddable":true,"href":"https:\/\/kibrisayna.com\/index.php\/wp-json\/wp\/v2\/media\/26109"}],"wp:attachment":[{"href":"https:\/\/kibrisayna.com\/index.php\/wp-json\/wp\/v2\/media?parent=26112"}],"wp:term":[{"taxonomy":"category","embeddable":true,"href":"https:\/\/kibrisayna.com\/index.php\/wp-json\/wp\/v2\/categories?post=26112"},{"taxonomy":"post_tag","embeddable":true,"href":"https:\/\/kibrisayna.com\/index.php\/wp-json\/wp\/v2\/tags?post=26112"}],"curies":[{"name":"wp","href":"https:\/\/api.w.org\/{rel}","templated":true}]}}