{"id":26091,"date":"2025-05-20T20:29:44","date_gmt":"2025-05-20T17:29:44","guid":{"rendered":"https:\/\/kibrisayna.com\/index.php\/2025\/05\/20\/elon-musktan-tesla-aciklamasi-olmedigim-surece-devam-edecegim\/"},"modified":"2025-05-20T20:29:44","modified_gmt":"2025-05-20T17:29:44","slug":"elon-musktan-tesla-aciklamasi-olmedigim-surece-devam-edecegim","status":"publish","type":"post","link":"https:\/\/kibrisayna.com\/index.php\/2025\/05\/20\/elon-musktan-tesla-aciklamasi-olmedigim-surece-devam-edecegim\/","title":{"rendered":"Elon Musk&#8217;tan Tesla a\u00e7\u0131klamas\u0131: \u00d6lmedi\u011fim s\u00fcrece devam edece\u011fim"},"content":{"rendered":"<p> <br \/>\n<\/p>\n<div>\n<p>D\u00fcnyan\u0131n en zengin insan\u0131 <a href=\"https:\/\/www.ntv.com.tr\/elon-musk\" target=\"_blank\" rel=\"tag noopener\">Elon Musk<\/a><span id=\"mce_marker\" data-mce-type=\"bookmark\">\ufeff\u200b<\/span>, Katar&#8217;da d\u00fczenlenen bir ekonomi forumunda yapt\u0131\u011f\u0131 a\u00e7\u0131klamada, &#8220;\u00f6lmedi\u011fi s\u00fcrece&#8221; \u00f6n\u00fcm\u00fczdeki be\u015f y\u0131l boyunca Tesla&#8217;n\u0131n CEO&#8217;su olarak kalmaya kararl\u0131 oldu\u011funu s\u00f6yledi.<\/p>\n<p>Musk, Tesla\u2019n\u0131n ba\u015f\u0131nda kalmas\u0131n\u0131n en \u00f6nemli ko\u015fulunun \u015firket \u00fczerinde makul bir kontrol sahibi olmak oldu\u011funu belirtti.<\/p>\n<p><strong>&#8220;EN ZAYIF PAZAR AVRUPA&#8221;<\/strong><\/p>\n<p>Tesla&#8217;n\u0131n zaten \u201cba\u015far\u0131l\u0131 bir d\u00f6n\u00fc\u015f\u00fcm\u201d ge\u00e7irdi\u011fini ifade eden Musk, \u015firketin en zay\u0131f pazar\u0131n\u0131n Avrupa oldu\u011funu, di\u011fer b\u00f6lgelerde ise talebin g\u00fc\u00e7l\u00fc kald\u0131\u011f\u0131n\u0131 dile getirdi.<\/p>\n<p>Musk ayr\u0131ca, internet hizmeti Starlink&#8217;in gelecekte halka arz edilebilece\u011fini ancak bunun i\u00e7in acil bir plan olmad\u0131\u011f\u0131n\u0131 s\u00f6yledi. <\/p>\n<p>Starlink\u2019in \u015fu anda d\u00fcnya genelinde 70\u2019ten fazla \u00fclkede faaliyet g\u00f6sterdi\u011fini belirten Musk, \u00f6zellikle Hindistan gibi geli\u015fmekte olan pazarlarda b\u00fcy\u00fcmeye odakland\u0131klar\u0131n\u0131 vurgulad\u0131.<\/p>\n<p>Yapay zeka sekt\u00f6r\u00fcne ili\u015fkin de\u011ferlendirmelerde de bulunan Musk, <a href=\"https:\/\/www.ntv.com.tr\/abd\" target=\"_blank\" rel=\"tag noopener\">ABD<\/a>\u2019de bu alanda baz\u0131 d\u00fczenlemelerin olmas\u0131 gerekti\u011fini, ancak sekt\u00f6r\u00fcn a\u015f\u0131r\u0131 \u015fekilde reg\u00fcle edilmemesi gerekti\u011fini savundu.<\/p>\n<p>Musk\u2019\u0131n yapay zeka \u015firketi xAI, daha geli\u015fmi\u015f modellerin e\u011fitimi i\u00e7in veri merkezi kapasitesini art\u0131rmay\u0131 hedefliyor. Bu ama\u00e7la milyarlarca dolarl\u0131k yat\u0131r\u0131m topland\u0131\u011f\u0131 belirtiliyor. <\/p>\n<p>\u015eirketin Tennessee eyaletinin Memphis kentinde kurdu\u011fu \u201cColossus\u201d adl\u0131 s\u00fcper bilgisayar k\u00fcmesi, d\u00fcnyan\u0131n en b\u00fcy\u00fcklerinden biri olarak g\u00f6steriliyor.<\/p>\n<\/div>\n<p><br \/>\n<br \/><a href=\"https:\/\/www.ntv.com.tr\/otomobil\/elon-musktan-tesla-aciklamasi-olmedigim-surece-devam-edecegim,1DvMUOjqvEK7wInTcvO7QQ\"><\/a><\/p>\n","protected":false},"excerpt":{"rendered":"<p>D\u00fcnyan\u0131n en zengin insan\u0131 Elon Musk\ufeff\u200b, Katar&#8217;da d\u00fczenlenen bir ekonomi forumunda yapt\u0131\u011f\u0131 a\u00e7\u0131klamada, &#8220;\u00f6lmedi\u011fi s\u00fcrece&#8221; \u00f6n\u00fcm\u00fczdeki be\u015f y\u0131l boyunca Tesla&#8217;n\u0131n CEO&#8217;su olarak kalmaya kararl\u0131 oldu\u011funu s\u00f6yledi. Musk, Tesla\u2019n\u0131n ba\u015f\u0131nda kalmas\u0131n\u0131n en \u00f6nemli ko\u015fulunun \u015firket \u00fczerinde makul bir kontrol sahibi olmak oldu\u011funu belirtti. &#8220;EN ZAYIF PAZAR AVRUPA&#8221; Tesla&#8217;n\u0131n zaten \u201cba\u015far\u0131l\u0131 bir d\u00f6n\u00fc\u015f\u00fcm\u201d ge\u00e7irdi\u011fini ifade eden Musk, [&hellip;]<\/p>\n","protected":false},"author":908,"featured_media":26092,"comment_status":"open","ping_status":"open","sticky":false,"template":"","format":"standard","meta":{"advanced_seo_description":"","jetpack_seo_html_title":"","jetpack_seo_noindex":false,"jetpack_seo_schema_type":"","_jetpack_newsletter_access":"","_jetpack_dont_email_post_to_subs":false,"_jetpack_newsletter_tier_id":0,"_jetpack_memberships_contains_paywalled_content":false,"_jetpack_feature_clip_id":0,"_jetpack_memberships_contains_paid_content":false,"footnotes":"","jetpack_publicize_message":"","jetpack_publicize_feature_enabled":true,"jetpack_social_post_already_shared":true,"jetpack_social_options":{"image_generator_settings":{"template":"highway","default_image_id":0,"font":"","enabled":false},"version":2},"jetpack_post_was_ever_published":false},"categories":[12],"tags":[],"class_list":["post-26091","post","type-post","status-publish","format-standard","has-post-thumbnail","hentry","category-teknoloji"],"jetpack_publicize_connections":[],"jetpack_featured_media_url":"https:\/\/kibrisayna.com\/wp-content\/uploads\/2025\/05\/fLtxoZNU8ESKclE2_xLH1g.jpg","jetpack_sharing_enabled":true,"_links":{"self":[{"href":"https:\/\/kibrisayna.com\/index.php\/wp-json\/wp\/v2\/posts\/26091","targetHints":{"allow":["GET"]}}],"collection":[{"href":"https:\/\/kibrisayna.com\/index.php\/wp-json\/wp\/v2\/posts"}],"about":[{"href":"https:\/\/kibrisayna.com\/index.php\/wp-json\/wp\/v2\/types\/post"}],"author":[{"embeddable":true,"href":"https:\/\/kibrisayna.com\/index.php\/wp-json\/wp\/v2\/users\/908"}],"replies":[{"embeddable":true,"href":"https:\/\/kibrisayna.com\/index.php\/wp-json\/wp\/v2\/comments?post=26091"}],"version-history":[{"count":0,"href":"https:\/\/kibrisayna.com\/index.php\/wp-json\/wp\/v2\/posts\/26091\/revisions"}],"wp:featuredmedia":[{"embeddable":true,"href":"https:\/\/kibrisayna.com\/index.php\/wp-json\/wp\/v2\/media\/26092"}],"wp:attachment":[{"href":"https:\/\/kibrisayna.com\/index.php\/wp-json\/wp\/v2\/media?parent=26091"}],"wp:term":[{"taxonomy":"category","embeddable":true,"href":"https:\/\/kibrisayna.com\/index.php\/wp-json\/wp\/v2\/categories?post=26091"},{"taxonomy":"post_tag","embeddable":true,"href":"https:\/\/kibrisayna.com\/index.php\/wp-json\/wp\/v2\/tags?post=26091"}],"curies":[{"name":"wp","href":"https:\/\/api.w.org\/{rel}","templated":true}]}}