{"id":26080,"date":"2025-05-20T18:58:13","date_gmt":"2025-05-20T15:58:13","guid":{"rendered":"https:\/\/kibrisayna.com\/index.php\/2025\/05\/20\/genclerimize-uygulanan-izolasyonlar-kaldirilmali-brtk\/"},"modified":"2025-05-20T18:58:13","modified_gmt":"2025-05-20T15:58:13","slug":"genclerimize-uygulanan-izolasyonlar-kaldirilmali-brtk","status":"publish","type":"post","link":"https:\/\/kibrisayna.com\/index.php\/2025\/05\/20\/genclerimize-uygulanan-izolasyonlar-kaldirilmali-brtk\/","title":{"rendered":"Gen\u00e7lerimize uygulanan izolasyonlar kald\u0131r\u0131lmal\u0131 \u2013 BRTK"},"content":{"rendered":"<p> <br \/>\n<\/p>\n<div>\n<div class=\"mariselle-image-container center\">\n                <img loading=\"lazy\" decoding=\"async\" width=\"813\" height=\"385\" class=\"lazy-image\" alt=\"\" sizes=\"auto, (max-width: 813px) 100vw, 813px\" src=\"https:\/\/brtk.net\/wp-content\/uploads\/2025\/05\/20\/sada324.jpg?ver=9293de36add33178942ab62cd3a2c341\" srcset=\"https:\/\/brtk.net\/wp-content\/uploads\/2025\/05\/20\/sada324.jpg?ver=9293de36add33178942ab62cd3a2c341 813w, https:\/\/brtk.net\/wp-content\/uploads\/2025\/05\/20\/sada324-300x142.jpg?ver=46669c7d4a35cf87cb884d79b7825936 300w, https:\/\/brtk.net\/wp-content\/uploads\/2025\/05\/20\/sada324-768x364.jpg?ver=46669c7d4a35cf87cb884d79b7825936 768w\"\/>                            <\/div>\n<p>Cumhuriyet Meclisi Ba\u015fkan\u0131 Ziya \u00d6zt\u00fcrkler, K\u0131br\u0131s T\u00fcrk gen\u00e7lerinin en b\u00fcy\u00fck s\u0131k\u0131nt\u0131lar\u0131ndan biri olan haks\u0131z izolasyonlar\u0131n kald\u0131r\u0131lmas\u0131 \u00e7a\u011fr\u0131s\u0131nda bulundu.<\/p>\n<p>Cumhuriyet Meclisi\u2019nden yap\u0131lan a\u00e7\u0131klamaya g\u00f6re, \u00d6zt\u00fcrkler, Hentbol Federasyonu Ba\u015fkan\u0131 Ediz Ar\u0131kan ve Kosova Hentbol Federasyonu Ba\u015fkan\u0131 Edin Kogeci ile beraberindeki heyeti kabul etti.<\/p>\n<p>G\u00f6r\u00fc\u015fme s\u0131ras\u0131nda, KKTC gen\u00e7lerine uygulanan izolasyonlar\u0131n bir an \u00f6nce kald\u0131r\u0131lmas\u0131n\u0131n en b\u00fcy\u00fck temennisi oldu\u011funu ifade eden \u00d6zt\u00fcrkler, gen\u00e7lerin uluslararas\u0131 alanda hak ettikleri f\u0131rsatlar\u0131 elde etmeleri gerekti\u011fini belirtti.<\/p>\n<p>Kar\u015f\u0131l\u0131kl\u0131 i\u015f birli\u011finin \u00f6nemine vurgu yaparak, diplomatik, siyasi ve sportif alanlarda y\u00fcr\u00fct\u00fclen \u00e7al\u0131\u015fmalar\u0131n art\u0131r\u0131lmas\u0131 gerekti\u011fini ifade eden \u00d6zt\u00fcrkler, KKTC\u2019nin uluslararas\u0131 arenada daha g\u00fc\u00e7l\u00fc bir temsil sa\u011flamas\u0131 ad\u0131na, bu alanlarda yap\u0131lacak i\u015f birliklerinin b\u00fcy\u00fck katk\u0131 sunaca\u011f\u0131n\u0131 s\u00f6yledi.<\/p>\n<p>\u00d6zt\u00fcrkler, gen\u00e7lere f\u0131rsatlar sa\u011fland\u0131\u011f\u0131nda b\u00fcy\u00fck ba\u015far\u0131lara imza atabileceklerini belirterek, olimpiyatlar ve farkl\u0131 spor dallar\u0131nda elde edilen ba\u015far\u0131lar\u0131 hat\u0131rlatt\u0131.<\/p>\n<p>Hentbol federasyonunun bu s\u00fcre\u00e7te kritik bir rol oynad\u0131\u011f\u0131n\u0131 dile getiren \u00d6zt\u00fcrkler, Ediz Ar\u0131kan\u2019\u0131n federasyonu ba\u015far\u0131l\u0131 \u015fekilde y\u00f6netti\u011fini ve Kosova heyetinin KKTC\u2019ye ger\u00e7ekle\u015ftirdi\u011fi ziyaretin b\u00fcy\u00fck de\u011fer ta\u015f\u0131d\u0131\u011f\u0131n\u0131 vurgulad\u0131.<\/p>\n<p>-Kogeci<\/p>\n<p>Kosova Hentbol Federasyonu Ba\u015fkan\u0131 Edin Kogeci de, KKTC ile hentbol alan\u0131ndaki i\u015f birli\u011finin sporun \u00f6tesinde bir dostluk ve dayan\u0131\u015fma mesaj\u0131 ta\u015f\u0131d\u0131\u011f\u0131n\u0131 belirterek, iki \u00fclke aras\u0131ndaki ili\u015fkileri daha da g\u00fc\u00e7lendirecek ad\u0131mlar atmaya devam edeceklerini ifade etti.<\/p>\n<p>Ar\u0131kan<\/p>\n<p>-Hentbol Federasyonu Ba\u015fkan\u0131 Ediz Ar\u0131kan, Kosova heyetiyle ger\u00e7ekle\u015ftirilen g\u00f6r\u00fc\u015fmenin, hentbolun yaln\u0131zca bir spor de\u011fil, ayn\u0131 zamanda iki \u00fclke aras\u0131ndaki diplomatik ve k\u00fclt\u00fcrel ba\u011flar\u0131 g\u00fc\u00e7lendiren \u00f6nemli bir k\u00f6pr\u00fc oldu\u011funu vurgulad\u0131.<\/p>\n<p>G\u00f6r\u00fc\u015fmenin sonunda, hediyeler kar\u015f\u0131l\u0131kl\u0131 olarak takdim edildi.<\/p>\n<\/p><\/div>\n<p><script async\n                    defer\n                    crossorigin=\"anonymous\"\n                    src=\"https:\/\/connect.facebook.net\/tr_TR\/sdk.js#xfbml=1&#038;version=v3.3\"\n            ><\/script><br \/>\n<br \/><br \/>\n<br \/><a href=\"https:\/\/brtk.net\/ozturkler-genclerimize-uygulanan-izolasyonlar-kaldirilmali\/\">Kaynak BRT <\/a><\/p>\n","protected":false},"excerpt":{"rendered":"<p>Cumhuriyet Meclisi Ba\u015fkan\u0131 Ziya \u00d6zt\u00fcrkler, K\u0131br\u0131s T\u00fcrk gen\u00e7lerinin en b\u00fcy\u00fck s\u0131k\u0131nt\u0131lar\u0131ndan biri olan haks\u0131z izolasyonlar\u0131n kald\u0131r\u0131lmas\u0131 \u00e7a\u011fr\u0131s\u0131nda bulundu. Cumhuriyet Meclisi\u2019nden yap\u0131lan a\u00e7\u0131klamaya g\u00f6re, \u00d6zt\u00fcrkler, Hentbol Federasyonu Ba\u015fkan\u0131 Ediz Ar\u0131kan ve Kosova Hentbol Federasyonu Ba\u015fkan\u0131 Edin Kogeci ile beraberindeki heyeti kabul etti. G\u00f6r\u00fc\u015fme s\u0131ras\u0131nda, KKTC gen\u00e7lerine uygulanan izolasyonlar\u0131n bir an \u00f6nce kald\u0131r\u0131lmas\u0131n\u0131n en b\u00fcy\u00fck temennisi oldu\u011funu [&hellip;]<\/p>\n","protected":false},"author":908,"featured_media":26081,"comment_status":"open","ping_status":"open","sticky":false,"template":"","format":"standard","meta":{"advanced_seo_description":"","jetpack_seo_html_title":"","jetpack_seo_noindex":false,"jetpack_seo_schema_type":"","_jetpack_newsletter_access":"","_jetpack_dont_email_post_to_subs":false,"_jetpack_newsletter_tier_id":0,"_jetpack_memberships_contains_paywalled_content":false,"_jetpack_feature_clip_id":0,"_jetpack_memberships_contains_paid_content":false,"footnotes":"","jetpack_publicize_message":"","jetpack_publicize_feature_enabled":true,"jetpack_social_post_already_shared":true,"jetpack_social_options":{"image_generator_settings":{"template":"highway","default_image_id":0,"font":"","enabled":false},"version":2},"jetpack_post_was_ever_published":false},"categories":[253],"tags":[],"class_list":["post-26080","post","type-post","status-publish","format-standard","has-post-thumbnail","hentry","category-gundem"],"jetpack_publicize_connections":[],"jetpack_featured_media_url":"https:\/\/kibrisayna.com\/wp-content\/uploads\/2025\/05\/sada324.jpg","jetpack_sharing_enabled":true,"_links":{"self":[{"href":"https:\/\/kibrisayna.com\/index.php\/wp-json\/wp\/v2\/posts\/26080","targetHints":{"allow":["GET"]}}],"collection":[{"href":"https:\/\/kibrisayna.com\/index.php\/wp-json\/wp\/v2\/posts"}],"about":[{"href":"https:\/\/kibrisayna.com\/index.php\/wp-json\/wp\/v2\/types\/post"}],"author":[{"embeddable":true,"href":"https:\/\/kibrisayna.com\/index.php\/wp-json\/wp\/v2\/users\/908"}],"replies":[{"embeddable":true,"href":"https:\/\/kibrisayna.com\/index.php\/wp-json\/wp\/v2\/comments?post=26080"}],"version-history":[{"count":0,"href":"https:\/\/kibrisayna.com\/index.php\/wp-json\/wp\/v2\/posts\/26080\/revisions"}],"wp:featuredmedia":[{"embeddable":true,"href":"https:\/\/kibrisayna.com\/index.php\/wp-json\/wp\/v2\/media\/26081"}],"wp:attachment":[{"href":"https:\/\/kibrisayna.com\/index.php\/wp-json\/wp\/v2\/media?parent=26080"}],"wp:term":[{"taxonomy":"category","embeddable":true,"href":"https:\/\/kibrisayna.com\/index.php\/wp-json\/wp\/v2\/categories?post=26080"},{"taxonomy":"post_tag","embeddable":true,"href":"https:\/\/kibrisayna.com\/index.php\/wp-json\/wp\/v2\/tags?post=26080"}],"curies":[{"name":"wp","href":"https:\/\/api.w.org\/{rel}","templated":true}]}}