{"id":25528,"date":"2025-05-14T17:53:57","date_gmt":"2025-05-14T14:53:57","guid":{"rendered":"https:\/\/kibrisayna.com\/index.php\/2025\/05\/14\/genclik-federasyonuhpv-asisinin-erken-yaslarda-uygulanmasi-hayati-onem-tasiyor-brtk\/"},"modified":"2025-05-14T17:53:57","modified_gmt":"2025-05-14T14:53:57","slug":"genclik-federasyonuhpv-asisinin-erken-yaslarda-uygulanmasi-hayati-onem-tasiyor-brtk","status":"publish","type":"post","link":"https:\/\/kibrisayna.com\/index.php\/2025\/05\/14\/genclik-federasyonuhpv-asisinin-erken-yaslarda-uygulanmasi-hayati-onem-tasiyor-brtk\/","title":{"rendered":"Gen\u00e7lik Federasyonu:HPV a\u015f\u0131s\u0131n\u0131n erken ya\u015flarda uygulanmas\u0131 hayati \u00f6nem ta\u015f\u0131yor \u2013 BRTK"},"content":{"rendered":"<p> <br \/>\n<\/p>\n<div>\n<div class=\"mariselle-image-container center\">\n                <img loading=\"lazy\" decoding=\"async\" width=\"888\" height=\"501\" class=\"lazy-image\" alt=\"\" sizes=\"auto, (max-width: 888px) 100vw, 888px\" src=\"https:\/\/brtk.net\/wp-content\/uploads\/2025\/05\/14\/hpv-asisi_1.webp?ver=5ba42db2f9f144980c740a20d83fbf6c\" srcset=\"https:\/\/brtk.net\/wp-content\/uploads\/2025\/05\/14\/hpv-asisi_1.webp?ver=5ba42db2f9f144980c740a20d83fbf6c 888w, https:\/\/brtk.net\/wp-content\/uploads\/2025\/05\/14\/hpv-asisi_1-300x169.webp?ver=74b6206bf498733358fd9b771eb6e474 300w, https:\/\/brtk.net\/wp-content\/uploads\/2025\/05\/14\/hpv-asisi_1-768x433.webp?ver=74b6206bf498733358fd9b771eb6e474 768w\"\/>                            <\/div>\n<p>Gen\u00e7lik \u00f6rg\u00fctleri, toplumda yayg\u0131n g\u00f6r\u00fclen HPV kaynakl\u0131 hastal\u0131klar\u0131n \u00f6nlenmesi ve \u00f6zellikle rahim a\u011fz\u0131 kanseri vakalar\u0131n\u0131n azalt\u0131lmas\u0131 i\u00e7in a\u015f\u0131n\u0131n erken ya\u015flarda uygulanmas\u0131n\u0131n hayati \u00f6nem ta\u015f\u0131d\u0131\u011f\u0131n\u0131 vurgulad\u0131.<\/p>\n<p>Gen\u00e7lik \u00f6rg\u00fctleri ad\u0131na Gen\u00e7lik Federasyonu taraf\u0131ndan yap\u0131lan ortak a\u00e7\u0131klamada, nisan ay\u0131nda yap\u0131lan Siyasi Temsilciler Kurulu toplant\u0131s\u0131nda kurul \u00fcyelerinin \u201cHPV a\u015f\u0131s\u0131n\u0131n \u00fclke genelinde t\u00fcm gen\u00e7 bireylerin eri\u015fimine a\u00e7\u0131k h\u00e2le getirilmesinin toplum sa\u011fl\u0131\u011f\u0131 a\u00e7\u0131s\u0131ndan bir gereklilik oldu\u011funun\u201d belirtildi\u011fi kaydedildi.<\/p>\n<p>HPV a\u015f\u0131s\u0131n\u0131n \u00f6ncelikli olarak, uzmanlar\u0131n uygun g\u00f6rd\u00fc\u011f\u00fc ya\u015f grubundaki gen\u00e7 kad\u0131nlara ve k\u0131z \u00e7ocuklar\u0131na, okullar ile b\u00f6lge sa\u011fl\u0131k merkezlerinin i\u015f birli\u011finde uygulanmas\u0131 gerekti\u011fi vurgulanan a\u00e7\u0131klamada, devletin sa\u011fl\u0131k alan\u0131ndaki koordinasyon kapasitesinin g\u00fc\u00e7lendirilmesiyle  ilerleyen y\u0131llarda gen\u00e7 erkekler ve erkek \u00e7ocuklar\u0131n da a\u015f\u0131 programlar\u0131na d\u00e2hil edilmesinin gerekti\u011fi kaydedildi.<\/p>\n<p>Bu sayede toplum genelinde kapsay\u0131c\u0131 ve e\u015fitlik\u00e7i bir sa\u011fl\u0131k politikas\u0131n\u0131n in\u015fa edilebilece\u011fi belirtilen a\u00e7\u0131klamada, \u201cKurul, ayn\u0131 zamanda rahim a\u011fz\u0131 kanseri taramalar\u0131n\u0131n devlet eliyle y\u00fcr\u00fct\u00fclen, d\u00fczenli ve s\u00fcrd\u00fcr\u00fclebilir bir program h\u00e2line getirilmesi gerekti\u011fini belirtmi\u015ftir. Bu hizmetin kurumsalla\u015ft\u0131r\u0131lmas\u0131; yaln\u0131zca belli d\u00f6nemlerde de\u011fil, s\u00fcrekli ve yayg\u0131n bi\u00e7imde sunulmas\u0131n\u0131 m\u00fcmk\u00fcn k\u0131lacakt\u0131r.\u201d denildi.<\/p>\n<p>\u2013 \u201cBilgilendirici ve te\u015fvik edici tan\u0131t\u0131m kampanyalar\u0131 hayata ge\u00e7irilmeli\u201d<\/p>\n<p>Tarama hizmetlerinin etkili bir \u015fekilde y\u00fcr\u00fct\u00fclebilmesi i\u00e7in yaln\u0131zca bu alana odaklanacak hem\u015firelerin istihdam edilmesinin \u00f6nerildi\u011fi ifade edilen a\u00e7\u0131klama, \u015f\u00f6yle devam etti:<\/p>\n<p>\u201cBuna ek olarak, halk sa\u011fl\u0131\u011f\u0131 bilincini art\u0131racak, bilgilendirici ve te\u015fvik edici tan\u0131t\u0131m kampanyalar\u0131n\u0131n da bir an \u00f6nce hayata ge\u00e7irilmesi gerekmektedir. Tarama ya\u015f\u0131n\u0131n en fazla 25\u2019e indirilmesi, HPV pozitifli\u011fin erken te\u015fhis edilebilmesi a\u00e7\u0131s\u0131ndan kritik \u00f6nemdedir; bu da erken m\u00fcdahaleyi ve hastal\u0131klar\u0131n \u00f6nlenmesini m\u00fcmk\u00fcn k\u0131lacakt\u0131r. Cinsel sa\u011fl\u0131k taramalar\u0131n\u0131n \u00fclkenin t\u00fcm il\u00e7elerinde bulunan sa\u011fl\u0131k merkezlerinde kolay eri\u015filebilir bir hizmet olarak sunulmas\u0131 ve cinsel sa\u011fl\u0131k derslerinin e\u011fitim m\u00fcfredat\u0131 i\u00e7erisinde yer almas\u0131, toplumda sa\u011fl\u0131k okuryazarl\u0131\u011f\u0131n\u0131 art\u0131rma a\u00e7\u0131s\u0131ndan b\u00fcy\u00fck katk\u0131 sa\u011flayacakt\u0131r. Bug\u00fcn itibar\u0131yla \u00fclkede cinsel yolla bula\u015fan hastal\u0131klar\u0131n yayg\u0131nl\u0131\u011f\u0131na ili\u015fkin g\u00fcncel ve kapsaml\u0131 veri bulunmamaktad\u0131r. Bu durum, sa\u011fl\u0131kl\u0131 ve bilim temelli politikalar geli\u015ftirmenin \u00f6n\u00fcnde bir engel te\u015fkil etmektedir. E\u011fitim i\u00e7eriklerinde yaln\u0131zca HPV de\u011fil, ayn\u0131 zamanda Hepatit B ve Hepatit C ba\u015fta olmak \u00fczere cinsel yolla bula\u015f\u0131c\u0131 hastal\u0131klara ili\u015fkin fark\u0131ndal\u0131\u011f\u0131n art\u0131r\u0131lmas\u0131 da \u00f6ncelikli hedeflerden biri olmal\u0131d\u0131r.\u201d<\/p>\n<p>A\u00e7\u0131klamada, Gen\u00e7lik Federasyonu liderli\u011finde gen\u00e7lik dernekleri ve siyasi parti gen\u00e7lik organlar\u0131n\u0131n bir araya gelerek sa\u011fl\u0131k alan\u0131nda aktif sorumluluk \u00fcstlenmeye ve bu alanda kamu yarar\u0131na \u00e7al\u0131\u015fmalar y\u00fcr\u00fctmeye haz\u0131r oldu\u011fu da kaydedildi.<\/p>\n<p>Gen\u00e7lik \u00f6rg\u00fctlerinin yaln\u0131zca savunuculuk rol\u00fcyle s\u0131n\u0131rl\u0131 kalmamas\u0131, ayn\u0131 zamanda sahada g\u00f6n\u00fcll\u00fc \u00e7al\u0131\u015fmalar ger\u00e7ekle\u015ftirmesi, bilgilendirme faaliyetlerine katk\u0131 sunmas\u0131 ve tarama kampanyalar\u0131nda yer almas\u0131n\u0131n toplumsal etkiyi art\u0131raca\u011f\u0131na de\u011finilen a\u00e7\u0131klamada, bu do\u011frultuda sa\u011fl\u0131k alan\u0131nda kamu kurumlar\u0131 ve sa\u011fl\u0131k alan\u0131ndaki meslek birlikleri ile i\u015f birli\u011fi i\u00e7erisinde y\u00fcr\u00fct\u00fclecek g\u00f6n\u00fcll\u00fc faaliyetlerin planlanmas\u0131 ve uygulanmas\u0131n\u0131n hedeflendi\u011fi belirtildi.<\/p>\n<p>Gen\u00e7lik \u00f6rg\u00fctlerinin bu s\u00fcrecin yaln\u0131zca destekleyicisi de\u011fil, ayn\u0131 zamanda etkin bir bile\u015feni olaca\u011f\u0131 vurgulanan a\u00e7\u0131klamada, \u201cGen\u00e7lik Federasyonu \u00fcyeleri ve kat\u0131l\u0131mc\u0131 \u00f6rg\u00fctleri, gen\u00e7lik hareketlerinin toplum sa\u011fl\u0131\u011f\u0131na katk\u0131 sunma potansiyelini art\u0131racak her t\u00fcrl\u00fc politika geli\u015ftirme s\u00fcrecine katk\u0131 sa\u011flamaya ve sorumluluk almaya haz\u0131r oldu\u011funu kamuoyunun bilgisine sunar.\u201d ifadeleri kullan\u0131ld\u0131.<\/p>\n<p>Ortak bas\u0131n a\u00e7\u0131klamas\u0131na imza koyan \u00f6rg\u00fctler ise \u015f\u00f6yle:<\/p>\n<p>\u201cGen\u00e7lik Federasyonu, Lefko\u015fa Gen\u00e7lik Derne\u011fi, Ma\u011fusa Gen\u00e7lik Birli\u011fi, Girne Gen\u00e7lik Derne\u011fi, \u0130skele Gen\u00e7lik Derne\u011fi, G\u00fczelyurt Gen\u00e7lik Derne\u011fi, Lefke Gen\u00e7lik Derne\u011fi, E\u011fitimde Gen\u00e7lik \u0130nisiyatifi, Gen\u00e7 Temsiliyet Derne\u011fi, Cumhuriyet\u00e7i T\u00fcrk Partisi Gen\u00e7lik \u00d6rg\u00fct\u00fc, Demokrat Parti Gen\u00e7lik Kollar\u0131, Halk\u0131n Partisi Gen\u00e7lik \u00d6rg\u00fct\u00fc, Ulusal Birlik Partisi Gen\u00e7lik Kollar\u0131, Yeniden Do\u011fu\u015f Partisi Gen\u00e7lik Kollar\u0131, Toplumcu Demokrasi Partisi Gen\u00e7lik \u00d6rg\u00fct\u00fc, Milliyet\u00e7i Demokrasi Partisi Gen\u00e7lik Kollar.\u201d<\/p>\n<\/p><\/div>\n<p><script async\n                    defer\n                    crossorigin=\"anonymous\"\n                    src=\"https:\/\/connect.facebook.net\/tr_TR\/sdk.js#xfbml=1&#038;version=v3.3\"\n            ><\/script><br \/>\n<br \/><br \/>\n<br \/><a href=\"https:\/\/brtk.net\/genclik-federasyonuhpv-asisinin-erken-yaslarda-uygulanmasi-hayati-onem-tasiyor\/\"><\/a><\/p>\n","protected":false},"excerpt":{"rendered":"<p>Gen\u00e7lik \u00f6rg\u00fctleri, toplumda yayg\u0131n g\u00f6r\u00fclen HPV kaynakl\u0131 hastal\u0131klar\u0131n \u00f6nlenmesi ve \u00f6zellikle rahim a\u011fz\u0131 kanseri vakalar\u0131n\u0131n azalt\u0131lmas\u0131 i\u00e7in a\u015f\u0131n\u0131n erken ya\u015flarda uygulanmas\u0131n\u0131n hayati \u00f6nem ta\u015f\u0131d\u0131\u011f\u0131n\u0131 vurgulad\u0131. Gen\u00e7lik \u00f6rg\u00fctleri ad\u0131na Gen\u00e7lik Federasyonu taraf\u0131ndan yap\u0131lan ortak a\u00e7\u0131klamada, nisan ay\u0131nda yap\u0131lan Siyasi Temsilciler Kurulu toplant\u0131s\u0131nda kurul \u00fcyelerinin \u201cHPV a\u015f\u0131s\u0131n\u0131n \u00fclke genelinde t\u00fcm gen\u00e7 bireylerin eri\u015fimine a\u00e7\u0131k h\u00e2le getirilmesinin toplum [&hellip;]<\/p>\n","protected":false},"author":908,"featured_media":25529,"comment_status":"open","ping_status":"open","sticky":false,"template":"","format":"standard","meta":{"_jetpack_memberships_contains_paid_content":false,"footnotes":"","jetpack_publicize_message":"","jetpack_publicize_feature_enabled":true,"jetpack_social_post_already_shared":true,"jetpack_social_options":{"image_generator_settings":{"template":"highway","default_image_id":0,"font":"","enabled":false},"version":2}},"categories":[1],"tags":[],"class_list":["post-25528","post","type-post","status-publish","format-standard","has-post-thumbnail","hentry","category-saglik"],"jetpack_publicize_connections":[],"jetpack_featured_media_url":"https:\/\/kibrisayna.com\/wp-content\/uploads\/2025\/05\/hpv-asisi_1.webp","jetpack_sharing_enabled":true,"_links":{"self":[{"href":"https:\/\/kibrisayna.com\/index.php\/wp-json\/wp\/v2\/posts\/25528","targetHints":{"allow":["GET"]}}],"collection":[{"href":"https:\/\/kibrisayna.com\/index.php\/wp-json\/wp\/v2\/posts"}],"about":[{"href":"https:\/\/kibrisayna.com\/index.php\/wp-json\/wp\/v2\/types\/post"}],"author":[{"embeddable":true,"href":"https:\/\/kibrisayna.com\/index.php\/wp-json\/wp\/v2\/users\/908"}],"replies":[{"embeddable":true,"href":"https:\/\/kibrisayna.com\/index.php\/wp-json\/wp\/v2\/comments?post=25528"}],"version-history":[{"count":0,"href":"https:\/\/kibrisayna.com\/index.php\/wp-json\/wp\/v2\/posts\/25528\/revisions"}],"wp:featuredmedia":[{"embeddable":true,"href":"https:\/\/kibrisayna.com\/index.php\/wp-json\/wp\/v2\/media\/25529"}],"wp:attachment":[{"href":"https:\/\/kibrisayna.com\/index.php\/wp-json\/wp\/v2\/media?parent=25528"}],"wp:term":[{"taxonomy":"category","embeddable":true,"href":"https:\/\/kibrisayna.com\/index.php\/wp-json\/wp\/v2\/categories?post=25528"},{"taxonomy":"post_tag","embeddable":true,"href":"https:\/\/kibrisayna.com\/index.php\/wp-json\/wp\/v2\/tags?post=25528"}],"curies":[{"name":"wp","href":"https:\/\/api.w.org\/{rel}","templated":true}]}}