{"id":25522,"date":"2025-05-14T17:20:55","date_gmt":"2025-05-14T14:20:55","guid":{"rendered":"https:\/\/kibrisayna.com\/index.php\/2025\/05\/14\/birkan-uzun-yolunda-gelecege-tirmaniyoruz-doga-yuruyusu-gerceklestirildi-brtk\/"},"modified":"2025-05-14T17:20:55","modified_gmt":"2025-05-14T14:20:55","slug":"birkan-uzun-yolunda-gelecege-tirmaniyoruz-doga-yuruyusu-gerceklestirildi-brtk","status":"publish","type":"post","link":"https:\/\/kibrisayna.com\/index.php\/2025\/05\/14\/birkan-uzun-yolunda-gelecege-tirmaniyoruz-doga-yuruyusu-gerceklestirildi-brtk\/","title":{"rendered":"\u201cBirkan Uzun Yolunda Gelece\u011fe T\u0131rman\u0131yoruz Do\u011fa Y\u00fcr\u00fcy\u00fc\u015f\u00fc\u201d ger\u00e7ekle\u015ftirildi \u2013 BRTK"},"content":{"rendered":"<p> <br \/>\n<\/p>\n<div>\n<div class=\"mariselle-image-container center\">\n                <img loading=\"lazy\" decoding=\"async\" width=\"2560\" height=\"1439\" class=\"lazy-image\" alt=\"\" sizes=\"auto, (max-width: 2560px) 100vw, 2560px\" src=\"https:\/\/brtk.net\/wp-content\/uploads\/2025\/05\/14\/InShot_20250514_124800622-scaled.jpg?ver=9d545c060f6ff7ace3f41af517409a6e\" srcset=\"https:\/\/brtk.net\/wp-content\/uploads\/2025\/05\/14\/InShot_20250514_124800622-scaled.jpg?ver=9d545c060f6ff7ace3f41af517409a6e 2560w, https:\/\/brtk.net\/wp-content\/uploads\/2025\/05\/14\/InShot_20250514_124800622-300x169.jpg?ver=9d545c060f6ff7ace3f41af517409a6e 300w, https:\/\/brtk.net\/wp-content\/uploads\/2025\/05\/14\/InShot_20250514_124800622-1024x576.jpg?ver=d120d7ae9791a92fb7eb8ecbbd043787 1024w, https:\/\/brtk.net\/wp-content\/uploads\/2025\/05\/14\/InShot_20250514_124800622-768x432.jpg?ver=e620572c4d4ae9f3d88546dd31211131 768w, https:\/\/brtk.net\/wp-content\/uploads\/2025\/05\/14\/InShot_20250514_124800622-1536x863.jpg?ver=82d91032419d7eb52fd9d9f623e12edb 1536w, https:\/\/brtk.net\/wp-content\/uploads\/2025\/05\/14\/InShot_20250514_124800622-2048x1151.jpg?ver=ca0fbf7fcc42a657b191ab6656f782dd 2048w\"\/>                            <\/div>\n<p>19 May\u0131s Atat\u00fcrk\u2019\u00fc Anma Gen\u00e7lik ve Spor Bayram\u0131 etkinlikleri kapsam\u0131nda,  \u201cBirkan Uzun Yolunda Gelece\u011fe T\u0131rman\u0131yoruz Do\u011fa Y\u00fcr\u00fcy\u00fc\u015f\u00fc\u201d ger\u00e7ekle\u015ftirildi.<\/p>\n<p>3\u2019\u00fcnc\u00fcs\u00fc d\u00fczenlenen y\u00fcr\u00fcy\u00fc\u015f, Kar\u015f\u0131yaka Tank b\u00f6lgesi ile Birkan Uzun Selvili Tepe aras\u0131ndaki 3 kilometrelik g\u00fczergahta yer ald\u0131.<\/p>\n<p>Etkinli\u011fe, Birkan Uzun\u2019un babas\u0131 Cengiz Topel Uzun, Milli E\u011fitim Bakanl\u0131\u011f\u0131 Ortak Hizmetler Dairesi Uzman\u0131 Deniz Orhun\u00f6z, Lefko\u015fa, Girne ve G\u00fczelyurt b\u00f6lge okullar\u0131ndan \u00f6\u011frenci ve \u00f6\u011fretmenler kat\u0131ld\u0131.<\/p>\n<p>Birkan Uzun\u2019un babas\u0131 Cengiz Topel Uzun etkinlikte yapt\u0131\u011f\u0131 konu\u015fmada, kendini s\u00fcrekli geli\u015ftiren, \u00f6n\u00fcne y\u00fcksek hedefler koyan Birkan Uzun\u2019un gen\u00e7lere \u0131\u015f\u0131k olmas\u0131n\u0131 diledi.<\/p>\n<p>Gen\u00e7lere seslenerek, her zaman \u00f6nlerine y\u00fcksek hedefler koymalar\u0131n\u0131 isteyen Uzun, \u201cK\u00fc\u00e7\u00fck bir co\u011frafyada  ya\u015famak , hedeflerinize ula\u015fman\u0131n \u00f6n\u00fcnde hi\u00e7bir zaman engel de\u011fildir\u201d diye konu\u015ftu.<\/p>\n<\/p><\/div>\n<p><script async\n                    defer\n                    crossorigin=\"anonymous\"\n                    src=\"https:\/\/connect.facebook.net\/tr_TR\/sdk.js#xfbml=1&#038;version=v3.3\"\n            ><\/script><br \/>\n<br \/><br \/>\n<br \/><a href=\"https:\/\/brtk.net\/birkan-uzun-yolunda-gelecege-tirmaniyoruz-doga-yuruyusu-gerceklestirildi\/\">Kaynak BRT <\/a><\/p>\n","protected":false},"excerpt":{"rendered":"<p>19 May\u0131s Atat\u00fcrk\u2019\u00fc Anma Gen\u00e7lik ve Spor Bayram\u0131 etkinlikleri kapsam\u0131nda, \u201cBirkan Uzun Yolunda Gelece\u011fe T\u0131rman\u0131yoruz Do\u011fa Y\u00fcr\u00fcy\u00fc\u015f\u00fc\u201d ger\u00e7ekle\u015ftirildi. 3\u2019\u00fcnc\u00fcs\u00fc d\u00fczenlenen y\u00fcr\u00fcy\u00fc\u015f, Kar\u015f\u0131yaka Tank b\u00f6lgesi ile Birkan Uzun Selvili Tepe aras\u0131ndaki 3 kilometrelik g\u00fczergahta yer ald\u0131. Etkinli\u011fe, Birkan Uzun\u2019un babas\u0131 Cengiz Topel Uzun, Milli E\u011fitim Bakanl\u0131\u011f\u0131 Ortak Hizmetler Dairesi Uzman\u0131 Deniz Orhun\u00f6z, Lefko\u015fa, Girne ve G\u00fczelyurt [&hellip;]<\/p>\n","protected":false},"author":908,"featured_media":25523,"comment_status":"open","ping_status":"open","sticky":false,"template":"","format":"standard","meta":{"_jetpack_memberships_contains_paid_content":false,"footnotes":"","jetpack_publicize_message":"","jetpack_publicize_feature_enabled":true,"jetpack_social_post_already_shared":true,"jetpack_social_options":{"image_generator_settings":{"template":"highway","default_image_id":0,"font":"","enabled":false},"version":2}},"categories":[253],"tags":[],"class_list":["post-25522","post","type-post","status-publish","format-standard","has-post-thumbnail","hentry","category-gundem"],"jetpack_publicize_connections":[],"jetpack_featured_media_url":"https:\/\/kibrisayna.com\/wp-content\/uploads\/2025\/05\/InShot_20250514_124800622-scaled.jpg","jetpack_sharing_enabled":true,"_links":{"self":[{"href":"https:\/\/kibrisayna.com\/index.php\/wp-json\/wp\/v2\/posts\/25522","targetHints":{"allow":["GET"]}}],"collection":[{"href":"https:\/\/kibrisayna.com\/index.php\/wp-json\/wp\/v2\/posts"}],"about":[{"href":"https:\/\/kibrisayna.com\/index.php\/wp-json\/wp\/v2\/types\/post"}],"author":[{"embeddable":true,"href":"https:\/\/kibrisayna.com\/index.php\/wp-json\/wp\/v2\/users\/908"}],"replies":[{"embeddable":true,"href":"https:\/\/kibrisayna.com\/index.php\/wp-json\/wp\/v2\/comments?post=25522"}],"version-history":[{"count":0,"href":"https:\/\/kibrisayna.com\/index.php\/wp-json\/wp\/v2\/posts\/25522\/revisions"}],"wp:featuredmedia":[{"embeddable":true,"href":"https:\/\/kibrisayna.com\/index.php\/wp-json\/wp\/v2\/media\/25523"}],"wp:attachment":[{"href":"https:\/\/kibrisayna.com\/index.php\/wp-json\/wp\/v2\/media?parent=25522"}],"wp:term":[{"taxonomy":"category","embeddable":true,"href":"https:\/\/kibrisayna.com\/index.php\/wp-json\/wp\/v2\/categories?post=25522"},{"taxonomy":"post_tag","embeddable":true,"href":"https:\/\/kibrisayna.com\/index.php\/wp-json\/wp\/v2\/tags?post=25522"}],"curies":[{"name":"wp","href":"https:\/\/api.w.org\/{rel}","templated":true}]}}