{"id":25520,"date":"2025-05-14T17:12:55","date_gmt":"2025-05-14T14:12:55","guid":{"rendered":"https:\/\/kibrisayna.com\/index.php\/2025\/05\/14\/yaralilar-tek-tek-muayene-edilip-konsultasyonlari-yapiliyor-brtk\/"},"modified":"2025-05-14T17:12:55","modified_gmt":"2025-05-14T14:12:55","slug":"yaralilar-tek-tek-muayene-edilip-konsultasyonlari-yapiliyor-brtk","status":"publish","type":"post","link":"https:\/\/kibrisayna.com\/index.php\/2025\/05\/14\/yaralilar-tek-tek-muayene-edilip-konsultasyonlari-yapiliyor-brtk\/","title":{"rendered":"\u2018Yaral\u0131lar tek tek muayene edilip kons\u00fcltasyonlar\u0131 yap\u0131l\u0131yor\u2019 \u2013 BRTK"},"content":{"rendered":"<p> <br \/>\n<\/p>\n<div>\n<div class=\"mariselle-image-container center\">\n                <img loading=\"lazy\" decoding=\"async\" width=\"1290\" height=\"1309\" class=\"lazy-image\" alt=\"\" sizes=\"auto, (max-width: 1290px) 100vw, 1290px\" src=\"https:\/\/brtk.net\/wp-content\/uploads\/2025\/05\/14\/365f707b-22ed-44b0-ae22-e2ad3e554f6e.jpg?ver=5095e18d4f32bc19dba368949d76f4a3\" srcset=\"https:\/\/brtk.net\/wp-content\/uploads\/2025\/05\/14\/365f707b-22ed-44b0-ae22-e2ad3e554f6e.jpg?ver=5095e18d4f32bc19dba368949d76f4a3 1290w, https:\/\/brtk.net\/wp-content\/uploads\/2025\/05\/14\/365f707b-22ed-44b0-ae22-e2ad3e554f6e-296x300.jpg?ver=4a826cbe5eb9aeeaa8baeaa9ed204372 296w, https:\/\/brtk.net\/wp-content\/uploads\/2025\/05\/14\/365f707b-22ed-44b0-ae22-e2ad3e554f6e-1009x1024.jpg?ver=4a826cbe5eb9aeeaa8baeaa9ed204372 1009w, https:\/\/brtk.net\/wp-content\/uploads\/2025\/05\/14\/365f707b-22ed-44b0-ae22-e2ad3e554f6e-768x779.jpg?ver=a0024e6767117a09b910908f434aae0a 768w\"\/>                            <\/div>\n<p> Sa\u011fl\u0131k Bakan\u0131 Hakan Din\u00e7y\u00fcrek ve Milli E\u011fitim Bakan\u0131 Naz\u0131m \u00c7avu\u015fo\u011flu, Yenierenk\u00f6y Lisesi\u2019nde e\u011fitim g\u00f6ren Dipkarpazl\u0131 \u00f6\u011frencileri ta\u015f\u0131yan otob\u00fcs\u00fcn devrilmesinin ard\u0131ndan yaral\u0131lar\u0131 ziyaret etmek \u00fczere Gazima\u011fusa Devlet Hastanesi\u2019ne gitti.<\/p>\n<p>Sa\u011fl\u0131k Bakan\u0131 Din\u00e7y\u00fcrek ve Milli E\u011fitim Bakan\u0131 \u00c7avu\u015fo\u011flu, yaral\u0131 \u00f6\u011frencileri ziyaret ederek sa\u011fl\u0131k durumlar\u0131yla ilgili bilgi ald\u0131.<\/p>\n<p>Sa\u011fl\u0131k Bakan\u0131 Dr. Hakan Din\u00e7y\u00fcrek, Yenierenk\u00f6y \u2013 Karpaz istikametinde bu sabah meydana gelen trafik kazas\u0131nda yaralanan \u00f6\u011frencileri Ma\u011fusa Devlet Hastanesin\u2019nde ziyaret etti. Kaza sonras\u0131  \u00f6\u011frenci otob\u00fcs\u00fcnde bulunan yaral\u0131lar\u0131n sa\u011fl\u0131k durumlar\u0131n\u0131 hastanede yerinde inceleyen ve kontrol eden Bakan Din\u00e7y\u00fcrek, yetkililerden detayl\u0131 bilgi ald\u0131. <\/p>\n<p>Kazada yaralanan \u00f6\u011frencilerimize ve otob\u00fcs \u015fof\u00f6r\u00fcne ge\u00e7mi\u015f olsun dileklerini ileten Din\u00e7y\u00fcrek, \u201cEvlatlar\u0131m\u0131z\u0131n en k\u0131sa s\u00fcrede sa\u011fl\u0131klar\u0131na kavu\u015fmalar\u0131n\u0131 temenni ediyor, hepsine acil \u015fifalar diliyorum\u201ddedi.<\/p>\n<\/p><\/div>\n<p><script async\n                    defer\n                    crossorigin=\"anonymous\"\n                    src=\"https:\/\/connect.facebook.net\/tr_TR\/sdk.js#xfbml=1&#038;version=v3.3\"\n            ><\/script><br \/>\n<br \/><br \/>\n<br \/><a href=\"https:\/\/brtk.net\/dincyurek-ve-cavusoglu-otobusun-devrilmesinin-ardindan-yaralilari-ziyaret-etti-yaralilar-tek-tek-muayene-edilip-konsultasyonlari-yapiliyor\/\">Kaynak BRT <\/a><\/p>\n","protected":false},"excerpt":{"rendered":"<p>Sa\u011fl\u0131k Bakan\u0131 Hakan Din\u00e7y\u00fcrek ve Milli E\u011fitim Bakan\u0131 Naz\u0131m \u00c7avu\u015fo\u011flu, Yenierenk\u00f6y Lisesi\u2019nde e\u011fitim g\u00f6ren Dipkarpazl\u0131 \u00f6\u011frencileri ta\u015f\u0131yan otob\u00fcs\u00fcn devrilmesinin ard\u0131ndan yaral\u0131lar\u0131 ziyaret etmek \u00fczere Gazima\u011fusa Devlet Hastanesi\u2019ne gitti. Sa\u011fl\u0131k Bakan\u0131 Din\u00e7y\u00fcrek ve Milli E\u011fitim Bakan\u0131 \u00c7avu\u015fo\u011flu, yaral\u0131 \u00f6\u011frencileri ziyaret ederek sa\u011fl\u0131k durumlar\u0131yla ilgili bilgi ald\u0131. Sa\u011fl\u0131k Bakan\u0131 Dr. Hakan Din\u00e7y\u00fcrek, Yenierenk\u00f6y \u2013 Karpaz istikametinde bu [&hellip;]<\/p>\n","protected":false},"author":908,"featured_media":25521,"comment_status":"open","ping_status":"open","sticky":false,"template":"","format":"standard","meta":{"_jetpack_memberships_contains_paid_content":false,"footnotes":"","jetpack_publicize_message":"","jetpack_publicize_feature_enabled":true,"jetpack_social_post_already_shared":true,"jetpack_social_options":{"image_generator_settings":{"template":"highway","default_image_id":0,"font":"","enabled":false},"version":2}},"categories":[253],"tags":[],"class_list":["post-25520","post","type-post","status-publish","format-standard","has-post-thumbnail","hentry","category-gundem"],"jetpack_publicize_connections":[],"jetpack_featured_media_url":"https:\/\/kibrisayna.com\/wp-content\/uploads\/2025\/05\/Screenshot_20250514_143932_Gallery.jpg","jetpack_sharing_enabled":true,"_links":{"self":[{"href":"https:\/\/kibrisayna.com\/index.php\/wp-json\/wp\/v2\/posts\/25520","targetHints":{"allow":["GET"]}}],"collection":[{"href":"https:\/\/kibrisayna.com\/index.php\/wp-json\/wp\/v2\/posts"}],"about":[{"href":"https:\/\/kibrisayna.com\/index.php\/wp-json\/wp\/v2\/types\/post"}],"author":[{"embeddable":true,"href":"https:\/\/kibrisayna.com\/index.php\/wp-json\/wp\/v2\/users\/908"}],"replies":[{"embeddable":true,"href":"https:\/\/kibrisayna.com\/index.php\/wp-json\/wp\/v2\/comments?post=25520"}],"version-history":[{"count":0,"href":"https:\/\/kibrisayna.com\/index.php\/wp-json\/wp\/v2\/posts\/25520\/revisions"}],"wp:featuredmedia":[{"embeddable":true,"href":"https:\/\/kibrisayna.com\/index.php\/wp-json\/wp\/v2\/media\/25521"}],"wp:attachment":[{"href":"https:\/\/kibrisayna.com\/index.php\/wp-json\/wp\/v2\/media?parent=25520"}],"wp:term":[{"taxonomy":"category","embeddable":true,"href":"https:\/\/kibrisayna.com\/index.php\/wp-json\/wp\/v2\/categories?post=25520"},{"taxonomy":"post_tag","embeddable":true,"href":"https:\/\/kibrisayna.com\/index.php\/wp-json\/wp\/v2\/tags?post=25520"}],"curies":[{"name":"wp","href":"https:\/\/api.w.org\/{rel}","templated":true}]}}