{"id":25518,"date":"2025-05-14T17:01:07","date_gmt":"2025-05-14T14:01:07","guid":{"rendered":"https:\/\/kibrisayna.com\/index.php\/2025\/05\/14\/ozturkler-girisim-onculeri-ilham-bulusmasi-toplantisina-katildi-brtk\/"},"modified":"2025-05-14T17:01:07","modified_gmt":"2025-05-14T14:01:07","slug":"ozturkler-girisim-onculeri-ilham-bulusmasi-toplantisina-katildi-brtk","status":"publish","type":"post","link":"https:\/\/kibrisayna.com\/index.php\/2025\/05\/14\/ozturkler-girisim-onculeri-ilham-bulusmasi-toplantisina-katildi-brtk\/","title":{"rendered":"\u00d6zt\u00fcrkler \u201cGiri\u015fim \u00d6nc\u00fcleri \u0130lham Bulu\u015fmas\u0131\u201d toplant\u0131s\u0131na kat\u0131ld\u0131 \u2013 BRTK"},"content":{"rendered":"<p> <br \/>\n<\/p>\n<div>\n<div class=\"mariselle-image-container center\">\n                <img loading=\"lazy\" decoding=\"async\" width=\"2560\" height=\"1706\" class=\"lazy-image\" alt=\"\" sizes=\"auto, (max-width: 2560px) 100vw, 2560px\" src=\"https:\/\/brtk.net\/wp-content\/uploads\/2025\/05\/14\/53523.jpg?ver=a9316e9e274ab1864f5fa16525c8d266\" srcset=\"https:\/\/brtk.net\/wp-content\/uploads\/2025\/05\/14\/53523.jpg?ver=a9316e9e274ab1864f5fa16525c8d266 2560w, https:\/\/brtk.net\/wp-content\/uploads\/2025\/05\/14\/53523-300x200.jpg?ver=a9316e9e274ab1864f5fa16525c8d266 300w, https:\/\/brtk.net\/wp-content\/uploads\/2025\/05\/14\/53523-1024x682.jpg?ver=a9316e9e274ab1864f5fa16525c8d266 1024w, https:\/\/brtk.net\/wp-content\/uploads\/2025\/05\/14\/53523-768x512.jpg?ver=804654f7f546b6dfcc99888f4db87602 768w, https:\/\/brtk.net\/wp-content\/uploads\/2025\/05\/14\/53523-1536x1024.jpg?ver=cf2de85364d365b20ca687ff322d1af2 1536w, https:\/\/brtk.net\/wp-content\/uploads\/2025\/05\/14\/53523-2048x1365.jpg?ver=c235c825916e85fcfce3e08496c12939 2048w\"\/>                            <\/div>\n<p>Cumhuriyet Meclisi Ba\u015fkan\u0131 Ziya \u00d6zt\u00fcrkler, Alarko Holding ve Habitat Derne\u011fi\u2019nin ortak projesi olan \u201cGiri\u015fim \u00d6nc\u00fcleri\u201d kapsam\u0131nda, Giri\u015fimci Kad\u0131nlar Derne\u011fi (G\u0130KAD) i\u015f birli\u011fiyle hayata ge\u00e7irilen \u201cGiri\u015fim \u00d6nc\u00fcleri \u0130lham Bulu\u015fmas\u0131\u201d etkinli\u011fine kat\u0131ld\u0131.<\/p>\n<p>Ba\u015fkan \u00d6zt\u00fcrkler, etkinlikte yapt\u0131\u011f\u0131 konu\u015fmada giri\u015fimcilik ekosistemini g\u00fc\u00e7lendirmek, kad\u0131nlar\u0131n ekonomik hayatta daha etkin rol almas\u0131n\u0131 sa\u011flamak ve yeni nesil liderleri te\u015fvik etmek amac\u0131yla ger\u00e7ekle\u015ftirilen bu bulu\u015fman\u0131n b\u00fcy\u00fck \u00f6nem ta\u015f\u0131d\u0131\u011f\u0131n\u0131 vurgulad\u0131.<\/p>\n<p>\u00d6zt\u00fcrk\u2019ler, KKTC\u2019nin giri\u015fimci ruhu ve ba\u011f\u0131ms\u0131z d\u00fc\u015f\u00fcnceyi destekleyen bir yap\u0131ya sahip oldu\u011funu, kad\u0131nlar\u0131n cesareti, \u00fcretkenli\u011fi ve liderlik vizyonunun \u00fclkenin gelece\u011fini \u015fekillendirece\u011fini belirtti.<\/p>\n<p>\u00d6zt\u00fcrkler, \u201cBug\u00fcn burada bulunan her giri\u015fimci, sadece kendi i\u015fini de\u011fil, toplumu ileriye ta\u015f\u0131yacak bir hareketin par\u00e7as\u0131d\u0131r\u201d ifadelerini kulland\u0131.<br \/>\u201cGiri\u015fimcilik, bir milletin kalk\u0131nmas\u0131 ve k\u00fcresel rekabette var olabilmesi i\u00e7in kritik bir unsur olarak g\u00f6r\u00fcl\u00fcyor\u201d diyen \u00d6zt\u00fcrkler, Alarko Holding ve Habitat Derne\u011fi\u2019nin ortak projesiyle ve Giri\u015fimci Kad\u0131nlar Derne\u011fi\u2019nin g\u00fc\u00e7l\u00fc deste\u011fiyle, KKTC\u2019deki giri\u015fimcilik k\u00fclt\u00fcr\u00fcn\u00fc daha da ileriye ta\u015f\u0131may\u0131 hedeflediklerini dile getirdi.<\/p>\n<p>Kad\u0131n giri\u015fimcili\u011finin g\u00fc\u00e7lenmesi ve i\u015fletmelerin b\u00fcy\u00fcmesi i\u00e7in cesur ad\u0131mlar\u0131n at\u0131lmas\u0131 gerekti\u011fini belirten Cumhuriyet Meclisi Ba\u015fkan\u0131 \u00d6zt\u00fcrkler, yenilik\u00e7i fikirlerin \u00fclkeyi daha parlak bir gelece\u011fe ta\u015f\u0131yaca\u011f\u0131n\u0131 ifade etti.<\/p>\n<p>Etkinlikte birlik, dayan\u0131\u015fma ve yenilik\u00e7i d\u00fc\u015f\u00fcncenin \u00f6nemine de\u011finen \u00d6zt\u00fcrkler, KKTC\u2019yi giri\u015fimcilikte \u00f6nc\u00fc bir \u00fclke haline getirmek i\u00e7in t\u00fcm kesimlerin bir arada \u00e7al\u0131\u015fmas\u0131 gerekti\u011fini vurgulad\u0131.<\/p>\n<p>\u00d6zt\u00fcrkler, \u201cBu bulu\u015fma sadece bir organizasyon de\u011fil; ayn\u0131 zamanda gelece\u011fe at\u0131lan bir ad\u0131md\u0131r\u201d dedi.<\/p>\n<\/p><\/div>\n<p><script async\n                    defer\n                    crossorigin=\"anonymous\"\n                    src=\"https:\/\/connect.facebook.net\/tr_TR\/sdk.js#xfbml=1&#038;version=v3.3\"\n            ><\/script><br \/>\n<br \/><br \/>\n<br \/><a href=\"https:\/\/brtk.net\/ozturkler-girisim-onculeri-ilham-bulusmasi-toplantisina-katildi\/\">Kaynak BRT <\/a><\/p>\n","protected":false},"excerpt":{"rendered":"<p>Cumhuriyet Meclisi Ba\u015fkan\u0131 Ziya \u00d6zt\u00fcrkler, Alarko Holding ve Habitat Derne\u011fi\u2019nin ortak projesi olan \u201cGiri\u015fim \u00d6nc\u00fcleri\u201d kapsam\u0131nda, Giri\u015fimci Kad\u0131nlar Derne\u011fi (G\u0130KAD) i\u015f birli\u011fiyle hayata ge\u00e7irilen \u201cGiri\u015fim \u00d6nc\u00fcleri \u0130lham Bulu\u015fmas\u0131\u201d etkinli\u011fine kat\u0131ld\u0131. Ba\u015fkan \u00d6zt\u00fcrkler, etkinlikte yapt\u0131\u011f\u0131 konu\u015fmada giri\u015fimcilik ekosistemini g\u00fc\u00e7lendirmek, kad\u0131nlar\u0131n ekonomik hayatta daha etkin rol almas\u0131n\u0131 sa\u011flamak ve yeni nesil liderleri te\u015fvik etmek amac\u0131yla ger\u00e7ekle\u015ftirilen bu [&hellip;]<\/p>\n","protected":false},"author":908,"featured_media":25519,"comment_status":"open","ping_status":"open","sticky":false,"template":"","format":"standard","meta":{"_jetpack_memberships_contains_paid_content":false,"footnotes":"","jetpack_publicize_message":"","jetpack_publicize_feature_enabled":true,"jetpack_social_post_already_shared":true,"jetpack_social_options":{"image_generator_settings":{"template":"highway","default_image_id":0,"font":"","enabled":false},"version":2}},"categories":[253],"tags":[],"class_list":["post-25518","post","type-post","status-publish","format-standard","has-post-thumbnail","hentry","category-gundem"],"jetpack_publicize_connections":[],"jetpack_featured_media_url":"https:\/\/kibrisayna.com\/wp-content\/uploads\/2025\/05\/53523.jpg","jetpack_sharing_enabled":true,"_links":{"self":[{"href":"https:\/\/kibrisayna.com\/index.php\/wp-json\/wp\/v2\/posts\/25518","targetHints":{"allow":["GET"]}}],"collection":[{"href":"https:\/\/kibrisayna.com\/index.php\/wp-json\/wp\/v2\/posts"}],"about":[{"href":"https:\/\/kibrisayna.com\/index.php\/wp-json\/wp\/v2\/types\/post"}],"author":[{"embeddable":true,"href":"https:\/\/kibrisayna.com\/index.php\/wp-json\/wp\/v2\/users\/908"}],"replies":[{"embeddable":true,"href":"https:\/\/kibrisayna.com\/index.php\/wp-json\/wp\/v2\/comments?post=25518"}],"version-history":[{"count":0,"href":"https:\/\/kibrisayna.com\/index.php\/wp-json\/wp\/v2\/posts\/25518\/revisions"}],"wp:featuredmedia":[{"embeddable":true,"href":"https:\/\/kibrisayna.com\/index.php\/wp-json\/wp\/v2\/media\/25519"}],"wp:attachment":[{"href":"https:\/\/kibrisayna.com\/index.php\/wp-json\/wp\/v2\/media?parent=25518"}],"wp:term":[{"taxonomy":"category","embeddable":true,"href":"https:\/\/kibrisayna.com\/index.php\/wp-json\/wp\/v2\/categories?post=25518"},{"taxonomy":"post_tag","embeddable":true,"href":"https:\/\/kibrisayna.com\/index.php\/wp-json\/wp\/v2\/tags?post=25518"}],"curies":[{"name":"wp","href":"https:\/\/api.w.org\/{rel}","templated":true}]}}