{"id":25513,"date":"2025-05-14T16:02:38","date_gmt":"2025-05-14T13:02:38","guid":{"rendered":"https:\/\/kibrisayna.com\/index.php\/2025\/05\/14\/cumhurbaskani-tatar-borusan-oto-kibris-genel-muduru-mehmed-ve-beraberindeki-heyeti-kabul-etti-brtk\/"},"modified":"2025-05-14T16:02:38","modified_gmt":"2025-05-14T13:02:38","slug":"cumhurbaskani-tatar-borusan-oto-kibris-genel-muduru-mehmed-ve-beraberindeki-heyeti-kabul-etti-brtk","status":"publish","type":"post","link":"https:\/\/kibrisayna.com\/index.php\/2025\/05\/14\/cumhurbaskani-tatar-borusan-oto-kibris-genel-muduru-mehmed-ve-beraberindeki-heyeti-kabul-etti-brtk\/","title":{"rendered":"Cumhurba\u015fkan\u0131 Tatar, Borusan Oto K\u0131br\u0131s Genel M\u00fcd\u00fcr\u00fc Mehmed ve beraberindeki heyeti kabul etti \u2013 BRTK"},"content":{"rendered":"<p> <br \/>\n<\/p>\n<div>\n<div class=\"mariselle-image-container center\">\n                <img loading=\"lazy\" decoding=\"async\" width=\"2560\" height=\"1377\" class=\"lazy-image\" alt=\"\" sizes=\"auto, (max-width: 2560px) 100vw, 2560px\" src=\"https:\/\/brtk.net\/wp-content\/uploads\/2025\/05\/14\/322323232323.jpg?ver=938416293de3f377d4a0562fa7bdce3e\" srcset=\"https:\/\/brtk.net\/wp-content\/uploads\/2025\/05\/14\/322323232323.jpg?ver=938416293de3f377d4a0562fa7bdce3e 2560w, https:\/\/brtk.net\/wp-content\/uploads\/2025\/05\/14\/322323232323-300x161.jpg?ver=53f4b71c3a5c2c217ac164cd13e820c4 300w, https:\/\/brtk.net\/wp-content\/uploads\/2025\/05\/14\/322323232323-1024x551.jpg?ver=53f4b71c3a5c2c217ac164cd13e820c4 1024w, https:\/\/brtk.net\/wp-content\/uploads\/2025\/05\/14\/322323232323-768x413.jpg?ver=8ad3261de04e65c82907de8d736cd26e 768w, https:\/\/brtk.net\/wp-content\/uploads\/2025\/05\/14\/322323232323-1536x826.jpg?ver=1199e0401ef4eded89c8df819bfe6fef 1536w, https:\/\/brtk.net\/wp-content\/uploads\/2025\/05\/14\/322323232323-2048x1102.jpg?ver=ae5a7ed0f68112a9081e8e35a9f3fb7e 2048w\"\/>                            <\/div>\n<p>Cumhurba\u015fkan\u0131 Ersin Tatar, Borusan Oto K\u0131br\u0131s Genel M\u00fcd\u00fcr\u00fc \u00d6zden Mehmed ve beraberindeki heyeti kabul ederek, g\u00f6r\u00fc\u015ft\u00fc.<\/p>\n<p>Cumhurba\u015fkanl\u0131\u011f\u0131\u2019ndan verilen bilgiye g\u00f6re, Cumhurba\u015fkan\u0131 Ersin Tatar, kabulden duydu\u011fu memnuniyeti dile getirerek, \u015firket olarak uluslararas\u0131  platformda elde edilen ba\u015far\u0131n\u0131n olduk\u00e7a \u00f6nemli oldu\u011funu s\u00f6yledi. Tatar, eme\u011fi ge\u00e7eleri titiz \u00e7al\u0131\u015fmalar\u0131ndan dolay\u0131 tebrik etti.<\/p>\n<p>Tatar, ba\u011f\u0131ms\u0131z bir firma olan Borusan Oto\u2019nun Avrupa\u2019da, kendi alanlar\u0131nda yap\u0131lan de\u011ferlendirmelerde birinci gelmesinin KKTC\u2019nin tan\u0131nmas\u0131na sa\u011flad\u0131\u011f\u0131 katk\u0131ya dikkat \u00e7ekerek,  bu temsiliyetin olduk\u00e7a \u00f6nemli oldu\u011funu belirtti. Cumhurba\u015fkan\u0131 Tatar, faaliyetlerini \u00f6zveriyle s\u00fcrd\u00fcren bir firma olarak Borusan Oto\u2019nun elde etti\u011fi ba\u015far\u0131n\u0131n gurur kayna\u011f\u0131 oldu\u011funu kaydetti. <\/p>\n<p>Ge\u00e7mi\u015fte ya\u015fanan zorluklara ra\u011fmen, verilen m\u00fccadele sonucu bug\u00fcnlere gelindi\u011fini vurgulayan Tatar, K\u0131br\u0131s T\u00fcrk halk\u0131n\u0131n \u00e7ok bedeller \u00f6dendi\u011fini ancak gelinen noktada KKTC\u2019nin kurum ve kurulu\u015flar\u0131yla refah bir seviyede halk\u0131na hizmet sundu\u011funu belirtti.<\/p>\n<p>Borusan Oto K\u0131br\u0131s Genel M\u00fcd\u00fcr\u00fc \u00d6zden Mehmed de, ziyaretten duyduklar\u0131 memnuniyeti ifade ederek, her y\u0131l yap\u0131lan yar\u0131\u015fmada bu y\u0131l 9 \u00fclke aras\u0131nda birinci geldiklerini belirtti.<\/p>\n<p>Sergiledikleri performansta kazand\u0131klar\u0131 ba\u015far\u0131n\u0131n, 22 \u00fclkenin kat\u0131l\u0131m g\u00f6sterdi\u011fi bir toplant\u0131da KKTC bayra\u011f\u0131 ile ilan edildi\u011fini belirten Mehmed, bunun kendileri i\u00e7in b\u00fcy\u00fck bir gurur kayna\u011f\u0131 oldu\u011funu ifade etti.<\/p>\n<\/p><\/div>\n<p><script async\n                    defer\n                    crossorigin=\"anonymous\"\n                    src=\"https:\/\/connect.facebook.net\/tr_TR\/sdk.js#xfbml=1&#038;version=v3.3\"\n            ><\/script><br \/>\n<br \/><br \/>\n<br \/><a href=\"https:\/\/brtk.net\/cumhurbaskani-tatar-borusan-oto-kibris-genel-muduru-mehmed-ve-beraberindeki-heyeti-kabul-etti\/\">Kaynak BRT <\/a><\/p>\n","protected":false},"excerpt":{"rendered":"<p>Cumhurba\u015fkan\u0131 Ersin Tatar, Borusan Oto K\u0131br\u0131s Genel M\u00fcd\u00fcr\u00fc \u00d6zden Mehmed ve beraberindeki heyeti kabul ederek, g\u00f6r\u00fc\u015ft\u00fc. Cumhurba\u015fkanl\u0131\u011f\u0131\u2019ndan verilen bilgiye g\u00f6re, Cumhurba\u015fkan\u0131 Ersin Tatar, kabulden duydu\u011fu memnuniyeti dile getirerek, \u015firket olarak uluslararas\u0131 platformda elde edilen ba\u015far\u0131n\u0131n olduk\u00e7a \u00f6nemli oldu\u011funu s\u00f6yledi. Tatar, eme\u011fi ge\u00e7eleri titiz \u00e7al\u0131\u015fmalar\u0131ndan dolay\u0131 tebrik etti. Tatar, ba\u011f\u0131ms\u0131z bir firma olan Borusan Oto\u2019nun Avrupa\u2019da, [&hellip;]<\/p>\n","protected":false},"author":908,"featured_media":25514,"comment_status":"open","ping_status":"open","sticky":false,"template":"","format":"standard","meta":{"_jetpack_memberships_contains_paid_content":false,"footnotes":"","jetpack_publicize_message":"","jetpack_publicize_feature_enabled":true,"jetpack_social_post_already_shared":true,"jetpack_social_options":{"image_generator_settings":{"template":"highway","default_image_id":0,"font":"","enabled":false},"version":2}},"categories":[253],"tags":[],"class_list":["post-25513","post","type-post","status-publish","format-standard","has-post-thumbnail","hentry","category-gundem"],"jetpack_publicize_connections":[],"jetpack_featured_media_url":"https:\/\/kibrisayna.com\/wp-content\/uploads\/2025\/05\/322323232323.jpg","jetpack_sharing_enabled":true,"_links":{"self":[{"href":"https:\/\/kibrisayna.com\/index.php\/wp-json\/wp\/v2\/posts\/25513","targetHints":{"allow":["GET"]}}],"collection":[{"href":"https:\/\/kibrisayna.com\/index.php\/wp-json\/wp\/v2\/posts"}],"about":[{"href":"https:\/\/kibrisayna.com\/index.php\/wp-json\/wp\/v2\/types\/post"}],"author":[{"embeddable":true,"href":"https:\/\/kibrisayna.com\/index.php\/wp-json\/wp\/v2\/users\/908"}],"replies":[{"embeddable":true,"href":"https:\/\/kibrisayna.com\/index.php\/wp-json\/wp\/v2\/comments?post=25513"}],"version-history":[{"count":0,"href":"https:\/\/kibrisayna.com\/index.php\/wp-json\/wp\/v2\/posts\/25513\/revisions"}],"wp:featuredmedia":[{"embeddable":true,"href":"https:\/\/kibrisayna.com\/index.php\/wp-json\/wp\/v2\/media\/25514"}],"wp:attachment":[{"href":"https:\/\/kibrisayna.com\/index.php\/wp-json\/wp\/v2\/media?parent=25513"}],"wp:term":[{"taxonomy":"category","embeddable":true,"href":"https:\/\/kibrisayna.com\/index.php\/wp-json\/wp\/v2\/categories?post=25513"},{"taxonomy":"post_tag","embeddable":true,"href":"https:\/\/kibrisayna.com\/index.php\/wp-json\/wp\/v2\/tags?post=25513"}],"curies":[{"name":"wp","href":"https:\/\/api.w.org\/{rel}","templated":true}]}}