{"id":25412,"date":"2025-05-13T19:47:08","date_gmt":"2025-05-13T16:47:08","guid":{"rendered":"https:\/\/kibrisayna.com\/index.php\/2025\/05\/13\/kibris-turku-kulturu-ve-sanatiyla-vardir-ve-var-olacaktir-brtk\/"},"modified":"2025-05-13T19:47:08","modified_gmt":"2025-05-13T16:47:08","slug":"kibris-turku-kulturu-ve-sanatiyla-vardir-ve-var-olacaktir-brtk","status":"publish","type":"post","link":"https:\/\/kibrisayna.com\/index.php\/2025\/05\/13\/kibris-turku-kulturu-ve-sanatiyla-vardir-ve-var-olacaktir-brtk\/","title":{"rendered":"\u201cK\u0131br\u0131s T\u00fcrk\u00fc, k\u00fclt\u00fcr\u00fc ve sanat\u0131yla vard\u0131r ve var olacakt\u0131r.\u201d \u2013 BRTK"},"content":{"rendered":"<p> <br \/>\n<\/p>\n<div>\n<div class=\"mariselle-image-container center\">\n                <img loading=\"lazy\" decoding=\"async\" width=\"1094\" height=\"698\" class=\"lazy-image\" alt=\"\" sizes=\"auto, (max-width: 1094px) 100vw, 1094px\" src=\"https:\/\/brtk.net\/wp-content\/uploads\/2025\/05\/13\/1747147538827TATAR-NENELER-SERGI-2.jpg?ver=300ae1b3f0b439afef80b8312cae31cd\" srcset=\"https:\/\/brtk.net\/wp-content\/uploads\/2025\/05\/13\/1747147538827TATAR-NENELER-SERGI-2.jpg?ver=300ae1b3f0b439afef80b8312cae31cd 1094w, https:\/\/brtk.net\/wp-content\/uploads\/2025\/05\/13\/1747147538827TATAR-NENELER-SERGI-2-300x191.jpg?ver=6800271ca7f135cbff3a50ed7f86b5be 300w, https:\/\/brtk.net\/wp-content\/uploads\/2025\/05\/13\/1747147538827TATAR-NENELER-SERGI-2-1024x653.jpg?ver=6800271ca7f135cbff3a50ed7f86b5be 1024w, https:\/\/brtk.net\/wp-content\/uploads\/2025\/05\/13\/1747147538827TATAR-NENELER-SERGI-2-768x490.jpg?ver=6800271ca7f135cbff3a50ed7f86b5be 768w, https:\/\/brtk.net\/wp-content\/uploads\/2025\/05\/13\/1747147538827TATAR-NENELER-SERGI-2-566x360.jpg?ver=6800271ca7f135cbff3a50ed7f86b5be 566w\"\/>                            <\/div>\n<p>Cumhurba\u015fkan\u0131 Ersin Tatar,  Akademi Sanat Derne\u011fi himayesinde d\u00fczenlenen \u201cNene ve Annelerimize Sayg\u0131\u201d adl\u0131 sergi ve defileye kat\u0131ld\u0131.<\/p>\n<p>Cumhurba\u015fkanl\u0131\u011f\u0131\u2019ndan yap\u0131lan a\u00e7\u0131klamaya g\u00f6re, Cumhurba\u015fkan\u0131 Tatar, \u0130smet Vehit G\u00fcney Sergi Salonu\u2019nda d\u00fczenlenen etkinlikte yapt\u0131\u011f\u0131 konu\u015fmada, k\u00fclt\u00fcr ve sanat etkinli\u011fine kat\u0131lman\u0131n mutlulu\u011funu ya\u015fad\u0131\u011f\u0131n\u0131 s\u00f6yledi.<\/p>\n<p>K\u00fclt\u00fcr ve sanat\u0131n de\u011ferini bilmenin ve sahip \u00e7\u0131kman\u0131n \u00f6nemine dikkat \u00e7eken Cumhurba\u015fkan\u0131 Tatar, K\u0131br\u0131s T\u00fcrk\u00fc\u2019n\u00fcn her t\u00fcrl\u00fc sald\u0131r\u0131lara ra\u011fmen k\u00fclt\u00fcr\u00fcn\u00fc ve sanat\u0131n\u0131 koruyup gelecek ku\u015faklara aktard\u0131\u011f\u0131n\u0131 vurgulad\u0131.<\/p>\n<p>\u00dclke genelinde her g\u00fcn d\u00fczenlenen k\u00fclt\u00fcr ve sanat etkinliklerine kat\u0131ld\u0131\u011f\u0131n\u0131 anlatan Cumhurba\u015fkan\u0131 Tatar, \u201cK\u0131br\u0131s T\u00fcrk\u00fc, k\u00fclt\u00fcr\u00fc ve sanat\u0131yla vard\u0131r ve var olacakt\u0131r. Kimse bize engel olamaz\u201d dedi.<\/p>\n<p>\u201cNene ve Annelerimize Sayg\u0131\u201d sergisi ve defilesinde eme\u011fi ge\u00e7enleri tebrik eden Cumhurba\u015fkan\u0131 Tatar, katk\u0131 koyanlara ve kat\u0131l\u0131m g\u00f6sterenlere te\u015fekk\u00fcr etti.<\/p>\n<\/p><\/div>\n<p><script async\n                    defer\n                    crossorigin=\"anonymous\"\n                    src=\"https:\/\/connect.facebook.net\/tr_TR\/sdk.js#xfbml=1&#038;version=v3.3\"\n            ><\/script><br \/>\n<br \/><br \/>\n<br \/><a href=\"https:\/\/brtk.net\/tatar-kibris-turku-kulturu-ve-sanatiyla-vardir-ve-var-olacaktir\/\">Kaynak BRT <\/a><\/p>\n","protected":false},"excerpt":{"rendered":"<p>Cumhurba\u015fkan\u0131 Ersin Tatar, Akademi Sanat Derne\u011fi himayesinde d\u00fczenlenen \u201cNene ve Annelerimize Sayg\u0131\u201d adl\u0131 sergi ve defileye kat\u0131ld\u0131. Cumhurba\u015fkanl\u0131\u011f\u0131\u2019ndan yap\u0131lan a\u00e7\u0131klamaya g\u00f6re, Cumhurba\u015fkan\u0131 Tatar, \u0130smet Vehit G\u00fcney Sergi Salonu\u2019nda d\u00fczenlenen etkinlikte yapt\u0131\u011f\u0131 konu\u015fmada, k\u00fclt\u00fcr ve sanat etkinli\u011fine kat\u0131lman\u0131n mutlulu\u011funu ya\u015fad\u0131\u011f\u0131n\u0131 s\u00f6yledi. K\u00fclt\u00fcr ve sanat\u0131n de\u011ferini bilmenin ve sahip \u00e7\u0131kman\u0131n \u00f6nemine dikkat \u00e7eken Cumhurba\u015fkan\u0131 Tatar, K\u0131br\u0131s T\u00fcrk\u00fc\u2019n\u00fcn [&hellip;]<\/p>\n","protected":false},"author":908,"featured_media":25413,"comment_status":"open","ping_status":"open","sticky":false,"template":"","format":"standard","meta":{"advanced_seo_description":"","jetpack_seo_html_title":"","jetpack_seo_noindex":false,"jetpack_seo_schema_type":"","_jetpack_newsletter_access":"","_jetpack_dont_email_post_to_subs":false,"_jetpack_newsletter_tier_id":0,"_jetpack_memberships_contains_paywalled_content":false,"_jetpack_feature_clip_id":0,"_jetpack_memberships_contains_paid_content":false,"footnotes":"","jetpack_publicize_message":"","jetpack_publicize_feature_enabled":true,"jetpack_social_post_already_shared":true,"jetpack_social_options":{"image_generator_settings":{"template":"highway","default_image_id":0,"font":"","enabled":false},"version":2},"jetpack_post_was_ever_published":false},"categories":[253],"tags":[],"class_list":["post-25412","post","type-post","status-publish","format-standard","has-post-thumbnail","hentry","category-gundem"],"jetpack_publicize_connections":[],"jetpack_featured_media_url":"https:\/\/kibrisayna.com\/wp-content\/uploads\/2025\/05\/1747147538827TATAR-NENELER-SERGI-2.jpg","jetpack_sharing_enabled":true,"_links":{"self":[{"href":"https:\/\/kibrisayna.com\/index.php\/wp-json\/wp\/v2\/posts\/25412","targetHints":{"allow":["GET"]}}],"collection":[{"href":"https:\/\/kibrisayna.com\/index.php\/wp-json\/wp\/v2\/posts"}],"about":[{"href":"https:\/\/kibrisayna.com\/index.php\/wp-json\/wp\/v2\/types\/post"}],"author":[{"embeddable":true,"href":"https:\/\/kibrisayna.com\/index.php\/wp-json\/wp\/v2\/users\/908"}],"replies":[{"embeddable":true,"href":"https:\/\/kibrisayna.com\/index.php\/wp-json\/wp\/v2\/comments?post=25412"}],"version-history":[{"count":0,"href":"https:\/\/kibrisayna.com\/index.php\/wp-json\/wp\/v2\/posts\/25412\/revisions"}],"wp:featuredmedia":[{"embeddable":true,"href":"https:\/\/kibrisayna.com\/index.php\/wp-json\/wp\/v2\/media\/25413"}],"wp:attachment":[{"href":"https:\/\/kibrisayna.com\/index.php\/wp-json\/wp\/v2\/media?parent=25412"}],"wp:term":[{"taxonomy":"category","embeddable":true,"href":"https:\/\/kibrisayna.com\/index.php\/wp-json\/wp\/v2\/categories?post=25412"},{"taxonomy":"post_tag","embeddable":true,"href":"https:\/\/kibrisayna.com\/index.php\/wp-json\/wp\/v2\/tags?post=25412"}],"curies":[{"name":"wp","href":"https:\/\/api.w.org\/{rel}","templated":true}]}}