{"id":25364,"date":"2025-05-13T14:16:40","date_gmt":"2025-05-13T11:16:40","guid":{"rendered":"https:\/\/kibrisayna.com\/index.php\/2025\/05\/13\/brezilya-milli-takimi-ancelottinin-brtk\/"},"modified":"2025-05-13T14:16:40","modified_gmt":"2025-05-13T11:16:40","slug":"brezilya-milli-takimi-ancelottinin-brtk","status":"publish","type":"post","link":"https:\/\/kibrisayna.com\/index.php\/2025\/05\/13\/brezilya-milli-takimi-ancelottinin-brtk\/","title":{"rendered":"Brezilya Milli Tak\u0131m\u0131, Ancelotti\u2019nin \u2013 BRTK"},"content":{"rendered":"<p> <br \/>\n<\/p>\n<div>\n<div class=\"mariselle-image-container center\">\n                <img loading=\"lazy\" decoding=\"async\" width=\"1200\" height=\"512\" class=\"lazy-image\" alt=\"\" sizes=\"auto, (max-width: 1200px) 100vw, 1200px\" src=\"https:\/\/brtk.net\/wp-content\/uploads\/2025\/05\/13\/BREZILYA.jpg?ver=2f48e9ad3cb21adbe2c107857709dad7\" srcset=\"https:\/\/brtk.net\/wp-content\/uploads\/2025\/05\/13\/BREZILYA.jpg?ver=2f48e9ad3cb21adbe2c107857709dad7 1200w, https:\/\/brtk.net\/wp-content\/uploads\/2025\/05\/13\/BREZILYA-300x128.jpg?ver=6869815dad603cec105a28484f619c05 300w, https:\/\/brtk.net\/wp-content\/uploads\/2025\/05\/13\/BREZILYA-1024x437.jpg?ver=6869815dad603cec105a28484f619c05 1024w, https:\/\/brtk.net\/wp-content\/uploads\/2025\/05\/13\/BREZILYA-768x328.jpg?ver=6869815dad603cec105a28484f619c05 768w\"\/>                            <\/div>\n<p>Brezilya Milli Tak\u0131m\u0131, teknik direkt\u00f6rl\u00fck g\u00f6revi i\u00e7in \u0130talyan \u00e7al\u0131\u015ft\u0131r\u0131c\u0131 Carlo Ancelotti ile anla\u015fma sa\u011flad\u0131.<\/p>\n<p>Brezilya Futbol Federasyonu\u2019ndan yap\u0131lan a\u00e7\u0131klamada, Brezilya\u2019y\u0131 2026 D\u00fcnya Kupas\u0131\u2019na kadar y\u00f6netecek olan Ancelotti\u2019nin, gelecek ay Ekvador ve Paraguay\u2019a kar\u015f\u0131 oynanacak G\u00fcney Amerika Futbol Konfederasyonu D\u00fcnya Kupas\u0131 Elemeleri ma\u00e7lar\u0131nda milli tak\u0131m\u0131n ba\u015f\u0131nda olaca\u011f\u0131 belirtildi.<\/p>\n<p>65 ya\u015f\u0131ndaki tecr\u00fcbeli teknik adam, Real Madrid ile \u00fc\u00e7er \u015eampiyonlar Ligi, UEFA S\u00fcper Kupa ve iki\u015fer FIFA Kul\u00fcpler D\u00fcnya Kupas\u0131, LaLiga, \u0130spanya Kral Kupas\u0131 ile \u0130spanya S\u00fcper Kupa sevinci ya\u015fad\u0131.<\/p>\n<\/p><\/div>\n<p><script async\n                    defer\n                    crossorigin=\"anonymous\"\n                    src=\"https:\/\/connect.facebook.net\/tr_TR\/sdk.js#xfbml=1&#038;version=v3.3\"\n            ><\/script><br \/>\n<br \/><br \/>\n<br \/><a href=\"https:\/\/brtk.net\/brezilya-milli-takimi-ancelottinin\/\">Kaynak BRT <\/a><\/p>\n","protected":false},"excerpt":{"rendered":"<p>Brezilya Milli Tak\u0131m\u0131, teknik direkt\u00f6rl\u00fck g\u00f6revi i\u00e7in \u0130talyan \u00e7al\u0131\u015ft\u0131r\u0131c\u0131 Carlo Ancelotti ile anla\u015fma sa\u011flad\u0131. Brezilya Futbol Federasyonu\u2019ndan yap\u0131lan a\u00e7\u0131klamada, Brezilya\u2019y\u0131 2026 D\u00fcnya Kupas\u0131\u2019na kadar y\u00f6netecek olan Ancelotti\u2019nin, gelecek ay Ekvador ve Paraguay\u2019a kar\u015f\u0131 oynanacak G\u00fcney Amerika Futbol Konfederasyonu D\u00fcnya Kupas\u0131 Elemeleri ma\u00e7lar\u0131nda milli tak\u0131m\u0131n ba\u015f\u0131nda olaca\u011f\u0131 belirtildi. 65 ya\u015f\u0131ndaki tecr\u00fcbeli teknik adam, Real Madrid ile [&hellip;]<\/p>\n","protected":false},"author":908,"featured_media":25365,"comment_status":"open","ping_status":"open","sticky":false,"template":"","format":"standard","meta":{"advanced_seo_description":"","jetpack_seo_html_title":"","jetpack_seo_noindex":false,"jetpack_seo_schema_type":"","_jetpack_newsletter_access":"","_jetpack_dont_email_post_to_subs":false,"_jetpack_newsletter_tier_id":0,"_jetpack_memberships_contains_paywalled_content":false,"_jetpack_feature_clip_id":0,"_jetpack_memberships_contains_paid_content":false,"footnotes":"","jetpack_publicize_message":"","jetpack_publicize_feature_enabled":true,"jetpack_social_post_already_shared":true,"jetpack_social_options":{"image_generator_settings":{"template":"highway","default_image_id":0,"font":"","enabled":false},"version":2},"jetpack_post_was_ever_published":false},"categories":[9],"tags":[],"class_list":["post-25364","post","type-post","status-publish","format-standard","has-post-thumbnail","hentry","category-spor"],"jetpack_publicize_connections":[],"jetpack_featured_media_url":"https:\/\/kibrisayna.com\/wp-content\/uploads\/2025\/05\/BREZILYA.jpg","jetpack_sharing_enabled":true,"_links":{"self":[{"href":"https:\/\/kibrisayna.com\/index.php\/wp-json\/wp\/v2\/posts\/25364","targetHints":{"allow":["GET"]}}],"collection":[{"href":"https:\/\/kibrisayna.com\/index.php\/wp-json\/wp\/v2\/posts"}],"about":[{"href":"https:\/\/kibrisayna.com\/index.php\/wp-json\/wp\/v2\/types\/post"}],"author":[{"embeddable":true,"href":"https:\/\/kibrisayna.com\/index.php\/wp-json\/wp\/v2\/users\/908"}],"replies":[{"embeddable":true,"href":"https:\/\/kibrisayna.com\/index.php\/wp-json\/wp\/v2\/comments?post=25364"}],"version-history":[{"count":0,"href":"https:\/\/kibrisayna.com\/index.php\/wp-json\/wp\/v2\/posts\/25364\/revisions"}],"wp:featuredmedia":[{"embeddable":true,"href":"https:\/\/kibrisayna.com\/index.php\/wp-json\/wp\/v2\/media\/25365"}],"wp:attachment":[{"href":"https:\/\/kibrisayna.com\/index.php\/wp-json\/wp\/v2\/media?parent=25364"}],"wp:term":[{"taxonomy":"category","embeddable":true,"href":"https:\/\/kibrisayna.com\/index.php\/wp-json\/wp\/v2\/categories?post=25364"},{"taxonomy":"post_tag","embeddable":true,"href":"https:\/\/kibrisayna.com\/index.php\/wp-json\/wp\/v2\/tags?post=25364"}],"curies":[{"name":"wp","href":"https:\/\/api.w.org\/{rel}","templated":true}]}}