{"id":24950,"date":"2025-05-08T23:06:58","date_gmt":"2025-05-08T20:06:58","guid":{"rendered":"https:\/\/kibrisayna.com\/index.php\/2025\/05\/08\/canbulat-ozgurluk-ortaokulundan-sanat-soleni-brtk\/"},"modified":"2025-05-08T23:06:58","modified_gmt":"2025-05-08T20:06:58","slug":"canbulat-ozgurluk-ortaokulundan-sanat-soleni-brtk","status":"publish","type":"post","link":"https:\/\/kibrisayna.com\/index.php\/2025\/05\/08\/canbulat-ozgurluk-ortaokulundan-sanat-soleni-brtk\/","title":{"rendered":"Canbulat \u00d6zg\u00fcrl\u00fck Ortaokulu\u2019ndan \u2018Sanat \u015e\u00f6leni\u2019 \u2013 BRTK"},"content":{"rendered":"<p> <br \/>\n<\/p>\n<div>\n<div class=\"mariselle-image-container center\">\n                <img loading=\"lazy\" decoding=\"async\" width=\"2560\" height=\"1439\" class=\"lazy-image\" alt=\"\" sizes=\"auto, (max-width: 2560px) 100vw, 2560px\" src=\"https:\/\/brtk.net\/wp-content\/uploads\/2025\/05\/08\/InShot_20250508_232232927-scaled.jpg?ver=0874c2bc0aacd50fab96e17ec9aa0de7\" srcset=\"https:\/\/brtk.net\/wp-content\/uploads\/2025\/05\/08\/InShot_20250508_232232927-scaled.jpg?ver=0874c2bc0aacd50fab96e17ec9aa0de7 2560w, https:\/\/brtk.net\/wp-content\/uploads\/2025\/05\/08\/InShot_20250508_232232927-300x169.jpg?ver=0874c2bc0aacd50fab96e17ec9aa0de7 300w, https:\/\/brtk.net\/wp-content\/uploads\/2025\/05\/08\/InShot_20250508_232232927-1024x576.jpg?ver=5ddec69ffb45a9e0bb7acb8e0ca6b272 1024w, https:\/\/brtk.net\/wp-content\/uploads\/2025\/05\/08\/InShot_20250508_232232927-768x432.jpg?ver=5ddec69ffb45a9e0bb7acb8e0ca6b272 768w, https:\/\/brtk.net\/wp-content\/uploads\/2025\/05\/08\/InShot_20250508_232232927-1536x863.jpg?ver=a96c3ec9af11dc8b609586830b72057d 1536w, https:\/\/brtk.net\/wp-content\/uploads\/2025\/05\/08\/InShot_20250508_232232927-2048x1151.jpg?ver=9e45a7534c44fe7bdc93c29b8929edbb 2048w\"\/>                            <\/div>\n<p>\nCanbulat \u00d6zg\u00fcrl\u00fck Ortaokulu \u00f6\u011frencileri ve \u00f6\u011fretmenlerinin y\u0131l boyunca b\u00fcy\u00fck bir \u00f6zveriyle haz\u0131rlad\u0131\u011f\u0131 sanat eserleri ve g\u00f6sterilerden olu\u015fan y\u0131l sonu m\u00fcsameresi,Rauf Raif Denkta\u015f K\u00fclt\u00fcr ve Kongre Saray\u0131\u2019nda co\u015fkuyla ger\u00e7ekle\u015ftirildi.<\/p>\n<p>Etkinlik, okul \u00f6\u011frencilerinin birbirinden \u00f6zel \u00e7al\u0131\u015fmalar\u0131n\u0131n yer ald\u0131\u011f\u0131 resim sergisinin a\u00e7\u0131l\u0131\u015f\u0131yla ba\u015flad\u0131. A\u00e7\u0131l\u0131\u015fta konu\u015fan Okul M\u00fcd\u00fcr\u00fc Sedat \u00d6\u011f\u00fct, bu anlaml\u0131 g\u00fcnde yetenekli \u00f6\u011frencilerin eserlerini ve performanslar\u0131n\u0131 sergilemekten duydu\u011fu memnuniyeti dile getirdi. \u00d6\u011f\u00fct, \u00f6\u011frencilerin y\u0131l boyunca g\u00f6sterdikleri \u00e7aban\u0131n takdire \u015fayan oldu\u011funu vurgulad\u0131.<\/p>\n<p>M\u00fcsamereyi onurland\u0131ran Gazima\u011fusa Belediye Ba\u015fkan\u0131 S\u00fcleyman Ulu\u00e7ay da bir konu\u015fma yaparak, Gazima\u011fusa\u2019n\u0131n Kuzey K\u0131br\u0131s T\u00fcrk Cumhuriyeti\u2019nin ikinci b\u00fcy\u00fck \u015fehri olarak s\u00fcrekli geli\u015fim g\u00f6sterdi\u011fine dikkat \u00e7ekti. Ulu\u00e7ay, \u00f6\u011frencilerin sanata olan ilgisinin ve ortaya koyduklar\u0131 eserlerin kendilerini gururland\u0131rd\u0131\u011f\u0131n\u0131 ifade etti.<\/p>\n<p>Gecede, resim ve tak\u0131 sergilerinin yan\u0131 s\u0131ra, \u00f6\u011frencilerin haz\u0131rlad\u0131\u011f\u0131 birbirinden g\u00fczel m\u00fczik dinletileri, etkileyici \u015fiir performanslar\u0131 ve keyifli tiyatral g\u00f6steriler de sahnelendi.<\/p>\n<\/p><\/div>\n<p><script async\n                    defer\n                    crossorigin=\"anonymous\"\n                    src=\"https:\/\/connect.facebook.net\/tr_TR\/sdk.js#xfbml=1&#038;version=v3.3\"\n            ><\/script><br \/>\n<br \/><br \/>\n<br \/><a href=\"https:\/\/brtk.net\/canbulat-ozgurluk-ortaokulundan-sanat-soleni-2\/\">Kaynak BRT <\/a><\/p>\n","protected":false},"excerpt":{"rendered":"<p>Canbulat \u00d6zg\u00fcrl\u00fck Ortaokulu \u00f6\u011frencileri ve \u00f6\u011fretmenlerinin y\u0131l boyunca b\u00fcy\u00fck bir \u00f6zveriyle haz\u0131rlad\u0131\u011f\u0131 sanat eserleri ve g\u00f6sterilerden olu\u015fan y\u0131l sonu m\u00fcsameresi,Rauf Raif Denkta\u015f K\u00fclt\u00fcr ve Kongre Saray\u0131\u2019nda co\u015fkuyla ger\u00e7ekle\u015ftirildi. Etkinlik, okul \u00f6\u011frencilerinin birbirinden \u00f6zel \u00e7al\u0131\u015fmalar\u0131n\u0131n yer ald\u0131\u011f\u0131 resim sergisinin a\u00e7\u0131l\u0131\u015f\u0131yla ba\u015flad\u0131. A\u00e7\u0131l\u0131\u015fta konu\u015fan Okul M\u00fcd\u00fcr\u00fc Sedat \u00d6\u011f\u00fct, bu anlaml\u0131 g\u00fcnde yetenekli \u00f6\u011frencilerin eserlerini ve performanslar\u0131n\u0131 sergilemekten [&hellip;]<\/p>\n","protected":false},"author":908,"featured_media":24951,"comment_status":"open","ping_status":"open","sticky":false,"template":"","format":"standard","meta":{"_jetpack_memberships_contains_paid_content":false,"footnotes":"","jetpack_publicize_message":"","jetpack_publicize_feature_enabled":true,"jetpack_social_post_already_shared":true,"jetpack_social_options":{"image_generator_settings":{"template":"highway","default_image_id":0,"font":"","enabled":false},"version":2}},"categories":[253],"tags":[],"class_list":["post-24950","post","type-post","status-publish","format-standard","has-post-thumbnail","hentry","category-gundem"],"jetpack_publicize_connections":[],"jetpack_featured_media_url":"https:\/\/kibrisayna.com\/wp-content\/uploads\/2025\/05\/InShot_20250508_232232927-scaled.jpg","jetpack_sharing_enabled":true,"_links":{"self":[{"href":"https:\/\/kibrisayna.com\/index.php\/wp-json\/wp\/v2\/posts\/24950","targetHints":{"allow":["GET"]}}],"collection":[{"href":"https:\/\/kibrisayna.com\/index.php\/wp-json\/wp\/v2\/posts"}],"about":[{"href":"https:\/\/kibrisayna.com\/index.php\/wp-json\/wp\/v2\/types\/post"}],"author":[{"embeddable":true,"href":"https:\/\/kibrisayna.com\/index.php\/wp-json\/wp\/v2\/users\/908"}],"replies":[{"embeddable":true,"href":"https:\/\/kibrisayna.com\/index.php\/wp-json\/wp\/v2\/comments?post=24950"}],"version-history":[{"count":0,"href":"https:\/\/kibrisayna.com\/index.php\/wp-json\/wp\/v2\/posts\/24950\/revisions"}],"wp:featuredmedia":[{"embeddable":true,"href":"https:\/\/kibrisayna.com\/index.php\/wp-json\/wp\/v2\/media\/24951"}],"wp:attachment":[{"href":"https:\/\/kibrisayna.com\/index.php\/wp-json\/wp\/v2\/media?parent=24950"}],"wp:term":[{"taxonomy":"category","embeddable":true,"href":"https:\/\/kibrisayna.com\/index.php\/wp-json\/wp\/v2\/categories?post=24950"},{"taxonomy":"post_tag","embeddable":true,"href":"https:\/\/kibrisayna.com\/index.php\/wp-json\/wp\/v2\/tags?post=24950"}],"curies":[{"name":"wp","href":"https:\/\/api.w.org\/{rel}","templated":true}]}}