{"id":24672,"date":"2025-05-06T11:58:59","date_gmt":"2025-05-06T08:58:59","guid":{"rendered":"https:\/\/kibrisayna.com\/index.php\/2025\/05\/06\/beylerbeyi-ve-gazimagusada-ani-olumler-aracinda-rahatsizlanan-sahis-kurtarilamadi-brtk\/"},"modified":"2025-05-06T11:58:59","modified_gmt":"2025-05-06T08:58:59","slug":"beylerbeyi-ve-gazimagusada-ani-olumler-aracinda-rahatsizlanan-sahis-kurtarilamadi-brtk","status":"publish","type":"post","link":"https:\/\/kibrisayna.com\/index.php\/2025\/05\/06\/beylerbeyi-ve-gazimagusada-ani-olumler-aracinda-rahatsizlanan-sahis-kurtarilamadi-brtk\/","title":{"rendered":"Beylerbeyi ve Gazima\u011fusa\u2019da ani \u00f6l\u00fcmler\u2026 Arac\u0131nda rahats\u0131zlanan \u015fah\u0131s kurtar\u0131lamad\u0131 \u2013 BRTK"},"content":{"rendered":"<p> <br \/>\n<\/p>\n<div>\n<div class=\"mariselle-image-container center\">\n                <img loading=\"lazy\" decoding=\"async\" width=\"930\" height=\"410\" class=\"lazy-image\" alt=\"\" sizes=\"auto, (max-width: 930px) 100vw, 930px\" src=\"https:\/\/brtk.net\/wp-content\/uploads\/2025\/03\/23\/1742730584489polis-3118.jpg?ver=92ddc2ae4b9083866767a09fcc27f548\" srcset=\"https:\/\/brtk.net\/wp-content\/uploads\/2025\/03\/23\/1742730584489polis-3118.jpg?ver=92ddc2ae4b9083866767a09fcc27f548 930w, https:\/\/brtk.net\/wp-content\/uploads\/2025\/03\/23\/1742730584489polis-3118-300x132.jpg?ver=288f0f435466b58b4a14dd3273548945 300w, https:\/\/brtk.net\/wp-content\/uploads\/2025\/03\/23\/1742730584489polis-3118-768x339.jpg?ver=288f0f435466b58b4a14dd3273548945 768w\"\/>                            <\/div>\n<p>Beylerbeyi\u2019nde d\u00fcn 11.30 s\u0131ralar\u0131nda bir i\u015fletmenin \u00f6n k\u0131sm\u0131ndaki ara\u00e7 park yerinde, Ozank\u00f6y\u2019de sakin \u015eenol Hulusia\u011fa\u2019n\u0131n (E-72) kullan\u0131m\u0131ndaki arac\u0131nda aniden rahats\u0131zland\u0131\u011f\u0131, ambulans ile kald\u0131r\u0131ld\u0131\u011f\u0131 Girne Dr. Ak\u00e7i\u00e7ek Hastanesi\u2019nde yap\u0131lan t\u00fcm m\u00fcdahalelere ra\u011fmen kurtar\u0131lamayarak ya\u015fam\u0131n\u0131 yitirdi\u011fi bildirildi.<\/p>\n<p>Polis a\u00e7\u0131klamas\u0131nda, doktor taraf\u0131ndan yap\u0131lan fiziki muayenede, darp veya cebir izine rastlanmad\u0131\u011f\u0131 Hulusia\u011fa\u2019n\u0131n \u00f6l\u00fcm sebebinin yap\u0131lacak otopsi sonucunda tespit edilece\u011fi kaydedildi.<\/p>\n<p>-Gazima\u011fusa\u2019da ani \u00f6l\u00fcm<\/p>\n<p>Gazima\u011fusa\u2019da d\u00fcn 18.30 s\u0131ralar\u0131nda Mustafa Ceylano\u011flu (E-58) kald\u0131\u011f\u0131 evde \u00f6l\u00fc bulundu.<\/p>\n<p>Polis a\u00e7\u0131klamas\u0131na g\u00f6re, doktor taraf\u0131ndan yap\u0131lan fiziki muayenede, darp veya cebir izine rastlanmad\u0131\u011f\u0131 ifade edilerek, Ceylano\u011flu\u2019nun \u00f6l\u00fcm sebebinin yap\u0131lacak otopsi sonucunda tespit edilece\u011fi belirtildi.<\/p>\n<\/p><\/div>\n<p><script async\n                    defer\n                    crossorigin=\"anonymous\"\n                    src=\"https:\/\/connect.facebook.net\/tr_TR\/sdk.js#xfbml=1&#038;version=v3.3\"\n            ><\/script><br \/>\n<br \/><br \/>\n<br \/><a href=\"https:\/\/brtk.net\/beylerbeyi-ve-gazimagusada-ani-olumler-aracinda-rahatsizlanan-sahis-kurtarilamadi\/\"> <\/a><\/p>\n","protected":false},"excerpt":{"rendered":"<p>Beylerbeyi\u2019nde d\u00fcn 11.30 s\u0131ralar\u0131nda bir i\u015fletmenin \u00f6n k\u0131sm\u0131ndaki ara\u00e7 park yerinde, Ozank\u00f6y\u2019de sakin \u015eenol Hulusia\u011fa\u2019n\u0131n (E-72) kullan\u0131m\u0131ndaki arac\u0131nda aniden rahats\u0131zland\u0131\u011f\u0131, ambulans ile kald\u0131r\u0131ld\u0131\u011f\u0131 Girne Dr. Ak\u00e7i\u00e7ek Hastanesi\u2019nde yap\u0131lan t\u00fcm m\u00fcdahalelere ra\u011fmen kurtar\u0131lamayarak ya\u015fam\u0131n\u0131 yitirdi\u011fi bildirildi. Polis a\u00e7\u0131klamas\u0131nda, doktor taraf\u0131ndan yap\u0131lan fiziki muayenede, darp veya cebir izine rastlanmad\u0131\u011f\u0131 Hulusia\u011fa\u2019n\u0131n \u00f6l\u00fcm sebebinin yap\u0131lacak otopsi sonucunda tespit edilece\u011fi [&hellip;]<\/p>\n","protected":false},"author":908,"featured_media":23318,"comment_status":"open","ping_status":"open","sticky":false,"template":"","format":"standard","meta":{"_jetpack_memberships_contains_paid_content":false,"footnotes":"","jetpack_publicize_message":"","jetpack_publicize_feature_enabled":true,"jetpack_social_post_already_shared":true,"jetpack_social_options":{"image_generator_settings":{"template":"highway","default_image_id":0,"font":"","enabled":false},"version":2}},"categories":[253,19],"tags":[],"class_list":["post-24672","post","type-post","status-publish","format-standard","has-post-thumbnail","hentry","category-gundem","category-manset"],"jetpack_publicize_connections":[],"jetpack_featured_media_url":"https:\/\/kibrisayna.com\/wp-content\/uploads\/2025\/04\/1745398763905ANI-OLUM.jpg","jetpack_sharing_enabled":true,"_links":{"self":[{"href":"https:\/\/kibrisayna.com\/index.php\/wp-json\/wp\/v2\/posts\/24672","targetHints":{"allow":["GET"]}}],"collection":[{"href":"https:\/\/kibrisayna.com\/index.php\/wp-json\/wp\/v2\/posts"}],"about":[{"href":"https:\/\/kibrisayna.com\/index.php\/wp-json\/wp\/v2\/types\/post"}],"author":[{"embeddable":true,"href":"https:\/\/kibrisayna.com\/index.php\/wp-json\/wp\/v2\/users\/908"}],"replies":[{"embeddable":true,"href":"https:\/\/kibrisayna.com\/index.php\/wp-json\/wp\/v2\/comments?post=24672"}],"version-history":[{"count":0,"href":"https:\/\/kibrisayna.com\/index.php\/wp-json\/wp\/v2\/posts\/24672\/revisions"}],"wp:featuredmedia":[{"embeddable":true,"href":"https:\/\/kibrisayna.com\/index.php\/wp-json\/wp\/v2\/media\/23318"}],"wp:attachment":[{"href":"https:\/\/kibrisayna.com\/index.php\/wp-json\/wp\/v2\/media?parent=24672"}],"wp:term":[{"taxonomy":"category","embeddable":true,"href":"https:\/\/kibrisayna.com\/index.php\/wp-json\/wp\/v2\/categories?post=24672"},{"taxonomy":"post_tag","embeddable":true,"href":"https:\/\/kibrisayna.com\/index.php\/wp-json\/wp\/v2\/tags?post=24672"}],"curies":[{"name":"wp","href":"https:\/\/api.w.org\/{rel}","templated":true}]}}