{"id":24670,"date":"2025-05-06T11:54:14","date_gmt":"2025-05-06T08:54:14","guid":{"rendered":"https:\/\/kibrisayna.com\/index.php\/2025\/05\/06\/dostum-trumpla-kisa-surede-bir-araya-gelmeyi-umit-ediyorum-brtk\/"},"modified":"2025-05-06T11:54:14","modified_gmt":"2025-05-06T08:54:14","slug":"dostum-trumpla-kisa-surede-bir-araya-gelmeyi-umit-ediyorum-brtk","status":"publish","type":"post","link":"https:\/\/kibrisayna.com\/index.php\/2025\/05\/06\/dostum-trumpla-kisa-surede-bir-araya-gelmeyi-umit-ediyorum-brtk\/","title":{"rendered":"\u201cDostum Trump\u2019la k\u0131sa s\u00fcrede bir araya gelmeyi \u00fcmit ediyorum\u201d \u2013 BRTK"},"content":{"rendered":"<p> <br \/>\n<\/p>\n<div>\n<div class=\"mariselle-image-container center\">\n                <img loading=\"lazy\" decoding=\"async\" width=\"864\" height=\"486\" class=\"lazy-image\" alt=\"\" sizes=\"auto, (max-width: 864px) 100vw, 864px\" src=\"https:\/\/brtk.net\/wp-content\/uploads\/2025\/05\/06\/1746508747888thumbs_b_c_39cf59cb12f36d40b143abafbfda37aa.jpg?ver=3aaed407c2dbc4eab5d6aec87c330497\" srcset=\"https:\/\/brtk.net\/wp-content\/uploads\/2025\/05\/06\/1746508747888thumbs_b_c_39cf59cb12f36d40b143abafbfda37aa.jpg?ver=3aaed407c2dbc4eab5d6aec87c330497 864w, https:\/\/brtk.net\/wp-content\/uploads\/2025\/05\/06\/1746508747888thumbs_b_c_39cf59cb12f36d40b143abafbfda37aa-300x169.jpg?ver=3aaed407c2dbc4eab5d6aec87c330497 300w, https:\/\/brtk.net\/wp-content\/uploads\/2025\/05\/06\/1746508747888thumbs_b_c_39cf59cb12f36d40b143abafbfda37aa-768x432.jpg?ver=6de2cc8e63483a33e69f27c5e1e7d4eb 768w\"\/>                            <\/div>\n<p>T\u00fcrkiye Cumhurba\u015fkan\u0131 Recep Tayyip Erdo\u011fan, \u201cBug\u00fcn ABD Ba\u015fkan\u0131 de\u011ferli dostum Say\u0131n Donald Trump\u2019la yapt\u0131\u011f\u0131m\u0131z telefon g\u00f6r\u00fc\u015fmesi olduk\u00e7a verimli, kapsaml\u0131 ve samimiydi.\u201d ifadesini kulland\u0131.<\/p>\n<p>Erdo\u011fan, sosyal medya hesab\u0131ndan, ABD Ba\u015fkan\u0131 Trump ile ger\u00e7ekle\u015ftirdi\u011fi telefon g\u00f6r\u00fc\u015fmesine ili\u015fkin payla\u015f\u0131mda bulundu.<\/p>\n<p>Erdo\u011fan, \u015funlar\u0131 kaydetti:<\/p>\n<p>\u201cBug\u00fcn ABD Ba\u015fkan\u0131 de\u011ferli dostum Say\u0131n Donald Trump\u2019la yapt\u0131\u011f\u0131m\u0131z telefon g\u00f6r\u00fc\u015fmesi olduk\u00e7a verimli, kapsaml\u0131 ve samimiydi. G\u00f6r\u00fc\u015fmemizde, Gazze\u2019de gittik\u00e7e k\u00f6t\u00fcye giden insani durum ba\u015fta olmak \u00fczere Suriye, Rusya-Ukrayna Sava\u015f\u0131, k\u00fcresel ticaret, \u0130ran ile ABD aras\u0131nda devam eden m\u00fczakereler ve daha bir\u00e7ok b\u00f6lgesel ve k\u00fcresel meseleyi isti\u015fare ettik. Say\u0131n Trump ile ba\u015fta savunma sanayii ve ticaret olmak \u00fczere T\u00fcrkiye-ABD m\u00fcnasebetlerini geli\u015ftirme irademizi teyit ettik. Ba\u015fkan Trump\u2019\u0131n d\u00fcnyam\u0131zda s\u00fcregelen \u00e7at\u0131\u015fma ve sava\u015flar\u0131 bitirme y\u00f6n\u00fcndeki \u00e7abalar\u0131n\u0131 takdirle kar\u015f\u0131lad\u0131\u011f\u0131m\u0131, T\u00fcrkiye olarak b\u00f6lgemizde bar\u0131\u015f, istikrar ve huzur ortam\u0131n\u0131n tesisi i\u00e7in gereken deste\u011fi vermeye haz\u0131r oldu\u011fumuzu vurgulad\u0131m. De\u011ferli dostumu en k\u0131sa s\u00fcrede T\u00fcrkiye\u2019de a\u011f\u0131rlamaktan b\u00fcy\u00fck memnuniyet duyaca\u011f\u0131m\u0131 ifade ettim, kendisi de bizleri ABD\u2019ye davet etti. \u0130n\u015fallah dostum Trump\u2019la k\u0131sa s\u00fcrede bir araya gelmeyi \u00fcmit ediyor, g\u00f6r\u00fc\u015fmemizin \u00fclkelerimiz i\u00e7in hay\u0131rlara vesile olmas\u0131n\u0131 diliyorum.\u201d<\/p>\n<\/p><\/div>\n<p><script async\n                    defer\n                    crossorigin=\"anonymous\"\n                    src=\"https:\/\/connect.facebook.net\/tr_TR\/sdk.js#xfbml=1&#038;version=v3.3\"\n            ><\/script><br \/>\n<br \/><br \/>\n<br \/><a href=\"https:\/\/brtk.net\/erdogan-dostum-trumpla-kisa-surede-bir-araya-gelmeyi-umit-ediyorum\/\"><\/a><\/p>\n","protected":false},"excerpt":{"rendered":"<p>T\u00fcrkiye Cumhurba\u015fkan\u0131 Recep Tayyip Erdo\u011fan, \u201cBug\u00fcn ABD Ba\u015fkan\u0131 de\u011ferli dostum Say\u0131n Donald Trump\u2019la yapt\u0131\u011f\u0131m\u0131z telefon g\u00f6r\u00fc\u015fmesi olduk\u00e7a verimli, kapsaml\u0131 ve samimiydi.\u201d ifadesini kulland\u0131. Erdo\u011fan, sosyal medya hesab\u0131ndan, ABD Ba\u015fkan\u0131 Trump ile ger\u00e7ekle\u015ftirdi\u011fi telefon g\u00f6r\u00fc\u015fmesine ili\u015fkin payla\u015f\u0131mda bulundu. Erdo\u011fan, \u015funlar\u0131 kaydetti: \u201cBug\u00fcn ABD Ba\u015fkan\u0131 de\u011ferli dostum Say\u0131n Donald Trump\u2019la yapt\u0131\u011f\u0131m\u0131z telefon g\u00f6r\u00fc\u015fmesi olduk\u00e7a verimli, kapsaml\u0131 ve [&hellip;]<\/p>\n","protected":false},"author":908,"featured_media":24671,"comment_status":"open","ping_status":"open","sticky":false,"template":"","format":"standard","meta":{"_jetpack_memberships_contains_paid_content":false,"footnotes":"","jetpack_publicize_message":"","jetpack_publicize_feature_enabled":true,"jetpack_social_post_already_shared":true,"jetpack_social_options":{"image_generator_settings":{"template":"highway","default_image_id":0,"font":"","enabled":false},"version":2}},"categories":[587],"tags":[],"class_list":["post-24670","post","type-post","status-publish","format-standard","has-post-thumbnail","hentry","category-dunya"],"jetpack_publicize_connections":[],"jetpack_featured_media_url":"https:\/\/kibrisayna.com\/wp-content\/uploads\/2025\/05\/1746508747888thumbs_b_c_39cf59cb12f36d40b143abafbfda37aa.jpg","jetpack_sharing_enabled":true,"_links":{"self":[{"href":"https:\/\/kibrisayna.com\/index.php\/wp-json\/wp\/v2\/posts\/24670","targetHints":{"allow":["GET"]}}],"collection":[{"href":"https:\/\/kibrisayna.com\/index.php\/wp-json\/wp\/v2\/posts"}],"about":[{"href":"https:\/\/kibrisayna.com\/index.php\/wp-json\/wp\/v2\/types\/post"}],"author":[{"embeddable":true,"href":"https:\/\/kibrisayna.com\/index.php\/wp-json\/wp\/v2\/users\/908"}],"replies":[{"embeddable":true,"href":"https:\/\/kibrisayna.com\/index.php\/wp-json\/wp\/v2\/comments?post=24670"}],"version-history":[{"count":0,"href":"https:\/\/kibrisayna.com\/index.php\/wp-json\/wp\/v2\/posts\/24670\/revisions"}],"wp:featuredmedia":[{"embeddable":true,"href":"https:\/\/kibrisayna.com\/index.php\/wp-json\/wp\/v2\/media\/24671"}],"wp:attachment":[{"href":"https:\/\/kibrisayna.com\/index.php\/wp-json\/wp\/v2\/media?parent=24670"}],"wp:term":[{"taxonomy":"category","embeddable":true,"href":"https:\/\/kibrisayna.com\/index.php\/wp-json\/wp\/v2\/categories?post=24670"},{"taxonomy":"post_tag","embeddable":true,"href":"https:\/\/kibrisayna.com\/index.php\/wp-json\/wp\/v2\/tags?post=24670"}],"curies":[{"name":"wp","href":"https:\/\/api.w.org\/{rel}","templated":true}]}}