{"id":24628,"date":"2025-05-05T18:05:18","date_gmt":"2025-05-05T15:05:18","guid":{"rendered":"https:\/\/kibrisayna.com\/index.php\/2025\/05\/05\/kulturel-miras-teknik-komitesi-baf-bolgesinde-bulunan-tera-cakirlar-koyundeki-tarihi-caminin-koruma-calismasini-tamamladi-brtk\/"},"modified":"2025-05-05T18:05:18","modified_gmt":"2025-05-05T15:05:18","slug":"kulturel-miras-teknik-komitesi-baf-bolgesinde-bulunan-tera-cakirlar-koyundeki-tarihi-caminin-koruma-calismasini-tamamladi-brtk","status":"publish","type":"post","link":"https:\/\/kibrisayna.com\/index.php\/2025\/05\/05\/kulturel-miras-teknik-komitesi-baf-bolgesinde-bulunan-tera-cakirlar-koyundeki-tarihi-caminin-koruma-calismasini-tamamladi-brtk\/","title":{"rendered":"K\u00fclt\u00fcrel Miras Teknik Komitesi, Baf b\u00f6lgesinde bulunan Tera (\u00c7ak\u0131rlar) k\u00f6y\u00fcndeki tarihi caminin koruma \u00e7al\u0131\u015fmas\u0131n\u0131 tamamlad\u0131 \u2013 BRTK"},"content":{"rendered":"<p> <br \/>\n<\/p>\n<div>\n<div class=\"mariselle-image-container center\">\n                <img loading=\"lazy\" decoding=\"async\" width=\"1000\" height=\"668\" class=\"lazy-image\" alt=\"\" sizes=\"auto, (max-width: 1000px) 100vw, 1000px\" src=\"https:\/\/brtk.net\/wp-content\/uploads\/2025\/05\/05\/kssdaksdka.jpeg?ver=9ac24ed5305e31b3f1978f59091aebfb\" srcset=\"https:\/\/brtk.net\/wp-content\/uploads\/2025\/05\/05\/kssdaksdka.jpeg?ver=9ac24ed5305e31b3f1978f59091aebfb 1000w, https:\/\/brtk.net\/wp-content\/uploads\/2025\/05\/05\/kssdaksdka-300x200.jpeg?ver=f5fecb0e4e83dc2675ee930dc14f6858 300w, https:\/\/brtk.net\/wp-content\/uploads\/2025\/05\/05\/kssdaksdka-768x513.jpeg?ver=f5fecb0e4e83dc2675ee930dc14f6858 768w\"\/>                            <\/div>\n<p> K\u00fclt\u00fcrel Miras Teknik Komitesi, Baf b\u00f6lgesinde bulunan Tera (\u00c7ak\u0131rlar) k\u00f6y\u00fcndeki tarihi caminin koruma \u00e7al\u0131\u015fmas\u0131n\u0131 tamamlad\u0131.<\/p>\n<p>Cumhurba\u015fkanl\u0131\u011f\u0131 b\u00fcnyesinde faaliyet g\u00f6steren K\u00fclt\u00fcrel Miras Teknik Komitesi E\u015f Ba\u015fkan\u0131 Ali Tuncay, Komite\u2019nin \u00e7al\u0131\u015fmalar\u0131 hakk\u0131nda T\u00fcrk Ajans\u0131 K\u0131br\u0131s\u2019a a\u00e7\u0131klamalarda bulundu.<\/p>\n<p>Tuncay, Baf b\u00f6lgesinde bulunan Tera (\u00c7ak\u0131rlar) K\u00f6y\u00fc Camisi\u2019ndeki koruma \u00e7al\u0131\u015fmalar\u0131n\u0131n tamamland\u0131\u011f\u0131n\u0131 belirterek, Komite ve k\u00f6yl\u00fclerden olu\u015fan bir heyetle camiyi ziyaret ettiklerini s\u00f6yledi.<\/p>\n<p>\u00c7al\u0131\u015fmalar kapsam\u0131nda, caminin yap\u0131sal b\u00fct\u00fcnl\u00fc\u011f\u00fcn\u00fcn korundu\u011funu, mimari ve tarihi \u00f6nemini muhafaza eden kapsaml\u0131 m\u00fcdahaleler yap\u0131ld\u0131\u011f\u0131n\u0131 ifade eden Tuncay, alan temizli\u011finin yap\u0131ld\u0131\u011f\u0131n\u0131, bitki \u00f6rt\u00fcs\u00fcn\u00fcn kald\u0131r\u0131ld\u0131\u011f\u0131n\u0131, duvar s\u0131valar\u0131, \u00e7at\u0131, ah\u015fap kap\u0131lar ve pencerelerin onar\u0131ld\u0131\u011f\u0131n\u0131 dile getirdi.<\/p>\n<p>G\u00fcney K\u0131br\u0131s\u2019taki camilerde koruma \u00e7al\u0131\u015fmalar\u0131n\u0131n s\u00fcrd\u00fc\u011f\u00fcn\u00fc de belirten Tuncay, Evdim (D\u00fczkaya) Camisi\u2019ndeki \u00e7al\u0131\u015fmalar\u0131n tamamlanma a\u015famas\u0131na geldi\u011fini, Dohni (Ta\u015fkent) ve Tuzla camilerindeki \u00e7al\u0131\u015fmalar\u0131n devam etti\u011fini ifade etti.<\/p>\n<p>Tuncay, eserler \u00fczerinde y\u00fcr\u00fct\u00fclen \u00e7al\u0131\u015fmalar\u0131n, Avrupa Birli\u011fi\u2019nin sa\u011flad\u0131\u011f\u0131 finansal katk\u0131lar ve Birle\u015fmi\u015f Milletler Kalk\u0131nma Program\u0131\u2019n\u0131n (UNDP) teknik deste\u011fiyle ger\u00e7ekle\u015ftirildi\u011fini s\u00f6zlerine ekledi.<\/p>\n<\/p><\/div>\n<p><script async\n                    defer\n                    crossorigin=\"anonymous\"\n                    src=\"https:\/\/connect.facebook.net\/tr_TR\/sdk.js#xfbml=1&#038;version=v3.3\"\n            ><\/script><br \/>\n<br \/><br \/>\n<br \/><a href=\"https:\/\/brtk.net\/kulturel-miras-teknik-komitesi-baf-bolgesinde-bulunan-tera-cakirlar-koyundeki-tarihi-caminin-koruma-calismasini-tamamladi\/\">Kaynak BRT <\/a><\/p>\n","protected":false},"excerpt":{"rendered":"<p>K\u00fclt\u00fcrel Miras Teknik Komitesi, Baf b\u00f6lgesinde bulunan Tera (\u00c7ak\u0131rlar) k\u00f6y\u00fcndeki tarihi caminin koruma \u00e7al\u0131\u015fmas\u0131n\u0131 tamamlad\u0131. Cumhurba\u015fkanl\u0131\u011f\u0131 b\u00fcnyesinde faaliyet g\u00f6steren K\u00fclt\u00fcrel Miras Teknik Komitesi E\u015f Ba\u015fkan\u0131 Ali Tuncay, Komite\u2019nin \u00e7al\u0131\u015fmalar\u0131 hakk\u0131nda T\u00fcrk Ajans\u0131 K\u0131br\u0131s\u2019a a\u00e7\u0131klamalarda bulundu. Tuncay, Baf b\u00f6lgesinde bulunan Tera (\u00c7ak\u0131rlar) K\u00f6y\u00fc Camisi\u2019ndeki koruma \u00e7al\u0131\u015fmalar\u0131n\u0131n tamamland\u0131\u011f\u0131n\u0131 belirterek, Komite ve k\u00f6yl\u00fclerden olu\u015fan bir heyetle camiyi ziyaret [&hellip;]<\/p>\n","protected":false},"author":908,"featured_media":24629,"comment_status":"open","ping_status":"open","sticky":false,"template":"","format":"standard","meta":{"_jetpack_memberships_contains_paid_content":false,"footnotes":"","jetpack_publicize_message":"","jetpack_publicize_feature_enabled":true,"jetpack_social_post_already_shared":true,"jetpack_social_options":{"image_generator_settings":{"template":"highway","default_image_id":0,"font":"","enabled":false},"version":2}},"categories":[253],"tags":[],"class_list":["post-24628","post","type-post","status-publish","format-standard","has-post-thumbnail","hentry","category-gundem"],"jetpack_publicize_connections":[],"jetpack_featured_media_url":"https:\/\/kibrisayna.com\/wp-content\/uploads\/2025\/05\/kssdaksdka.jpeg","jetpack_sharing_enabled":true,"_links":{"self":[{"href":"https:\/\/kibrisayna.com\/index.php\/wp-json\/wp\/v2\/posts\/24628","targetHints":{"allow":["GET"]}}],"collection":[{"href":"https:\/\/kibrisayna.com\/index.php\/wp-json\/wp\/v2\/posts"}],"about":[{"href":"https:\/\/kibrisayna.com\/index.php\/wp-json\/wp\/v2\/types\/post"}],"author":[{"embeddable":true,"href":"https:\/\/kibrisayna.com\/index.php\/wp-json\/wp\/v2\/users\/908"}],"replies":[{"embeddable":true,"href":"https:\/\/kibrisayna.com\/index.php\/wp-json\/wp\/v2\/comments?post=24628"}],"version-history":[{"count":0,"href":"https:\/\/kibrisayna.com\/index.php\/wp-json\/wp\/v2\/posts\/24628\/revisions"}],"wp:featuredmedia":[{"embeddable":true,"href":"https:\/\/kibrisayna.com\/index.php\/wp-json\/wp\/v2\/media\/24629"}],"wp:attachment":[{"href":"https:\/\/kibrisayna.com\/index.php\/wp-json\/wp\/v2\/media?parent=24628"}],"wp:term":[{"taxonomy":"category","embeddable":true,"href":"https:\/\/kibrisayna.com\/index.php\/wp-json\/wp\/v2\/categories?post=24628"},{"taxonomy":"post_tag","embeddable":true,"href":"https:\/\/kibrisayna.com\/index.php\/wp-json\/wp\/v2\/tags?post=24628"}],"curies":[{"name":"wp","href":"https:\/\/api.w.org\/{rel}","templated":true}]}}