{"id":22669,"date":"2025-04-16T19:07:12","date_gmt":"2025-04-16T16:07:12","guid":{"rendered":"https:\/\/kibrisayna.com\/index.php\/2025\/04\/16\/iskele-ve-gonyelide-yarin-elektrik-kesintisi-olacak-brtk\/"},"modified":"2025-04-16T19:07:12","modified_gmt":"2025-04-16T16:07:12","slug":"iskele-ve-gonyelide-yarin-elektrik-kesintisi-olacak-brtk","status":"publish","type":"post","link":"https:\/\/kibrisayna.com\/index.php\/2025\/04\/16\/iskele-ve-gonyelide-yarin-elektrik-kesintisi-olacak-brtk\/","title":{"rendered":"\u0130skele ve G\u00f6nyeli\u2019de yar\u0131n elektrik kesintisi olacak \u2013 BRTK"},"content":{"rendered":"<p> <br \/>\n<\/p>\n<div>\n<p>\u00a0<\/p>\n<div class=\"mariselle-image-container center\">\n                <img loading=\"lazy\" decoding=\"async\" width=\"780\" height=\"450\" class=\"lazy-image\" alt=\"\" sizes=\"auto, (max-width: 780px) 100vw, 780px\" src=\"https:\/\/brtk.net\/wp-content\/uploads\/2023\/01\/29\/elektrik-kesintisi-34.jpg?ver=88fbaa1028fa2e020fde75baf4ed4495\" srcset=\"https:\/\/brtk.net\/wp-content\/uploads\/2023\/01\/29\/elektrik-kesintisi-34.jpg?ver=88fbaa1028fa2e020fde75baf4ed4495 780w, https:\/\/brtk.net\/wp-content\/uploads\/2023\/01\/29\/elektrik-kesintisi-34-300x173.jpg?ver=88fbaa1028fa2e020fde75baf4ed4495 300w, https:\/\/brtk.net\/wp-content\/uploads\/2023\/01\/29\/elektrik-kesintisi-34-768x443.jpg?ver=d9cd2030f9ed4cf1878e1cc944169014 768w\"\/>                            <\/div>\n<p>\u00a0<\/p>\n<p style=\"font-weight: 300;\"><span style=\"font-weight: 300 !important;\">Orta gerilim elektrik \u015febekesinde yap\u0131lacak proje \u00e7al\u0131\u015fmas\u0131 nedeniyle yar\u0131n 10.00 ile 13.00 saatleri aras\u0131nda \u0130skele\u2019de baz\u0131 yerlere elektrik verilemeyecek.<\/span><\/p>\n<p style=\"font-weight: 300;\">Elektrik Kurumu\u2019ndan yap\u0131lan a\u00e7\u0131klamaya g\u00f6re, elektri\u011fi kesik olacak yerler, \u00a0\u0130skele merkez ve \u0130skele Bah\u00e7eler.<\/p>\n<p>\u00a0<\/p>\n<p>\u00a0<\/p>\n<p>Yar\u0131n ayr\u0131ca\u00a0 orta gerilim elektrik \u015febekesinde yap\u0131lacak proje \u00e7al\u0131\u015fmas\u0131 nedeniyle 11.00 ile 14.00 saatleri aras\u0131nda G\u00f6nyeli\u2019de de baz\u0131 yerlere elektrik verilemeyecek.<\/p>\n<p style=\"font-weight: 300;\">Elektri\u011fi kesik olacak yerler, \u00a0G\u00f6nyeli Atat\u00fcrk Caddesi \u00fczerinde bulunan G\u00f6nyeli Sosyal Aktivite Merkezinden\u00a0 D\u00fcnya Otoyu kapsayacak \u015fekilde civar b\u00f6lgeler olacak.<\/p>\n<p>A\u00e7\u0131klamada, \u00e7al\u0131\u015fman\u0131n seyrine g\u00f6re elektrik enerjisi belirtilen saatten daha ge\u00e7 ya da daha erken verilebilece\u011finden, \u015febekede her an elektrik varm\u0131\u015f gibi davran\u0131lmas\u0131 istendi.<\/p>\n<\/p><\/div>\n<p><script async\n                    defer\n                    crossorigin=\"anonymous\"\n                    src=\"https:\/\/connect.facebook.net\/tr_TR\/sdk.js#xfbml=1&#038;version=v3.3\"\n            ><\/script><br \/>\n<br \/><br \/>\n<br \/><a href=\"https:\/\/brtk.net\/iskele-ve-gonyelide-yarin-elektrik-kesintisi-olacak\/\">Kaynak BRT <\/a><\/p>\n","protected":false},"excerpt":{"rendered":"<p>\u00a0 \u00a0 Orta gerilim elektrik \u015febekesinde yap\u0131lacak proje \u00e7al\u0131\u015fmas\u0131 nedeniyle yar\u0131n 10.00 ile 13.00 saatleri aras\u0131nda \u0130skele\u2019de baz\u0131 yerlere elektrik verilemeyecek. Elektrik Kurumu\u2019ndan yap\u0131lan a\u00e7\u0131klamaya g\u00f6re, elektri\u011fi kesik olacak yerler, \u00a0\u0130skele merkez ve \u0130skele Bah\u00e7eler. \u00a0 \u00a0 Yar\u0131n ayr\u0131ca\u00a0 orta gerilim elektrik \u015febekesinde yap\u0131lacak proje \u00e7al\u0131\u015fmas\u0131 nedeniyle 11.00 ile 14.00 saatleri aras\u0131nda G\u00f6nyeli\u2019de de baz\u0131 [&hellip;]<\/p>\n","protected":false},"author":908,"featured_media":22670,"comment_status":"open","ping_status":"open","sticky":false,"template":"","format":"standard","meta":{"advanced_seo_description":"","jetpack_seo_html_title":"","jetpack_seo_noindex":false,"jetpack_seo_schema_type":"","_jetpack_newsletter_access":"","_jetpack_dont_email_post_to_subs":false,"_jetpack_newsletter_tier_id":0,"_jetpack_memberships_contains_paywalled_content":false,"_jetpack_feature_clip_id":0,"_jetpack_memberships_contains_paid_content":false,"footnotes":"","jetpack_publicize_message":"","jetpack_publicize_feature_enabled":true,"jetpack_social_post_already_shared":true,"jetpack_social_options":{"image_generator_settings":{"template":"highway","default_image_id":0,"font":"","enabled":false},"version":2},"jetpack_post_was_ever_published":false},"categories":[253],"tags":[],"class_list":["post-22669","post","type-post","status-publish","format-standard","has-post-thumbnail","hentry","category-gundem"],"jetpack_publicize_connections":[],"jetpack_featured_media_url":"https:\/\/kibrisayna.com\/wp-content\/uploads\/2025\/04\/elektrik-kesintisi80.jpg","jetpack_sharing_enabled":true,"_links":{"self":[{"href":"https:\/\/kibrisayna.com\/index.php\/wp-json\/wp\/v2\/posts\/22669","targetHints":{"allow":["GET"]}}],"collection":[{"href":"https:\/\/kibrisayna.com\/index.php\/wp-json\/wp\/v2\/posts"}],"about":[{"href":"https:\/\/kibrisayna.com\/index.php\/wp-json\/wp\/v2\/types\/post"}],"author":[{"embeddable":true,"href":"https:\/\/kibrisayna.com\/index.php\/wp-json\/wp\/v2\/users\/908"}],"replies":[{"embeddable":true,"href":"https:\/\/kibrisayna.com\/index.php\/wp-json\/wp\/v2\/comments?post=22669"}],"version-history":[{"count":0,"href":"https:\/\/kibrisayna.com\/index.php\/wp-json\/wp\/v2\/posts\/22669\/revisions"}],"wp:featuredmedia":[{"embeddable":true,"href":"https:\/\/kibrisayna.com\/index.php\/wp-json\/wp\/v2\/media\/22670"}],"wp:attachment":[{"href":"https:\/\/kibrisayna.com\/index.php\/wp-json\/wp\/v2\/media?parent=22669"}],"wp:term":[{"taxonomy":"category","embeddable":true,"href":"https:\/\/kibrisayna.com\/index.php\/wp-json\/wp\/v2\/categories?post=22669"},{"taxonomy":"post_tag","embeddable":true,"href":"https:\/\/kibrisayna.com\/index.php\/wp-json\/wp\/v2\/tags?post=22669"}],"curies":[{"name":"wp","href":"https:\/\/api.w.org\/{rel}","templated":true}]}}