{"id":22528,"date":"2025-04-15T15:17:06","date_gmt":"2025-04-15T12:17:06","guid":{"rendered":"https:\/\/kibrisayna.com\/index.php\/2025\/04\/15\/cumhurbaskani-tatar-ubp-genclik-kollari-baskanlarini-kabul-etti-brtk\/"},"modified":"2025-04-15T15:17:06","modified_gmt":"2025-04-15T12:17:06","slug":"cumhurbaskani-tatar-ubp-genclik-kollari-baskanlarini-kabul-etti-brtk","status":"publish","type":"post","link":"https:\/\/kibrisayna.com\/index.php\/2025\/04\/15\/cumhurbaskani-tatar-ubp-genclik-kollari-baskanlarini-kabul-etti-brtk\/","title":{"rendered":"Cumhurba\u015fkan\u0131 Tatar, UBP Gen\u00e7lik Kollar\u0131 ba\u015fkanlar\u0131n\u0131 kabul etti \u2013 BRTK"},"content":{"rendered":"<p> <br \/>\n<\/p>\n<div>\n<div class=\"mariselle-image-container center\">\n                <img loading=\"lazy\" decoding=\"async\" width=\"2560\" height=\"1703\" class=\"lazy-image\" alt=\"\" sizes=\"auto, (max-width: 2560px) 100vw, 2560px\" src=\"https:\/\/brtk.net\/wp-content\/uploads\/2025\/04\/15\/1744713404004TATAR-UBP-GENCLIK-KOLLARI2.jpg?ver=f6444d93f22de5e653935a0ce03a3f3b\" srcset=\"https:\/\/brtk.net\/wp-content\/uploads\/2025\/04\/15\/1744713404004TATAR-UBP-GENCLIK-KOLLARI2.jpg?ver=f6444d93f22de5e653935a0ce03a3f3b 2560w, https:\/\/brtk.net\/wp-content\/uploads\/2025\/04\/15\/1744713404004TATAR-UBP-GENCLIK-KOLLARI2-300x200.jpg?ver=f6444d93f22de5e653935a0ce03a3f3b 300w, https:\/\/brtk.net\/wp-content\/uploads\/2025\/04\/15\/1744713404004TATAR-UBP-GENCLIK-KOLLARI2-1024x681.jpg?ver=89626d092e272e5408466cf6c5510957 1024w, https:\/\/brtk.net\/wp-content\/uploads\/2025\/04\/15\/1744713404004TATAR-UBP-GENCLIK-KOLLARI2-768x511.jpg?ver=f9e3b2cf9c65cffa833ba17e0ceddbbf 768w, https:\/\/brtk.net\/wp-content\/uploads\/2025\/04\/15\/1744713404004TATAR-UBP-GENCLIK-KOLLARI2-1536x1022.jpg?ver=6720f778962d78bfce6ae509c2da1e7a 1536w, https:\/\/brtk.net\/wp-content\/uploads\/2025\/04\/15\/1744713404004TATAR-UBP-GENCLIK-KOLLARI2-2048x1362.jpg?ver=32be107e3d91646c0e2553243586e0c9 2048w\"\/>                            <\/div>\n<p>\nCumhurba\u015fkan\u0131 Ersin Tatar, Ulusal Birlik Partisi (UBP) Gen\u00e7lik Kollar\u0131 Ba\u015fkanlar\u0131n\u0131 kabul etti.<\/p>\n<p>Cumhurba\u015fkanl\u0131\u011f\u0131\u2019ndan yap\u0131lan a\u00e7\u0131klamaya g\u00f6re, kabulde, UBP Gen\u00e7 Kotas\u0131 Merkez Y\u00f6netim Kurulu \u00dcyesi Mahmut H\u00fcdaverdi\u2019ye, UBP Lefko\u015fa Gen\u00e7lik Kollar\u0131 Ba\u015fkan\u0131 Necati \u00c7oban, UBP Girne Gen\u00e7lik Kolllar\u0131 Ba\u015fkan\u0131 H\u00fcsrev Tancer, UBP Ma\u011fusa Gen\u00e7lik Kollar\u0131 Ba\u015fkan\u0131 Dervi\u015f Bayraktar, UBP G\u00fczelyurt Gen\u00e7lik Kollar\u0131 Ba\u015fkan\u0131 Erg\u00fcn K\u0131p\u00e7ak, UBP \u0130skele Gen\u00e7lik Kollar\u0131 Ba\u015fkan\u0131 \u0130brahim K\u00f6se ve UBP Lefke Gen\u00e7lik Kollar\u0131 Ba\u015fkan\u0131 Ahmet Uluhan e\u015flik etti.<\/p>\n<p>Cumhurba\u015fkan\u0131 Ersin Tatar kabulde yapt\u0131\u011f\u0131 konu\u015fmada, UBP\u2019den gen\u00e7leri kabulde g\u00f6rmekten duydu\u011fu memnuniyeti ifade etti.<\/p>\n<p>K\u0131br\u0131s T\u00fcrk\u00fc\u2019n\u00fcn \u00f6zg\u00fcrl\u00fck ve varolu\u015f m\u00fccadelesinde gen\u00e7lerin b\u00fcy\u00fck g\u00f6revler \u00fcstlendi\u011fini dile getiren Cumhurba\u015fkan\u0131 Tatar, b\u00fcy\u00fck m\u00fccadeleler sonucu Kuzey K\u0131br\u0131s T\u00fcrk Cumhuriyeti\u2019nin kuruldu\u011funu s\u00f6yledi.<\/p>\n<p>K\u0131br\u0131s T\u00fcrk\u00fc\u2019ne uygulanan haks\u0131z ambargo ve engellemelerden gen\u00e7lerin de nasibini ald\u0131\u011f\u0131n\u0131 dile getiren Cumhurba\u015fkan\u0131 Tatar, spora siyaset kar\u0131\u015ft\u0131r\u0131ld\u0131\u011f\u0131n\u0131 ve gen\u00e7lerin uluslararas\u0131 alanlarda spor yap\u0131lmas\u0131n\u0131n engellendi\u011fini anlatt\u0131.<\/p>\n<p>T\u00fcm engellemelere ra\u011fmen y\u00fcksek\u00f6\u011fretimdeki geli\u015fmeler ve ileti\u015fim \u00e7a\u011f\u0131ndan yararlanan gen\u00e7lerin d\u00fcnya gen\u00e7leriyle bir\u00e7ok konuda yar\u0131\u015f\u0131r hale geldi\u011fini ifade eden Cumhurba\u015fkan\u0131 Ersin Tatar, gen\u00e7lere g\u00fcveninin tam oldu\u011funu ve devlet olarak gen\u00e7lerin arkas\u0131nda olduklar\u0131n\u0131 vurgulad\u0131.<\/p>\n<p>Devletin yapt\u0131\u011f\u0131 alt yap\u0131 yat\u0131r\u0131mlar\u0131n\u0131n yan\u0131 s\u0131ra turizm, sanayi, tar\u0131m ve hizmet sekt\u00f6r\u00fcnde ilerlemeler ya\u015fand\u0131\u011f\u0131n\u0131 dile getiren Cumhurba\u015fkan\u0131 Tatar, geli\u015fmesini ve kalk\u0131nmas\u0131n\u0131 s\u00fcrd\u00fcren Kuzey K\u0131br\u0131s T\u00fcrk Cumhuriyeti\u2019nde gen\u00e7lerin i\u015f imkanlar\u0131n\u0131n artt\u0131\u011f\u0131n\u0131 kaydetti.<\/p>\n<p>Gen\u00e7lerin \u00fclkenin gelece\u011fi oldu\u011funu anlatan Cumhurba\u015fkan\u0131 Tatar, gen\u00e7lerin ileride \u00f6zel sekt\u00f6r ile kamuda yer alaca\u011f\u0131n\u0131 ve devleti y\u00f6netecek kademelerde bulunaca\u011f\u0131n\u0131 ifade etti<\/p>\n<p>K\u0131br\u0131s\u2019ta yeni bir milli siyaset belirlediklerine i\u015faret eden Cumhurba\u015fkan\u0131 Tatar, iki ayr\u0131 e\u015fit egemen devletin i\u015fbirli\u011fine dayal\u0131 bir \u00e7\u00f6z\u00fcm istediklerini belirtti, egemen e\u015fitlik ve e\u015fit uluslararas\u0131 stat\u00fcn\u00fcn tesciliyle resmi ve yeni m\u00fczakerelere ba\u015flanaca\u011f\u0131n\u0131 s\u00f6yledi.<\/p>\n<p>UBP\u2019li Gen\u00e7lik Kollar\u0131 Ba\u015fkanlar\u0131 da yapt\u0131klar\u0131 konu\u015fmada, Cumhurba\u015fkan\u0131 Ersin Tatar taraf\u0131ndan ilk kez g\u00fcndeme getirilen ve T\u00fcrkiye Cumhuriyeti\u2019nin tam destek verdi\u011fi K\u0131br\u0131s\u2019ta iki ayr\u0131 egemen devletin i\u015fbirli\u011fine dayal\u0131 bir \u00e7\u00f6z\u00fcm modelini desteklediklerini kaydetti.<\/p>\n<p>UBP Gen\u00e7lik Kollar\u0131 Ba\u015fkanlar\u0131 kendilerini kabul eden Cumhurba\u015fkan\u0131 Ersin Tatar\u2019a te\u015fekk\u00fcr etti.<\/p>\n<\/p><\/div>\n<p><script async\n                    defer\n                    crossorigin=\"anonymous\"\n                    src=\"https:\/\/connect.facebook.net\/tr_TR\/sdk.js#xfbml=1&#038;version=v3.3\"\n            ><\/script><br \/>\n<br \/><br \/>\n<br \/><a href=\"https:\/\/brtk.net\/cumhurbaskani-tatar-ubp-genclik-kollari-baskanlarini-kabul-etti\/\">Kaynak BRT <\/a><\/p>\n","protected":false},"excerpt":{"rendered":"<p>Cumhurba\u015fkan\u0131 Ersin Tatar, Ulusal Birlik Partisi (UBP) Gen\u00e7lik Kollar\u0131 Ba\u015fkanlar\u0131n\u0131 kabul etti. Cumhurba\u015fkanl\u0131\u011f\u0131\u2019ndan yap\u0131lan a\u00e7\u0131klamaya g\u00f6re, kabulde, UBP Gen\u00e7 Kotas\u0131 Merkez Y\u00f6netim Kurulu \u00dcyesi Mahmut H\u00fcdaverdi\u2019ye, UBP Lefko\u015fa Gen\u00e7lik Kollar\u0131 Ba\u015fkan\u0131 Necati \u00c7oban, UBP Girne Gen\u00e7lik Kolllar\u0131 Ba\u015fkan\u0131 H\u00fcsrev Tancer, UBP Ma\u011fusa Gen\u00e7lik Kollar\u0131 Ba\u015fkan\u0131 Dervi\u015f Bayraktar, UBP G\u00fczelyurt Gen\u00e7lik Kollar\u0131 Ba\u015fkan\u0131 Erg\u00fcn K\u0131p\u00e7ak, UBP [&hellip;]<\/p>\n","protected":false},"author":908,"featured_media":22529,"comment_status":"open","ping_status":"open","sticky":false,"template":"","format":"standard","meta":{"advanced_seo_description":"","jetpack_seo_html_title":"","jetpack_seo_noindex":false,"jetpack_seo_schema_type":"","_jetpack_newsletter_access":"","_jetpack_dont_email_post_to_subs":false,"_jetpack_newsletter_tier_id":0,"_jetpack_memberships_contains_paywalled_content":false,"_jetpack_feature_clip_id":0,"_jetpack_memberships_contains_paid_content":false,"footnotes":"","jetpack_publicize_message":"","jetpack_publicize_feature_enabled":true,"jetpack_social_post_already_shared":true,"jetpack_social_options":{"image_generator_settings":{"template":"highway","default_image_id":0,"font":"","enabled":false},"version":2},"jetpack_post_was_ever_published":false},"categories":[253],"tags":[],"class_list":["post-22528","post","type-post","status-publish","format-standard","has-post-thumbnail","hentry","category-gundem"],"jetpack_publicize_connections":[],"jetpack_featured_media_url":"https:\/\/kibrisayna.com\/wp-content\/uploads\/2025\/04\/1744713404004TATAR-UBP-GENCLIK-KOLLARI2.jpg","jetpack_sharing_enabled":true,"_links":{"self":[{"href":"https:\/\/kibrisayna.com\/index.php\/wp-json\/wp\/v2\/posts\/22528","targetHints":{"allow":["GET"]}}],"collection":[{"href":"https:\/\/kibrisayna.com\/index.php\/wp-json\/wp\/v2\/posts"}],"about":[{"href":"https:\/\/kibrisayna.com\/index.php\/wp-json\/wp\/v2\/types\/post"}],"author":[{"embeddable":true,"href":"https:\/\/kibrisayna.com\/index.php\/wp-json\/wp\/v2\/users\/908"}],"replies":[{"embeddable":true,"href":"https:\/\/kibrisayna.com\/index.php\/wp-json\/wp\/v2\/comments?post=22528"}],"version-history":[{"count":0,"href":"https:\/\/kibrisayna.com\/index.php\/wp-json\/wp\/v2\/posts\/22528\/revisions"}],"wp:featuredmedia":[{"embeddable":true,"href":"https:\/\/kibrisayna.com\/index.php\/wp-json\/wp\/v2\/media\/22529"}],"wp:attachment":[{"href":"https:\/\/kibrisayna.com\/index.php\/wp-json\/wp\/v2\/media?parent=22528"}],"wp:term":[{"taxonomy":"category","embeddable":true,"href":"https:\/\/kibrisayna.com\/index.php\/wp-json\/wp\/v2\/categories?post=22528"},{"taxonomy":"post_tag","embeddable":true,"href":"https:\/\/kibrisayna.com\/index.php\/wp-json\/wp\/v2\/tags?post=22528"}],"curies":[{"name":"wp","href":"https:\/\/api.w.org\/{rel}","templated":true}]}}