{"id":22434,"date":"2025-04-15T11:14:58","date_gmt":"2025-04-15T08:14:58","guid":{"rendered":"https:\/\/kibrisayna.com\/index.php\/2025\/04\/15\/meclis-toplandi-brtk-2\/"},"modified":"2025-04-15T11:14:58","modified_gmt":"2025-04-15T08:14:58","slug":"meclis-toplandi-brtk-2","status":"publish","type":"post","link":"https:\/\/kibrisayna.com\/index.php\/2025\/04\/15\/meclis-toplandi-brtk-2\/","title":{"rendered":"Meclis topland\u0131 \u2013 BRTK"},"content":{"rendered":"<p> <br \/>\n<\/p>\n<div>\n<div class=\"mariselle-image-container center\">\n                <img loading=\"lazy\" decoding=\"async\" width=\"927\" height=\"421\" class=\"lazy-image\" alt=\"\" sizes=\"auto, (max-width: 927px) 100vw, 927px\" src=\"https:\/\/brtk.net\/wp-content\/uploads\/2025\/03\/24\/meclis-genel-kurulu.jpg?ver=69cc8e4e06319cdec1e56857d2df2ae5\" srcset=\"https:\/\/brtk.net\/wp-content\/uploads\/2025\/03\/24\/meclis-genel-kurulu.jpg?ver=69cc8e4e06319cdec1e56857d2df2ae5 927w, https:\/\/brtk.net\/wp-content\/uploads\/2025\/03\/24\/meclis-genel-kurulu-300x136.jpg?ver=69cc8e4e06319cdec1e56857d2df2ae5 300w, https:\/\/brtk.net\/wp-content\/uploads\/2025\/03\/24\/meclis-genel-kurulu-768x349.jpg?ver=69cc8e4e06319cdec1e56857d2df2ae5 768w\"\/>                            <\/div>\n<p>Cumhuriyet Meclisi Genel Kurulu yasama g\u00fcndemiyle topland\u0131.<\/p>\n<p>Meclis Ba\u015fkan\u0131 Ziya \u00d6zt\u00fcrkler ba\u015fkanl\u0131\u011f\u0131ndaki toplant\u0131 saat 15.45\u2019te ba\u015flad\u0131.<\/p>\n<p>Genel Kurul\u2019da bug\u00fcn, \u0130dari ve Kamu ve Sa\u011fl\u0131k \u0130\u015fleri Komitesinin Tasar\u0131ya \u0130li\u015fkin Raporu ele al\u0131nacak.<\/p>\n<p>Genel Kurulda ayr\u0131ca K\u0131br\u0131s Vak\u0131flar \u0130daresine Ait Mustafa Nazif Efendi Dervi\u015f Efendizade Vakf\u0131na Ait Emlakten Talep Edilen Yolun \u0130stibdalinin Onaylanmas\u0131na \u0130li\u015fkin Karar Tasar\u0131s\u0131 ve Hukuk, Siyasi \u0130\u015fler, D\u0131\u015f \u0130li\u015fkiler ve Savunma Komitesinin Tasar\u0131ya \u0130li\u015fkin Raporu ile Say\u0131\u015ftay Komitesinin, Ge\u00e7itkale Belediyesindeki 1997-1998 Y\u0131llar\u0131ndaki Personel Durumu ile Yat\u0131r\u0131m Giderleri ve \u0130haleler Konusundaki Say\u0131\u015ftay Denetim Raporu da g\u00f6r\u00fc\u015f\u00fclecek.<\/p>\n<p>Genel Kurul\u2019un bug\u00fcnk\u00fc g\u00fcndeminde bulunan Sa\u011fl\u0131k Hizmetleri Dairesi (Kurulu\u015f, G\u00f6rev ve \u00c7al\u0131\u015fma Esaslar\u0131) Yasa Tasar\u0131s\u0131 ise yeniden de\u011ferlendirilmek \u00fczere komiteye geri \u00e7ekildi. <\/p>\n<p>Cumhuriyet Meclisi Genel Kurulu, ge\u00e7ti\u011fimiz pazartesi nisap sa\u011flanamad\u0131\u011f\u0131 i\u00e7in toplanamam\u0131\u015f ve 24 saat sonraya ertelenmi\u015fti. Ancak Genel Kurul, daha sonra toplanma giri\u015fiminde bulunmam\u0131\u015ft\u0131.<\/p>\n<\/p><\/div>\n<p><script async\n                    defer\n                    crossorigin=\"anonymous\"\n                    src=\"https:\/\/connect.facebook.net\/tr_TR\/sdk.js#xfbml=1&#038;version=v3.3\"\n            ><\/script><br \/>\n<br \/><br \/>\n<br \/><a href=\"https:\/\/brtk.net\/meclis-toplandi-24\/\">Kaynak BRT <\/a><\/p>\n","protected":false},"excerpt":{"rendered":"<p>Cumhuriyet Meclisi Genel Kurulu yasama g\u00fcndemiyle topland\u0131. Meclis Ba\u015fkan\u0131 Ziya \u00d6zt\u00fcrkler ba\u015fkanl\u0131\u011f\u0131ndaki toplant\u0131 saat 15.45\u2019te ba\u015flad\u0131. Genel Kurul\u2019da bug\u00fcn, \u0130dari ve Kamu ve Sa\u011fl\u0131k \u0130\u015fleri Komitesinin Tasar\u0131ya \u0130li\u015fkin Raporu ele al\u0131nacak. Genel Kurulda ayr\u0131ca K\u0131br\u0131s Vak\u0131flar \u0130daresine Ait Mustafa Nazif Efendi Dervi\u015f Efendizade Vakf\u0131na Ait Emlakten Talep Edilen Yolun \u0130stibdalinin Onaylanmas\u0131na \u0130li\u015fkin Karar Tasar\u0131s\u0131 ve [&hellip;]<\/p>\n","protected":false},"author":908,"featured_media":22435,"comment_status":"open","ping_status":"open","sticky":false,"template":"","format":"standard","meta":{"advanced_seo_description":"","jetpack_seo_html_title":"","jetpack_seo_noindex":false,"jetpack_seo_schema_type":"","_jetpack_newsletter_access":"","_jetpack_dont_email_post_to_subs":false,"_jetpack_newsletter_tier_id":0,"_jetpack_memberships_contains_paywalled_content":false,"_jetpack_feature_clip_id":0,"_jetpack_memberships_contains_paid_content":false,"footnotes":"","jetpack_publicize_message":"","jetpack_publicize_feature_enabled":true,"jetpack_social_post_already_shared":true,"jetpack_social_options":{"image_generator_settings":{"template":"highway","default_image_id":0,"font":"","enabled":false},"version":2},"jetpack_post_was_ever_published":false},"categories":[253],"tags":[],"class_list":["post-22434","post","type-post","status-publish","format-standard","has-post-thumbnail","hentry","category-gundem"],"jetpack_publicize_connections":[],"jetpack_featured_media_url":"https:\/\/kibrisayna.com\/wp-content\/uploads\/2025\/04\/meclis25.jpg","jetpack_sharing_enabled":true,"_links":{"self":[{"href":"https:\/\/kibrisayna.com\/index.php\/wp-json\/wp\/v2\/posts\/22434","targetHints":{"allow":["GET"]}}],"collection":[{"href":"https:\/\/kibrisayna.com\/index.php\/wp-json\/wp\/v2\/posts"}],"about":[{"href":"https:\/\/kibrisayna.com\/index.php\/wp-json\/wp\/v2\/types\/post"}],"author":[{"embeddable":true,"href":"https:\/\/kibrisayna.com\/index.php\/wp-json\/wp\/v2\/users\/908"}],"replies":[{"embeddable":true,"href":"https:\/\/kibrisayna.com\/index.php\/wp-json\/wp\/v2\/comments?post=22434"}],"version-history":[{"count":0,"href":"https:\/\/kibrisayna.com\/index.php\/wp-json\/wp\/v2\/posts\/22434\/revisions"}],"wp:featuredmedia":[{"embeddable":true,"href":"https:\/\/kibrisayna.com\/index.php\/wp-json\/wp\/v2\/media\/22435"}],"wp:attachment":[{"href":"https:\/\/kibrisayna.com\/index.php\/wp-json\/wp\/v2\/media?parent=22434"}],"wp:term":[{"taxonomy":"category","embeddable":true,"href":"https:\/\/kibrisayna.com\/index.php\/wp-json\/wp\/v2\/categories?post=22434"},{"taxonomy":"post_tag","embeddable":true,"href":"https:\/\/kibrisayna.com\/index.php\/wp-json\/wp\/v2\/tags?post=22434"}],"curies":[{"name":"wp","href":"https:\/\/api.w.org\/{rel}","templated":true}]}}