{"id":22246,"date":"2025-04-08T21:28:56","date_gmt":"2025-04-08T18:28:56","guid":{"rendered":"https:\/\/kibrisayna.com\/index.php\/2025\/04\/08\/ktos-ve-ktoeos-40-orgutun-destegiyle-eylem-duzenledi-brtk\/"},"modified":"2025-04-08T21:28:56","modified_gmt":"2025-04-08T18:28:56","slug":"ktos-ve-ktoeos-40-orgutun-destegiyle-eylem-duzenledi-brtk","status":"publish","type":"post","link":"https:\/\/kibrisayna.com\/index.php\/2025\/04\/08\/ktos-ve-ktoeos-40-orgutun-destegiyle-eylem-duzenledi-brtk\/","title":{"rendered":"KT\u00d6S ve KTOE\u00d6S, 40 \u00f6rg\u00fct\u00fcn deste\u011fiyle eylem d\u00fczenledi \u2013 BRTK"},"content":{"rendered":"<p> <br \/>\n<\/p>\n<div>\n<div class=\"mariselle-image-container center\">\n                <img loading=\"lazy\" decoding=\"async\" width=\"978\" height=\"409\" class=\"lazy-image\" alt=\"\" sizes=\"auto, (max-width: 978px) 100vw, 978px\" src=\"https:\/\/brtk.net\/wp-content\/uploads\/2025\/04\/08\/Screenshot_20250408_214021_Messenger.jpg?ver=5d41132b28e75664fafe0c3cada9517a\" srcset=\"https:\/\/brtk.net\/wp-content\/uploads\/2025\/04\/08\/Screenshot_20250408_214021_Messenger.jpg?ver=5d41132b28e75664fafe0c3cada9517a 978w, https:\/\/brtk.net\/wp-content\/uploads\/2025\/04\/08\/Screenshot_20250408_214021_Messenger-300x125.jpg?ver=2299d1035a253c147262ada33a165977 300w, https:\/\/brtk.net\/wp-content\/uploads\/2025\/04\/08\/Screenshot_20250408_214021_Messenger-768x321.jpg?ver=be1d09db67f2dd409710b39c65fd5fc6 768w\"\/>                            <\/div>\n<p>\tK\u0131br\u0131s T\u00fcrk \u00d6\u011fretmenler Sendikas\u0131 ve K\u0131br\u0131s T\u00fcrk Orta E\u011fitim \u00d6\u011fretmenler Sendikas\u0131, Lefko\u015fa\u2019da eylem d\u00fczenledi.<\/p>\n<p> \tEylemciler saat 18.00\u2019de Dereboyu\u2019nda Citroen I\u015f\u0131klar\u0131 olarak bilinen noktada toplanarak, \u015eehitler An\u0131t\u0131 \u00f6n\u00fcne y\u00fcr\u00fcd\u00fc.<\/p>\n<p> \t\u2018Disiplin T\u00fcz\u00fc\u011f\u00fc\u2019 konusunda ba\u015flat\u0131lan m\u00fccadele kapsam\u0131nda d\u00fczenlenen eyleme \u00f6\u011fretmen sendikalar\u0131n\u0131n yan\u0131 s\u0131ra 40 civar\u0131nda \u00f6rg\u00fct de destek verdi.<\/p>\n<p>\t\u201cGe\u00e7it Yok\u201d slogan\u0131yla d\u00fczenlenen eylemde y\u00fcr\u00fcy\u00fc\u015f\u00fcn ard\u0131ndan \u015eehitler An\u0131t\u0131 \u00f6n\u00fcnde konu\u015fmalar ger\u00e7ekle\u015ftirildi.<\/p>\n<p>\tEylemde; K\u0131br\u0131s T\u00fcrk \u00d6\u011fretmenler Sendikas\u0131 Ba\u015fkan\u0131 Selma Eylem, K\u0131br\u0131s T\u00fcrk Orta E\u011fitim \u00d6\u011fretmenler Sendikas\u0131 Ba\u015fkan\u0131 Mustafa Baybora, KTAMS ve K\u0131br\u0131s \u0130\u015f\u00e7i ve Emek\u00e7i Sendikalar\u0131 Federasyonu Ba\u015fkan\u0131 G\u00fcven Bengihan ile H\u00dcR-\u0130\u015e Federasyonu Ba\u015fkan\u0131 Ahmet Serdaro\u011flu birer konu\u015fma ger\u00e7ekle\u015ftirdi.<\/p>\n<p>\tKonu\u015fmalarda h\u00fck\u00fcmet ve icraatlar\u0131 ele\u015ftirilerek, m\u00fccadeleye devam edilece\u011fi vurguland\u0131.<\/p>\n<\/p><\/div>\n<p><script async\n                    defer\n                    crossorigin=\"anonymous\"\n                    src=\"https:\/\/connect.facebook.net\/tr_TR\/sdk.js#xfbml=1&#038;version=v3.3\"\n            ><\/script><br \/>\n<br \/><br \/>\n<br \/><a href=\"https:\/\/brtk.net\/ktos-ve-ktoeos-40-orgutun-destegiyle-eylem-duzenledi\/\">Kaynak BRT <\/a><\/p>\n","protected":false},"excerpt":{"rendered":"<p>K\u0131br\u0131s T\u00fcrk \u00d6\u011fretmenler Sendikas\u0131 ve K\u0131br\u0131s T\u00fcrk Orta E\u011fitim \u00d6\u011fretmenler Sendikas\u0131, Lefko\u015fa\u2019da eylem d\u00fczenledi. Eylemciler saat 18.00\u2019de Dereboyu\u2019nda Citroen I\u015f\u0131klar\u0131 olarak bilinen noktada toplanarak, \u015eehitler An\u0131t\u0131 \u00f6n\u00fcne y\u00fcr\u00fcd\u00fc. \u2018Disiplin T\u00fcz\u00fc\u011f\u00fc\u2019 konusunda ba\u015flat\u0131lan m\u00fccadele kapsam\u0131nda d\u00fczenlenen eyleme \u00f6\u011fretmen sendikalar\u0131n\u0131n yan\u0131 s\u0131ra 40 civar\u0131nda \u00f6rg\u00fct de destek verdi. \u201cGe\u00e7it Yok\u201d slogan\u0131yla d\u00fczenlenen eylemde y\u00fcr\u00fcy\u00fc\u015f\u00fcn ard\u0131ndan \u015eehitler An\u0131t\u0131 [&hellip;]<\/p>\n","protected":false},"author":908,"featured_media":22247,"comment_status":"open","ping_status":"open","sticky":false,"template":"","format":"standard","meta":{"advanced_seo_description":"","jetpack_seo_html_title":"","jetpack_seo_noindex":false,"jetpack_seo_schema_type":"","_jetpack_newsletter_access":"","_jetpack_dont_email_post_to_subs":false,"_jetpack_newsletter_tier_id":0,"_jetpack_memberships_contains_paywalled_content":false,"_jetpack_feature_clip_id":0,"_jetpack_memberships_contains_paid_content":false,"footnotes":"","jetpack_publicize_message":"","jetpack_publicize_feature_enabled":true,"jetpack_social_post_already_shared":true,"jetpack_social_options":{"image_generator_settings":{"template":"highway","default_image_id":0,"font":"","enabled":false},"version":2},"jetpack_post_was_ever_published":false},"categories":[253],"tags":[],"class_list":["post-22246","post","type-post","status-publish","format-standard","has-post-thumbnail","hentry","category-gundem"],"jetpack_publicize_connections":[],"jetpack_featured_media_url":"https:\/\/kibrisayna.com\/wp-content\/uploads\/2025\/04\/Screenshot_20250408_214021_Messenger.jpg","jetpack_sharing_enabled":true,"_links":{"self":[{"href":"https:\/\/kibrisayna.com\/index.php\/wp-json\/wp\/v2\/posts\/22246","targetHints":{"allow":["GET"]}}],"collection":[{"href":"https:\/\/kibrisayna.com\/index.php\/wp-json\/wp\/v2\/posts"}],"about":[{"href":"https:\/\/kibrisayna.com\/index.php\/wp-json\/wp\/v2\/types\/post"}],"author":[{"embeddable":true,"href":"https:\/\/kibrisayna.com\/index.php\/wp-json\/wp\/v2\/users\/908"}],"replies":[{"embeddable":true,"href":"https:\/\/kibrisayna.com\/index.php\/wp-json\/wp\/v2\/comments?post=22246"}],"version-history":[{"count":0,"href":"https:\/\/kibrisayna.com\/index.php\/wp-json\/wp\/v2\/posts\/22246\/revisions"}],"wp:featuredmedia":[{"embeddable":true,"href":"https:\/\/kibrisayna.com\/index.php\/wp-json\/wp\/v2\/media\/22247"}],"wp:attachment":[{"href":"https:\/\/kibrisayna.com\/index.php\/wp-json\/wp\/v2\/media?parent=22246"}],"wp:term":[{"taxonomy":"category","embeddable":true,"href":"https:\/\/kibrisayna.com\/index.php\/wp-json\/wp\/v2\/categories?post=22246"},{"taxonomy":"post_tag","embeddable":true,"href":"https:\/\/kibrisayna.com\/index.php\/wp-json\/wp\/v2\/tags?post=22246"}],"curies":[{"name":"wp","href":"https:\/\/api.w.org\/{rel}","templated":true}]}}