{"id":22245,"date":"2025-04-08T21:26:18","date_gmt":"2025-04-08T18:26:18","guid":{"rendered":"https:\/\/kibrisayna.com\/index.php\/2025\/04\/08\/kktcde-ikamet-izinsiz-uc-kisi-tutuklandi-2\/"},"modified":"2025-04-08T21:26:18","modified_gmt":"2025-04-08T18:26:18","slug":"kktcde-ikamet-izinsiz-uc-kisi-tutuklandi-2","status":"publish","type":"post","link":"https:\/\/kibrisayna.com\/index.php\/2025\/04\/08\/kktcde-ikamet-izinsiz-uc-kisi-tutuklandi-2\/","title":{"rendered":"KKTC\u2019de ikamet izinsiz \u00fc\u00e7 ki\u015fi tutukland\u0131"},"content":{"rendered":"<p> <br \/>\n<\/p>\n<div class=\"mariselle-image-container none\">\n                <img width=\"1024\" height=\"536\" class=\"lazy-image\" alt=\"\" data-src=\"https:\/\/brtk.net\/wp-content\/uploads\/2025\/03\/30\/1743331453965tutuklama-.jpg?ver=005a969e2ec4cb29037ba4ff4df5e3f9\" data-srcset=\"https:\/\/brtk.net\/wp-content\/uploads\/2025\/03\/30\/1743331453965tutuklama-.jpg?ver=005a969e2ec4cb29037ba4ff4df5e3f9 1024w, https:\/\/brtk.net\/wp-content\/uploads\/2025\/03\/30\/1743331453965tutuklama--300x157.jpg?ver=69dbe27a793e8bf6f9108562eb952ab1 300w, https:\/\/brtk.net\/wp-content\/uploads\/2025\/03\/30\/1743331453965tutuklama--768x402.jpg?ver=69dbe27a793e8bf6f9108562eb952ab1 768w, https:\/\/brtk.net\/wp-content\/uploads\/2025\/03\/30\/1743331453965tutuklama--736x384.jpg?ver=69dbe27a793e8bf6f9108562eb952ab1 736w\" \/>                            <\/div>\n<p>\u00dclke genelinde d\u00fcn polis taraf\u0131ndan yap\u0131lan denetim ve kontrollerde izinsiz ikamet etti\u011fi tespit edilen \u00fc\u00e7 ki\u015fi tutukland\u0131.<\/p>\n<p>Polis bas\u0131n b\u00fcltenine g\u00f6re, tutuklanan s\u00f6z konusu \u015fah\u0131slar aleyhindeki soru\u015fturma devam ediyor.<\/p>\n<p><br \/>\n<br \/><a href=\"https:\/\/brtk.net\/kktcde-ikamet-izinsiz-uc-kisi-tutuklandi-3\/\"> <\/a><\/p>\n","protected":false},"excerpt":{"rendered":"<p>\u00dclke genelinde d\u00fcn polis taraf\u0131ndan yap\u0131lan denetim ve kontrollerde izinsiz ikamet etti\u011fi tespit edilen \u00fc\u00e7 ki\u015fi tutukland\u0131. Polis bas\u0131n b\u00fcltenine g\u00f6re, tutuklanan s\u00f6z konusu \u015fah\u0131slar aleyhindeki soru\u015fturma devam ediyor.<\/p>\n","protected":false},"author":908,"featured_media":21508,"comment_status":"open","ping_status":"open","sticky":false,"template":"","format":"standard","meta":{"advanced_seo_description":"","jetpack_seo_html_title":"","jetpack_seo_noindex":false,"jetpack_seo_schema_type":"","_jetpack_newsletter_access":"","_jetpack_dont_email_post_to_subs":false,"_jetpack_newsletter_tier_id":0,"_jetpack_memberships_contains_paywalled_content":false,"_jetpack_feature_clip_id":0,"_jetpack_memberships_contains_paid_content":false,"footnotes":"","jetpack_publicize_message":"","jetpack_publicize_feature_enabled":true,"jetpack_social_post_already_shared":true,"jetpack_social_options":{"image_generator_settings":{"template":"highway","default_image_id":0,"font":"","enabled":false},"version":2},"jetpack_post_was_ever_published":false},"categories":[253,19],"tags":[],"class_list":["post-22245","post","type-post","status-publish","format-standard","has-post-thumbnail","hentry","category-gundem","category-manset"],"jetpack_publicize_connections":[],"jetpack_featured_media_url":"https:\/\/kibrisayna.com\/wp-content\/uploads\/2025\/03\/1743331453965tutuklama-.jpg","jetpack_sharing_enabled":true,"_links":{"self":[{"href":"https:\/\/kibrisayna.com\/index.php\/wp-json\/wp\/v2\/posts\/22245","targetHints":{"allow":["GET"]}}],"collection":[{"href":"https:\/\/kibrisayna.com\/index.php\/wp-json\/wp\/v2\/posts"}],"about":[{"href":"https:\/\/kibrisayna.com\/index.php\/wp-json\/wp\/v2\/types\/post"}],"author":[{"embeddable":true,"href":"https:\/\/kibrisayna.com\/index.php\/wp-json\/wp\/v2\/users\/908"}],"replies":[{"embeddable":true,"href":"https:\/\/kibrisayna.com\/index.php\/wp-json\/wp\/v2\/comments?post=22245"}],"version-history":[{"count":0,"href":"https:\/\/kibrisayna.com\/index.php\/wp-json\/wp\/v2\/posts\/22245\/revisions"}],"wp:featuredmedia":[{"embeddable":true,"href":"https:\/\/kibrisayna.com\/index.php\/wp-json\/wp\/v2\/media\/21508"}],"wp:attachment":[{"href":"https:\/\/kibrisayna.com\/index.php\/wp-json\/wp\/v2\/media?parent=22245"}],"wp:term":[{"taxonomy":"category","embeddable":true,"href":"https:\/\/kibrisayna.com\/index.php\/wp-json\/wp\/v2\/categories?post=22245"},{"taxonomy":"post_tag","embeddable":true,"href":"https:\/\/kibrisayna.com\/index.php\/wp-json\/wp\/v2\/tags?post=22245"}],"curies":[{"name":"wp","href":"https:\/\/api.w.org\/{rel}","templated":true}]}}