{"id":22244,"date":"2025-04-08T21:22:36","date_gmt":"2025-04-08T18:22:36","guid":{"rendered":"https:\/\/kibrisayna.com\/index.php\/2025\/04\/08\/ctp-iki-gun-acilamayan-genel-kurul-ile-ilgili-aciklama-yapti-brtk\/"},"modified":"2025-04-08T21:22:36","modified_gmt":"2025-04-08T18:22:36","slug":"ctp-iki-gun-acilamayan-genel-kurul-ile-ilgili-aciklama-yapti-brtk","status":"publish","type":"post","link":"https:\/\/kibrisayna.com\/index.php\/2025\/04\/08\/ctp-iki-gun-acilamayan-genel-kurul-ile-ilgili-aciklama-yapti-brtk\/","title":{"rendered":"CTP, iki g\u00fcn a\u00e7\u0131lamayan Genel Kurul ile ilgili a\u00e7\u0131klama yapt\u0131 \u2013 BRTK"},"content":{"rendered":"<p> <br \/>\n<\/p>\n<div>\n<div class=\"mariselle-image-container none\">\n                <img loading=\"lazy\" decoding=\"async\" width=\"800\" height=\"450\" class=\"lazy-image\" alt=\"\" sizes=\"auto, (max-width: 800px) 100vw, 800px\" src=\"https:\/\/brtk.net\/wp-content\/uploads\/2024\/11\/11\/ctp-logo2.jpg?ver=6db86260572d9bc23d71256f07d046fd\" srcset=\"https:\/\/brtk.net\/wp-content\/uploads\/2024\/11\/11\/ctp-logo2.jpg?ver=6db86260572d9bc23d71256f07d046fd 800w, https:\/\/brtk.net\/wp-content\/uploads\/2024\/11\/11\/ctp-logo2-300x169.jpg?ver=6db86260572d9bc23d71256f07d046fd 300w, https:\/\/brtk.net\/wp-content\/uploads\/2024\/11\/11\/ctp-logo2-768x432.jpg?ver=6db86260572d9bc23d71256f07d046fd 768w\"\/>                            <\/div>\n<p>Cumhuriyet\u00e7i T\u00fcrk Partisi(CTP)  bas\u0131n b\u00fcrosundan yap\u0131lan yaz\u0131l\u0131 a\u00e7\u0131klamada, \u00a0Anayasa gere\u011fi d\u00fczenli toplanmas\u0131 gereken Cumhuriyet Meclisi Genel Kurulu\u2019nun, \u00fc\u00e7l\u00fc koalisyonun yaratt\u0131\u011f\u0131 g\u00fcndem nedeniyle kilitlendi\u011fi ileri s\u00fcr\u00fcld\u00fc.<\/p>\n<p>A\u00e7\u0131klamada, d\u00fcn yap\u0131lmas\u0131 gereken Genel Kurul toplant\u0131s\u0131n\u0131n, h\u00fckumet partilerinin nisab\u0131 sa\u011flayamamas\u0131 y\u00fcz\u00fcnden yap\u0131lamad\u0131\u011f\u0131n\u0131, bug\u00fcn ise Ulusal Birlik Partisi grup toplant\u0131s\u0131n\u0131n sabah saat 10.00 civar\u0131nda ba\u015flay\u0131p 16.30\u2019a kadar s\u00fcrd\u00fc\u011f\u00fc, ard\u0131ndan da UBP\u2019li milletvekilleri Meclis\u2019ten ayr\u0131larak Meclis yine a\u00e7\u0131lamamas\u0131na neden oldu\u011fu savunuldu\u2026<\/p>\n<p>Bu tavr\u0131n, sadece muhalefete de\u011fil, topluma kar\u015f\u0131 da yap\u0131ld\u0131\u011f\u0131 belirtilen CTP a\u00e7\u0131klamas\u0131nda, gerek CTP grubuna mensup gerekse ba\u011f\u0131ms\u0131z milletvekillerinin, iki g\u00fcn saatler boyunca Meclis\u2019te toplant\u0131lar\u0131 beklerken, Meclis Ba\u015fkan\u0131 Ziya \u00d6zt\u00fcrkler\u2019in, Genel Kurulu a\u00e7mak i\u00e7in herhangi bir giri\u015fimde bulunmad\u0131\u011f\u0131 bildirildi\u2026<\/p>\n<p>A\u00e7\u0131klamada, Disiplin T\u00fcz\u00fc\u011f\u00fc\u2019nde yap\u0131lan de\u011fi\u015fiklikle ba\u015flayan gerginli\u011fin geldi\u011fi noktan\u0131n h\u00fckumetteki partileri de kilitledi\u011fi kaydedilerek, Meclis\u2019in gerek Anayasa gerekse Meclis \u0130\u00e7 T\u00fcz\u00fc\u011f\u00fc gere\u011fi toplanmas\u0131 gerekti\u011fi an\u0131msat\u0131ld\u0131, h\u00fckumet ele\u015ftirildi..<\/p>\n<\/p><\/div>\n<p><script async\n                    defer\n                    crossorigin=\"anonymous\"\n                    src=\"https:\/\/connect.facebook.net\/tr_TR\/sdk.js#xfbml=1&#038;version=v3.3\"\n            ><\/script><br \/>\n<br \/><br \/>\n<br \/><a href=\"https:\/\/brtk.net\/ctp-iki-gun-acilamayan-genel-kurul-ile-ilgili-aciklama-yapti\/\">Kaynak BRT <\/a><\/p>\n","protected":false},"excerpt":{"rendered":"<p>Cumhuriyet\u00e7i T\u00fcrk Partisi(CTP) bas\u0131n b\u00fcrosundan yap\u0131lan yaz\u0131l\u0131 a\u00e7\u0131klamada, \u00a0Anayasa gere\u011fi d\u00fczenli toplanmas\u0131 gereken Cumhuriyet Meclisi Genel Kurulu\u2019nun, \u00fc\u00e7l\u00fc koalisyonun yaratt\u0131\u011f\u0131 g\u00fcndem nedeniyle kilitlendi\u011fi ileri s\u00fcr\u00fcld\u00fc. A\u00e7\u0131klamada, d\u00fcn yap\u0131lmas\u0131 gereken Genel Kurul toplant\u0131s\u0131n\u0131n, h\u00fckumet partilerinin nisab\u0131 sa\u011flayamamas\u0131 y\u00fcz\u00fcnden yap\u0131lamad\u0131\u011f\u0131n\u0131, bug\u00fcn ise Ulusal Birlik Partisi grup toplant\u0131s\u0131n\u0131n sabah saat 10.00 civar\u0131nda ba\u015flay\u0131p 16.30\u2019a kadar s\u00fcrd\u00fc\u011f\u00fc, ard\u0131ndan da [&hellip;]<\/p>\n","protected":false},"author":908,"featured_media":10462,"comment_status":"open","ping_status":"open","sticky":false,"template":"","format":"standard","meta":{"advanced_seo_description":"","jetpack_seo_html_title":"","jetpack_seo_noindex":false,"jetpack_seo_schema_type":"","_jetpack_newsletter_access":"","_jetpack_dont_email_post_to_subs":false,"_jetpack_newsletter_tier_id":0,"_jetpack_memberships_contains_paywalled_content":false,"_jetpack_feature_clip_id":0,"_jetpack_memberships_contains_paid_content":false,"footnotes":"","jetpack_publicize_message":"","jetpack_publicize_feature_enabled":true,"jetpack_social_post_already_shared":true,"jetpack_social_options":{"image_generator_settings":{"template":"highway","default_image_id":0,"font":"","enabled":false},"version":2},"jetpack_post_was_ever_published":false},"categories":[253],"tags":[],"class_list":["post-22244","post","type-post","status-publish","format-standard","has-post-thumbnail","hentry","category-gundem"],"jetpack_publicize_connections":[],"jetpack_featured_media_url":"https:\/\/kibrisayna.com\/wp-content\/uploads\/2024\/11\/ctp-logo2.jpg","jetpack_sharing_enabled":true,"_links":{"self":[{"href":"https:\/\/kibrisayna.com\/index.php\/wp-json\/wp\/v2\/posts\/22244","targetHints":{"allow":["GET"]}}],"collection":[{"href":"https:\/\/kibrisayna.com\/index.php\/wp-json\/wp\/v2\/posts"}],"about":[{"href":"https:\/\/kibrisayna.com\/index.php\/wp-json\/wp\/v2\/types\/post"}],"author":[{"embeddable":true,"href":"https:\/\/kibrisayna.com\/index.php\/wp-json\/wp\/v2\/users\/908"}],"replies":[{"embeddable":true,"href":"https:\/\/kibrisayna.com\/index.php\/wp-json\/wp\/v2\/comments?post=22244"}],"version-history":[{"count":0,"href":"https:\/\/kibrisayna.com\/index.php\/wp-json\/wp\/v2\/posts\/22244\/revisions"}],"wp:featuredmedia":[{"embeddable":true,"href":"https:\/\/kibrisayna.com\/index.php\/wp-json\/wp\/v2\/media\/10462"}],"wp:attachment":[{"href":"https:\/\/kibrisayna.com\/index.php\/wp-json\/wp\/v2\/media?parent=22244"}],"wp:term":[{"taxonomy":"category","embeddable":true,"href":"https:\/\/kibrisayna.com\/index.php\/wp-json\/wp\/v2\/categories?post=22244"},{"taxonomy":"post_tag","embeddable":true,"href":"https:\/\/kibrisayna.com\/index.php\/wp-json\/wp\/v2\/tags?post=22244"}],"curies":[{"name":"wp","href":"https:\/\/api.w.org\/{rel}","templated":true}]}}