{"id":22231,"date":"2025-04-08T20:54:35","date_gmt":"2025-04-08T17:54:35","guid":{"rendered":"https:\/\/kibrisayna.com\/index.php\/2025\/04\/08\/lefkosada-40i-askin-orgutun-katilimiyla-eylem-duzenleniyor-brtk\/"},"modified":"2025-04-08T20:54:35","modified_gmt":"2025-04-08T17:54:35","slug":"lefkosada-40i-askin-orgutun-katilimiyla-eylem-duzenleniyor-brtk","status":"publish","type":"post","link":"https:\/\/kibrisayna.com\/index.php\/2025\/04\/08\/lefkosada-40i-askin-orgutun-katilimiyla-eylem-duzenleniyor-brtk\/","title":{"rendered":"Lefko\u015fa\u2019da 40\u2019\u0131 a\u015fk\u0131n \u00f6rg\u00fct\u00fcn kat\u0131l\u0131m\u0131yla eylem d\u00fczenleniyor \u2013 BRTK"},"content":{"rendered":"<p> <br \/>\n<\/p>\n<div>\n<div class=\"mariselle-image-container none\">\n                <img loading=\"lazy\" decoding=\"async\" width=\"929\" height=\"424\" class=\"lazy-image\" alt=\"\" sizes=\"auto, (max-width: 929px) 100vw, 929px\" src=\"https:\/\/brtk.net\/wp-content\/uploads\/2025\/04\/08\/1744125029586WhatsApp-Image-2025-04-08-at-18.05.07.jpeg?ver=49c0dd6fe1b84d84c234944c4bfb5d6c\" srcset=\"https:\/\/brtk.net\/wp-content\/uploads\/2025\/04\/08\/1744125029586WhatsApp-Image-2025-04-08-at-18.05.07.jpeg?ver=49c0dd6fe1b84d84c234944c4bfb5d6c 929w, https:\/\/brtk.net\/wp-content\/uploads\/2025\/04\/08\/1744125029586WhatsApp-Image-2025-04-08-at-18.05.07-300x137.jpeg?ver=49c0dd6fe1b84d84c234944c4bfb5d6c 300w, https:\/\/brtk.net\/wp-content\/uploads\/2025\/04\/08\/1744125029586WhatsApp-Image-2025-04-08-at-18.05.07-768x351.jpeg?ver=c65e39177e1bb14b1ad375006b4e3788 768w\"\/>                            <\/div>\n<p>K\u0131br\u0131s T\u00fcrk \u00d6\u011fretmenler Sendikas\u0131 ve K\u0131br\u0131s T\u00fcrk Orta E\u011fitim \u00d6\u011fretmenler Sendikas\u0131, Lefko\u015fa\u2019da eylem d\u00fczenliyor\u2026<\/p>\n<p>Eylemciler saat 18.00\u2019de Dereboyu\u2019nda Citroen I\u015f\u0131klar\u0131 olarak bilinen yerde toplanarak, \u015eehitler An\u0131t\u0131 \u00f6n\u00fcne y\u00fcr\u00fcyor\u2026<\/p>\n<p>Eylem, \u2018Disiplin T\u00fcz\u00fc\u011f\u00fc\u2019 konusunda ba\u015flat\u0131lan m\u00fccadele kapsam\u0131nda d\u00fczenleniyor.<\/p>\n<p>Eyleme ana muhalefet Cumhuriyet\u00e7i T\u00fcrk Partisi\u2019nin yan\u0131s\u0131ra baz\u0131 siyasi partiler ile sendikalar, birlik ve dernekler destek veriyor.<\/p>\n<p>Eylem, \u2018Ge\u00e7it Yok\u2019 slogan\u0131yla yap\u0131l\u0131yor\u2026<\/p>\n<\/p><\/div>\n<p><script async\n                    defer\n                    crossorigin=\"anonymous\"\n                    src=\"https:\/\/connect.facebook.net\/tr_TR\/sdk.js#xfbml=1&#038;version=v3.3\"\n            ><\/script><br \/>\n<br \/><br \/>\n<br \/><a href=\"https:\/\/brtk.net\/lefkosada-40i-askin-orgutun-katilimiyla-eylem-duzenleniyor\/\">Kaynak BRT <\/a><\/p>\n","protected":false},"excerpt":{"rendered":"<p>K\u0131br\u0131s T\u00fcrk \u00d6\u011fretmenler Sendikas\u0131 ve K\u0131br\u0131s T\u00fcrk Orta E\u011fitim \u00d6\u011fretmenler Sendikas\u0131, Lefko\u015fa\u2019da eylem d\u00fczenliyor\u2026 Eylemciler saat 18.00\u2019de Dereboyu\u2019nda Citroen I\u015f\u0131klar\u0131 olarak bilinen yerde toplanarak, \u015eehitler An\u0131t\u0131 \u00f6n\u00fcne y\u00fcr\u00fcyor\u2026 Eylem, \u2018Disiplin T\u00fcz\u00fc\u011f\u00fc\u2019 konusunda ba\u015flat\u0131lan m\u00fccadele kapsam\u0131nda d\u00fczenleniyor. Eyleme ana muhalefet Cumhuriyet\u00e7i T\u00fcrk Partisi\u2019nin yan\u0131s\u0131ra baz\u0131 siyasi partiler ile sendikalar, birlik ve dernekler destek veriyor. Eylem, \u2018Ge\u00e7it [&hellip;]<\/p>\n","protected":false},"author":908,"featured_media":22232,"comment_status":"open","ping_status":"open","sticky":false,"template":"","format":"standard","meta":{"advanced_seo_description":"","jetpack_seo_html_title":"","jetpack_seo_noindex":false,"jetpack_seo_schema_type":"","_jetpack_newsletter_access":"","_jetpack_dont_email_post_to_subs":false,"_jetpack_newsletter_tier_id":0,"_jetpack_memberships_contains_paywalled_content":false,"_jetpack_feature_clip_id":0,"_jetpack_memberships_contains_paid_content":false,"footnotes":"","jetpack_publicize_message":"","jetpack_publicize_feature_enabled":true,"jetpack_social_post_already_shared":true,"jetpack_social_options":{"image_generator_settings":{"template":"highway","default_image_id":0,"font":"","enabled":false},"version":2},"jetpack_post_was_ever_published":false},"categories":[253],"tags":[],"class_list":["post-22231","post","type-post","status-publish","format-standard","has-post-thumbnail","hentry","category-gundem"],"jetpack_publicize_connections":[],"jetpack_featured_media_url":"https:\/\/kibrisayna.com\/wp-content\/uploads\/2025\/04\/1744125029586WhatsApp-Image-2025-04-08-at-18.05.07.jpeg","jetpack_sharing_enabled":true,"_links":{"self":[{"href":"https:\/\/kibrisayna.com\/index.php\/wp-json\/wp\/v2\/posts\/22231","targetHints":{"allow":["GET"]}}],"collection":[{"href":"https:\/\/kibrisayna.com\/index.php\/wp-json\/wp\/v2\/posts"}],"about":[{"href":"https:\/\/kibrisayna.com\/index.php\/wp-json\/wp\/v2\/types\/post"}],"author":[{"embeddable":true,"href":"https:\/\/kibrisayna.com\/index.php\/wp-json\/wp\/v2\/users\/908"}],"replies":[{"embeddable":true,"href":"https:\/\/kibrisayna.com\/index.php\/wp-json\/wp\/v2\/comments?post=22231"}],"version-history":[{"count":0,"href":"https:\/\/kibrisayna.com\/index.php\/wp-json\/wp\/v2\/posts\/22231\/revisions"}],"wp:featuredmedia":[{"embeddable":true,"href":"https:\/\/kibrisayna.com\/index.php\/wp-json\/wp\/v2\/media\/22232"}],"wp:attachment":[{"href":"https:\/\/kibrisayna.com\/index.php\/wp-json\/wp\/v2\/media?parent=22231"}],"wp:term":[{"taxonomy":"category","embeddable":true,"href":"https:\/\/kibrisayna.com\/index.php\/wp-json\/wp\/v2\/categories?post=22231"},{"taxonomy":"post_tag","embeddable":true,"href":"https:\/\/kibrisayna.com\/index.php\/wp-json\/wp\/v2\/tags?post=22231"}],"curies":[{"name":"wp","href":"https:\/\/api.w.org\/{rel}","templated":true}]}}