{"id":22229,"date":"2025-04-08T20:46:53","date_gmt":"2025-04-08T17:46:53","guid":{"rendered":"https:\/\/kibrisayna.com\/index.php\/2025\/04\/08\/taskentteki-is-kazasinda-35-yasindaki-fatih-safakoglu-hayatini-kaybetti-brtk\/"},"modified":"2025-04-08T20:46:53","modified_gmt":"2025-04-08T17:46:53","slug":"taskentteki-is-kazasinda-35-yasindaki-fatih-safakoglu-hayatini-kaybetti-brtk","status":"publish","type":"post","link":"https:\/\/kibrisayna.com\/index.php\/2025\/04\/08\/taskentteki-is-kazasinda-35-yasindaki-fatih-safakoglu-hayatini-kaybetti-brtk\/","title":{"rendered":"Ta\u015fkent\u2019teki i\u015f kazas\u0131nda 35 ya\u015f\u0131ndaki Fatih \u015eafako\u011flu hayat\u0131n\u0131 kaybetti \u2013 BRTK"},"content":{"rendered":"<p> <br \/>\n<\/p>\n<div>\n<div class=\"mariselle-image-container center\">\n                <img loading=\"lazy\" decoding=\"async\" width=\"460\" height=\"276\" class=\"lazy-image\" alt=\"\" sizes=\"auto, (max-width: 460px) 100vw, 460px\" src=\"https:\/\/brtk.net\/wp-content\/uploads\/2024\/09\/10\/olum32.jpg?ver=7618223835c1a8ecfc680b8d6a6498c3\" srcset=\"https:\/\/brtk.net\/wp-content\/uploads\/2024\/09\/10\/olum32.jpg?ver=7618223835c1a8ecfc680b8d6a6498c3 460w, https:\/\/brtk.net\/wp-content\/uploads\/2024\/09\/10\/olum32-300x180.jpg?ver=9a5b50168af6332c4e8c2c149fa61d48 300w\"\/>                            <\/div>\n<p>\nPolis Bas\u0131n Subayl\u0131\u011f\u0131\u2019ndan verilen bilgiye g\u00f6re bug\u00fcn saat 13.15 s\u0131ralar\u0131nda Ta\u015fkent k\u00f6y\u00fcn\u00fcn g\u00fcney do\u011fu k\u0131sm\u0131nda bir arazi i\u00e7erisinde bulunan baz istasyonu \u00fczerinde montaj \u00e7al\u0131\u015fmas\u0131 yap\u0131ld\u0131\u011f\u0131 s\u0131rada, halat ile yukar\u0131ya  malzeme \u00e7ekildi\u011fi esnada, malzemeyi tutan \u00e7elik kelep\u00e7enin kopmas\u0131 sonucu yukar\u0131 \u00e7ekilen  malzemeler baz istasyonu a\u015fa\u011f\u0131s\u0131nda \u00e7al\u0131\u015fmakta olan Fatih \u015eAFAKO\u011eLU (E-35)\u2019nun \u00fczerine d\u00fc\u015fm\u00fc\u015ft\u00fcr.  <\/p>\n<p>A\u011f\u0131r yaralanan Fatih \u015eAFAKO\u011eLU olay yerinde ya\u015fam\u0131n\u0131 yitirmi\u015ftir. Olayla ilgili polis soru\u015fturmas\u0131 s\u00fcr\u00fcyor.<\/p>\n<\/p><\/div>\n<p><script async\n                    defer\n                    crossorigin=\"anonymous\"\n                    src=\"https:\/\/connect.facebook.net\/tr_TR\/sdk.js#xfbml=1&#038;version=v3.3\"\n            ><\/script><br \/>\n<br \/><br \/>\n<br \/><a href=\"https:\/\/brtk.net\/taskentteki-is-kazasinda-35-yasindaki-fatih-safakoglu-hayatini-kaybetti\/\">Kaynak BRT <\/a><\/p>\n","protected":false},"excerpt":{"rendered":"<p>Polis Bas\u0131n Subayl\u0131\u011f\u0131\u2019ndan verilen bilgiye g\u00f6re bug\u00fcn saat 13.15 s\u0131ralar\u0131nda Ta\u015fkent k\u00f6y\u00fcn\u00fcn g\u00fcney do\u011fu k\u0131sm\u0131nda bir arazi i\u00e7erisinde bulunan baz istasyonu \u00fczerinde montaj \u00e7al\u0131\u015fmas\u0131 yap\u0131ld\u0131\u011f\u0131 s\u0131rada, halat ile yukar\u0131ya malzeme \u00e7ekildi\u011fi esnada, malzemeyi tutan \u00e7elik kelep\u00e7enin kopmas\u0131 sonucu yukar\u0131 \u00e7ekilen malzemeler baz istasyonu a\u015fa\u011f\u0131s\u0131nda \u00e7al\u0131\u015fmakta olan Fatih \u015eAFAKO\u011eLU (E-35)\u2019nun \u00fczerine d\u00fc\u015fm\u00fc\u015ft\u00fcr. A\u011f\u0131r yaralanan Fatih \u015eAFAKO\u011eLU [&hellip;]<\/p>\n","protected":false},"author":908,"featured_media":21791,"comment_status":"open","ping_status":"open","sticky":false,"template":"","format":"standard","meta":{"advanced_seo_description":"","jetpack_seo_html_title":"","jetpack_seo_noindex":false,"jetpack_seo_schema_type":"","_jetpack_newsletter_access":"","_jetpack_dont_email_post_to_subs":false,"_jetpack_newsletter_tier_id":0,"_jetpack_memberships_contains_paywalled_content":false,"_jetpack_feature_clip_id":0,"_jetpack_memberships_contains_paid_content":false,"footnotes":"","jetpack_publicize_message":"","jetpack_publicize_feature_enabled":true,"jetpack_social_post_already_shared":true,"jetpack_social_options":{"image_generator_settings":{"template":"highway","default_image_id":0,"font":"","enabled":false},"version":2},"jetpack_post_was_ever_published":false},"categories":[253],"tags":[],"class_list":["post-22229","post","type-post","status-publish","format-standard","has-post-thumbnail","hentry","category-gundem"],"jetpack_publicize_connections":[],"jetpack_featured_media_url":"https:\/\/kibrisayna.com\/wp-content\/uploads\/2025\/04\/olum-222.jpg","jetpack_sharing_enabled":true,"_links":{"self":[{"href":"https:\/\/kibrisayna.com\/index.php\/wp-json\/wp\/v2\/posts\/22229","targetHints":{"allow":["GET"]}}],"collection":[{"href":"https:\/\/kibrisayna.com\/index.php\/wp-json\/wp\/v2\/posts"}],"about":[{"href":"https:\/\/kibrisayna.com\/index.php\/wp-json\/wp\/v2\/types\/post"}],"author":[{"embeddable":true,"href":"https:\/\/kibrisayna.com\/index.php\/wp-json\/wp\/v2\/users\/908"}],"replies":[{"embeddable":true,"href":"https:\/\/kibrisayna.com\/index.php\/wp-json\/wp\/v2\/comments?post=22229"}],"version-history":[{"count":0,"href":"https:\/\/kibrisayna.com\/index.php\/wp-json\/wp\/v2\/posts\/22229\/revisions"}],"wp:featuredmedia":[{"embeddable":true,"href":"https:\/\/kibrisayna.com\/index.php\/wp-json\/wp\/v2\/media\/21791"}],"wp:attachment":[{"href":"https:\/\/kibrisayna.com\/index.php\/wp-json\/wp\/v2\/media?parent=22229"}],"wp:term":[{"taxonomy":"category","embeddable":true,"href":"https:\/\/kibrisayna.com\/index.php\/wp-json\/wp\/v2\/categories?post=22229"},{"taxonomy":"post_tag","embeddable":true,"href":"https:\/\/kibrisayna.com\/index.php\/wp-json\/wp\/v2\/tags?post=22229"}],"curies":[{"name":"wp","href":"https:\/\/api.w.org\/{rel}","templated":true}]}}