{"id":22227,"date":"2025-04-08T20:46:10","date_gmt":"2025-04-08T17:46:10","guid":{"rendered":"https:\/\/kibrisayna.com\/index.php\/2025\/04\/08\/13-mormenekse-enginar-festivali-12-13-nisanda-yapiliyor-brtk\/"},"modified":"2025-04-08T20:46:10","modified_gmt":"2025-04-08T17:46:10","slug":"13-mormenekse-enginar-festivali-12-13-nisanda-yapiliyor-brtk","status":"publish","type":"post","link":"https:\/\/kibrisayna.com\/index.php\/2025\/04\/08\/13-mormenekse-enginar-festivali-12-13-nisanda-yapiliyor-brtk\/","title":{"rendered":"13.Mormenek\u015fe Enginar Festivali 12-13 Nisan\u2019da yap\u0131l\u0131yor \u2013 BRTK"},"content":{"rendered":"<p> <br \/>\n<\/p>\n<div>\n<div class=\"mariselle-image-container center\">\n                <img loading=\"lazy\" decoding=\"async\" width=\"2560\" height=\"1439\" class=\"lazy-image\" alt=\"\" sizes=\"auto, (max-width: 2560px) 100vw, 2560px\" src=\"https:\/\/brtk.net\/wp-content\/uploads\/2025\/04\/08\/InShot_20250408_125016452-scaled.jpg?ver=3fce58256462f3e0e61f5109afb4d3c4\" srcset=\"https:\/\/brtk.net\/wp-content\/uploads\/2025\/04\/08\/InShot_20250408_125016452-scaled.jpg?ver=3fce58256462f3e0e61f5109afb4d3c4 2560w, https:\/\/brtk.net\/wp-content\/uploads\/2025\/04\/08\/InShot_20250408_125016452-300x169.jpg?ver=02caf9bace2f309c9897dc29820a24bc 300w, https:\/\/brtk.net\/wp-content\/uploads\/2025\/04\/08\/InShot_20250408_125016452-1024x576.jpg?ver=02caf9bace2f309c9897dc29820a24bc 1024w, https:\/\/brtk.net\/wp-content\/uploads\/2025\/04\/08\/InShot_20250408_125016452-768x432.jpg?ver=8377ed7308dd6560bb24c71705d1f849 768w, https:\/\/brtk.net\/wp-content\/uploads\/2025\/04\/08\/InShot_20250408_125016452-1536x863.jpg?ver=05f44c17b8288dbbf59cb64dda516c79 1536w, https:\/\/brtk.net\/wp-content\/uploads\/2025\/04\/08\/InShot_20250408_125016452-2048x1151.jpg?ver=348de21016560922eeb51fa98c046763 2048w\"\/>                            <\/div>\n<p>Mormenek\u015fe Kad\u0131nlar Birli\u011fi Derne\u011fi taraf\u0131ndan her y\u0131l geleneksel olarak  d\u00fczenlenen Mormenek\u015fe Enginar Festivali\u2019nin 13\u2019\u00fcnc\u00fcs\u00fc 12-13 Nisan tarihlerinde yap\u0131l\u0131yor\u2026<\/p>\n<p>12 Nisan Cumartesi g\u00fcn\u00fc kortejle ba\u015flayacak olan festivalin resmi a\u00e7\u0131l\u0131\u015f\u0131 saat 19.00\u2019 da ger\u00e7ekle\u015fecek\u2026   <\/p>\n<p>Festival ile ilgili bas\u0131n toplant\u0131s\u0131 d\u00fczenlendi.<\/p>\n<p>Mormenek\u015fe Kad\u0131nlar Birli\u011fi Derne\u011fi Ba\u015fkan\u0131 Er\u015fen Ummanel, Bahar\u0131n gelmesiyle \u00fclkenin her yerinde festivallerin ger\u00e7ekle\u015ftirilmekte oldu\u011funu an\u0131msatarak, festivallerin her b\u00f6lgeye g\u00fczellik katt\u0131\u011f\u0131n\u0131 an\u0131msatt\u0131.<\/p>\n<p>Ummanel, enginar\u0131n Mormenek\u015fe\u2019nin sembol\u00fc oldu\u011funu belirterek, , ama\u00e7lar\u0131n\u0131n, k\u00fclt\u00fcr\u00fcn gelecek nesillere yans\u0131t\u0131lmas\u0131 oldu\u011funu kaydetti.<\/p>\n<p>Er\u015fen Ummanel Festivalde k\u00fclt\u00fcr\u00fcn tan\u0131t\u0131laca\u011f\u0131 \u00e7ok \u00e7e\u015fitli etkinliklerin sergilenip, g\u00fcn boyu standlarda sat\u0131\u015flar\u0131n yap\u0131l\u0131p, \u00e7ocuklara y\u00f6nelik oyun alanlar\u0131n\u0131n kurulaca\u011f\u0131n\u0131 ifade etti ve bunun yan\u0131nda \u00e7ok anlaml\u0131 sergi a\u00e7\u0131l\u0131\u015flar\u0131n\u0131n da yer alaca\u011f\u0131n\u0131 belirtti. <\/p>\n<p>Ummanel festivalin finalinin T\u00fcrkiye\u2019nin sevilen gruplar\u0131ndan Yeni T\u00fcrk\u00fc grubunun \u015fark\u0131lar\u0131yla yap\u0131laca\u011f\u0131n\u0131 a\u00e7\u0131klad\u0131\u2026 <\/p>\n<p>Festivalde yar\u0131\u015fmalardan sorumlu komite \u00fcyesi Bedia Balses festivalde resim, \u015fiir, mektup olmak \u00fczere \u00fc\u00e7 kategoride  yar\u0131\u015fmalar\u0131n d\u00fczenlenece\u011fini s\u00f6yledi.<\/p>\n<p>Balses, bu yar\u0131\u015fmalar\u0131n \u015eampiyon Meleklerden Perihan \u00c7etiner, Havin K\u0131l\u0131\u00e7 ve Mehmet Sevrim an\u0131s\u0131na  yap\u0131laca\u011f\u0131n\u0131 belirtti. <\/p>\n<p>Festival Komitesi\u2019nden El\u00e7in Sar\u0131yel ise festival kapsam\u0131nda Merhum Kemaliye Parlan an\u0131s\u0131na enginar yeme\u011fi yar\u0131\u015fmas\u0131n\u0131n ger\u00e7ekle\u015ftirilece\u011fini a\u00e7\u0131klayarak, herkesi festivale davet etti.<\/p>\n<\/p><\/div>\n<p><script async\n                    defer\n                    crossorigin=\"anonymous\"\n                    src=\"https:\/\/connect.facebook.net\/tr_TR\/sdk.js#xfbml=1&#038;version=v3.3\"\n            ><\/script><br \/>\n<br \/><br \/>\n<br \/><a href=\"https:\/\/brtk.net\/13-mormenekse-enginar-festivali-12-13-nisanda-yapiliyor\/\"><\/a><\/p>\n","protected":false},"excerpt":{"rendered":"<p>Mormenek\u015fe Kad\u0131nlar Birli\u011fi Derne\u011fi taraf\u0131ndan her y\u0131l geleneksel olarak d\u00fczenlenen Mormenek\u015fe Enginar Festivali\u2019nin 13\u2019\u00fcnc\u00fcs\u00fc 12-13 Nisan tarihlerinde yap\u0131l\u0131yor\u2026 12 Nisan Cumartesi g\u00fcn\u00fc kortejle ba\u015flayacak olan festivalin resmi a\u00e7\u0131l\u0131\u015f\u0131 saat 19.00\u2019 da ger\u00e7ekle\u015fecek\u2026 Festival ile ilgili bas\u0131n toplant\u0131s\u0131 d\u00fczenlendi. Mormenek\u015fe Kad\u0131nlar Birli\u011fi Derne\u011fi Ba\u015fkan\u0131 Er\u015fen Ummanel, Bahar\u0131n gelmesiyle \u00fclkenin her yerinde festivallerin ger\u00e7ekle\u015ftirilmekte oldu\u011funu an\u0131msatarak, festivallerin [&hellip;]<\/p>\n","protected":false},"author":908,"featured_media":22228,"comment_status":"open","ping_status":"open","sticky":false,"template":"","format":"standard","meta":{"advanced_seo_description":"","jetpack_seo_html_title":"","jetpack_seo_noindex":false,"jetpack_seo_schema_type":"","_jetpack_newsletter_access":"","_jetpack_dont_email_post_to_subs":false,"_jetpack_newsletter_tier_id":0,"_jetpack_memberships_contains_paywalled_content":false,"_jetpack_feature_clip_id":0,"_jetpack_memberships_contains_paid_content":false,"footnotes":"","jetpack_publicize_message":"","jetpack_publicize_feature_enabled":true,"jetpack_social_post_already_shared":true,"jetpack_social_options":{"image_generator_settings":{"template":"highway","default_image_id":0,"font":"","enabled":false},"version":2},"jetpack_post_was_ever_published":false},"categories":[587],"tags":[],"class_list":["post-22227","post","type-post","status-publish","format-standard","has-post-thumbnail","hentry","category-dunya"],"jetpack_publicize_connections":[],"jetpack_featured_media_url":"https:\/\/kibrisayna.com\/wp-content\/uploads\/2025\/04\/InShot_20250408_125016452-scaled.jpg","jetpack_sharing_enabled":true,"_links":{"self":[{"href":"https:\/\/kibrisayna.com\/index.php\/wp-json\/wp\/v2\/posts\/22227","targetHints":{"allow":["GET"]}}],"collection":[{"href":"https:\/\/kibrisayna.com\/index.php\/wp-json\/wp\/v2\/posts"}],"about":[{"href":"https:\/\/kibrisayna.com\/index.php\/wp-json\/wp\/v2\/types\/post"}],"author":[{"embeddable":true,"href":"https:\/\/kibrisayna.com\/index.php\/wp-json\/wp\/v2\/users\/908"}],"replies":[{"embeddable":true,"href":"https:\/\/kibrisayna.com\/index.php\/wp-json\/wp\/v2\/comments?post=22227"}],"version-history":[{"count":0,"href":"https:\/\/kibrisayna.com\/index.php\/wp-json\/wp\/v2\/posts\/22227\/revisions"}],"wp:featuredmedia":[{"embeddable":true,"href":"https:\/\/kibrisayna.com\/index.php\/wp-json\/wp\/v2\/media\/22228"}],"wp:attachment":[{"href":"https:\/\/kibrisayna.com\/index.php\/wp-json\/wp\/v2\/media?parent=22227"}],"wp:term":[{"taxonomy":"category","embeddable":true,"href":"https:\/\/kibrisayna.com\/index.php\/wp-json\/wp\/v2\/categories?post=22227"},{"taxonomy":"post_tag","embeddable":true,"href":"https:\/\/kibrisayna.com\/index.php\/wp-json\/wp\/v2\/tags?post=22227"}],"curies":[{"name":"wp","href":"https:\/\/api.w.org\/{rel}","templated":true}]}}