{"id":22180,"date":"2025-04-08T08:58:43","date_gmt":"2025-04-08T05:58:43","guid":{"rendered":"https:\/\/kibrisayna.com\/index.php\/2025\/04\/08\/zulfu-livaneli-sarkilari-konseri-duzenlendi-brtk\/"},"modified":"2025-04-08T08:58:43","modified_gmt":"2025-04-08T05:58:43","slug":"zulfu-livaneli-sarkilari-konseri-duzenlendi-brtk","status":"publish","type":"post","link":"https:\/\/kibrisayna.com\/index.php\/2025\/04\/08\/zulfu-livaneli-sarkilari-konseri-duzenlendi-brtk\/","title":{"rendered":"\u201cZ\u00fclf\u00fc Livaneli \u015eark\u0131lar\u0131\u201d konseri d\u00fczenlendi \u2013 BRTK"},"content":{"rendered":"<p> <br \/>\n<\/p>\n<div>\n<div class=\"mariselle-image-container center\">\n                <img loading=\"lazy\" decoding=\"async\" width=\"1080\" height=\"562\" class=\"lazy-image\" alt=\"\" sizes=\"auto, (max-width: 1080px) 100vw, 1080px\" src=\"https:\/\/brtk.net\/wp-content\/uploads\/2025\/04\/08\/911bc209-bccb-4884-94bc-e4ad0e45c3bb.jpg?ver=811a89d942ee2308a1d8fd2ac950a6da\" srcset=\"https:\/\/brtk.net\/wp-content\/uploads\/2025\/04\/08\/911bc209-bccb-4884-94bc-e4ad0e45c3bb.jpg?ver=811a89d942ee2308a1d8fd2ac950a6da 1080w, https:\/\/brtk.net\/wp-content\/uploads\/2025\/04\/08\/911bc209-bccb-4884-94bc-e4ad0e45c3bb-300x156.jpg?ver=e4b59c3dca6622b2182ff42ecbf76227 300w, https:\/\/brtk.net\/wp-content\/uploads\/2025\/04\/08\/911bc209-bccb-4884-94bc-e4ad0e45c3bb-1024x533.jpg?ver=e4b59c3dca6622b2182ff42ecbf76227 1024w, https:\/\/brtk.net\/wp-content\/uploads\/2025\/04\/08\/911bc209-bccb-4884-94bc-e4ad0e45c3bb-768x400.jpg?ver=e4b59c3dca6622b2182ff42ecbf76227 768w, https:\/\/brtk.net\/wp-content\/uploads\/2025\/04\/08\/911bc209-bccb-4884-94bc-e4ad0e45c3bb-736x384.jpg?ver=e4b59c3dca6622b2182ff42ecbf76227 736w\"\/>                            <\/div>\n<p>Lefko\u015fa T\u00fcrk Belediyesi ile Gazima\u011fusa Belediyesi i\u015fbirli\u011finde \u201cZ\u00fclf\u00fc Livaneli \u015eark\u0131lar\u0131\u201d konseri d\u00fczenlendi. <\/p>\n<p> Lefko\u015fa Belediye Orkestras\u0131\u2019n\u0131n sahne ald\u0131\u011f\u0131 konserde, \u201c G\u00fcne\u015f Topla Benim \u0130\u00e7in\u201d \u201c Karl\u0131 Kay\u0131n Orman\u0131\u201d \u201c Ey \u00d6zg\u00fcrl\u00fck\u201d \u201c Yi\u011fidim Aslan\u0131m\u201d ve \u201c Leylim Ley\u201d gibi usta sanat\u00e7\u0131n\u0131n en sevilen \u015fark\u0131lar\u0131 seslendirildi. <\/p>\n<div class=\"mariselle-image-container center\">\n                <img loading=\"lazy\" decoding=\"async\" width=\"1080\" height=\"551\" class=\"lazy-image\" alt=\"\" sizes=\"auto, (max-width: 1080px) 100vw, 1080px\" src=\"https:\/\/brtk.net\/wp-content\/uploads\/2025\/04\/08\/97496ab2-8106-4103-94ed-1992f0e0e813.jpg?ver=69ba1ac078bfd22a343fce2ee2173a7c\" srcset=\"https:\/\/brtk.net\/wp-content\/uploads\/2025\/04\/08\/97496ab2-8106-4103-94ed-1992f0e0e813.jpg?ver=69ba1ac078bfd22a343fce2ee2173a7c 1080w, https:\/\/brtk.net\/wp-content\/uploads\/2025\/04\/08\/97496ab2-8106-4103-94ed-1992f0e0e813-300x153.jpg?ver=17c6da92af063b6803102aed81411df8 300w, https:\/\/brtk.net\/wp-content\/uploads\/2025\/04\/08\/97496ab2-8106-4103-94ed-1992f0e0e813-1024x522.jpg?ver=17c6da92af063b6803102aed81411df8 1024w, https:\/\/brtk.net\/wp-content\/uploads\/2025\/04\/08\/97496ab2-8106-4103-94ed-1992f0e0e813-768x392.jpg?ver=0315ecac8e065de46bf727c0bf870f7e 768w\"\/>                            <\/div>\n<p>Gecede orkestran\u0131n \u015fefli\u011fi Mustafa Aksa\u00e7 \u00fcstlenirken, \u00fclkemizden pek \u00e7ok solist de sahne alarak sesiyle renk katt\u0131. <\/p>\n<p>Davetlilerin b\u00fcy\u00fck be\u011feniyle izledi\u011fi konserden elde edilen gelirin bir k\u0131sm\u0131 ise, \u015eampiyon Melekleri Ya\u015fatma Derne\u011fi\u2019 ne ba\u011f\u0131\u015fland\u0131.<\/p>\n<\/p><\/div>\n<p><script async\n                    defer\n                    crossorigin=\"anonymous\"\n                    src=\"https:\/\/connect.facebook.net\/tr_TR\/sdk.js#xfbml=1&#038;version=v3.3\"\n            ><\/script><br \/>\n<br \/><br \/>\n<br \/><a href=\"https:\/\/brtk.net\/zulfu-livaneli-sarkilari-konseri-duzenlendi\/\">Kaynak BRT <\/a><\/p>\n","protected":false},"excerpt":{"rendered":"<p>Lefko\u015fa T\u00fcrk Belediyesi ile Gazima\u011fusa Belediyesi i\u015fbirli\u011finde \u201cZ\u00fclf\u00fc Livaneli \u015eark\u0131lar\u0131\u201d konseri d\u00fczenlendi. Lefko\u015fa Belediye Orkestras\u0131\u2019n\u0131n sahne ald\u0131\u011f\u0131 konserde, \u201c G\u00fcne\u015f Topla Benim \u0130\u00e7in\u201d \u201c Karl\u0131 Kay\u0131n Orman\u0131\u201d \u201c Ey \u00d6zg\u00fcrl\u00fck\u201d \u201c Yi\u011fidim Aslan\u0131m\u201d ve \u201c Leylim Ley\u201d gibi usta sanat\u00e7\u0131n\u0131n en sevilen \u015fark\u0131lar\u0131 seslendirildi. Gecede orkestran\u0131n \u015fefli\u011fi Mustafa Aksa\u00e7 \u00fcstlenirken, \u00fclkemizden pek \u00e7ok solist de [&hellip;]<\/p>\n","protected":false},"author":908,"featured_media":22181,"comment_status":"open","ping_status":"open","sticky":false,"template":"","format":"standard","meta":{"advanced_seo_description":"","jetpack_seo_html_title":"","jetpack_seo_noindex":false,"jetpack_seo_schema_type":"","_jetpack_newsletter_access":"","_jetpack_dont_email_post_to_subs":false,"_jetpack_newsletter_tier_id":0,"_jetpack_memberships_contains_paywalled_content":false,"_jetpack_feature_clip_id":0,"_jetpack_memberships_contains_paid_content":false,"footnotes":"","jetpack_publicize_message":"","jetpack_publicize_feature_enabled":true,"jetpack_social_post_already_shared":true,"jetpack_social_options":{"image_generator_settings":{"template":"highway","default_image_id":0,"font":"","enabled":false},"version":2},"jetpack_post_was_ever_published":false},"categories":[253],"tags":[],"class_list":["post-22180","post","type-post","status-publish","format-standard","has-post-thumbnail","hentry","category-gundem"],"jetpack_publicize_connections":[],"jetpack_featured_media_url":"https:\/\/kibrisayna.com\/wp-content\/uploads\/2025\/04\/911bc209-bccb-4884-94bc-e4ad0e45c3bb.jpg","jetpack_sharing_enabled":true,"_links":{"self":[{"href":"https:\/\/kibrisayna.com\/index.php\/wp-json\/wp\/v2\/posts\/22180","targetHints":{"allow":["GET"]}}],"collection":[{"href":"https:\/\/kibrisayna.com\/index.php\/wp-json\/wp\/v2\/posts"}],"about":[{"href":"https:\/\/kibrisayna.com\/index.php\/wp-json\/wp\/v2\/types\/post"}],"author":[{"embeddable":true,"href":"https:\/\/kibrisayna.com\/index.php\/wp-json\/wp\/v2\/users\/908"}],"replies":[{"embeddable":true,"href":"https:\/\/kibrisayna.com\/index.php\/wp-json\/wp\/v2\/comments?post=22180"}],"version-history":[{"count":0,"href":"https:\/\/kibrisayna.com\/index.php\/wp-json\/wp\/v2\/posts\/22180\/revisions"}],"wp:featuredmedia":[{"embeddable":true,"href":"https:\/\/kibrisayna.com\/index.php\/wp-json\/wp\/v2\/media\/22181"}],"wp:attachment":[{"href":"https:\/\/kibrisayna.com\/index.php\/wp-json\/wp\/v2\/media?parent=22180"}],"wp:term":[{"taxonomy":"category","embeddable":true,"href":"https:\/\/kibrisayna.com\/index.php\/wp-json\/wp\/v2\/categories?post=22180"},{"taxonomy":"post_tag","embeddable":true,"href":"https:\/\/kibrisayna.com\/index.php\/wp-json\/wp\/v2\/tags?post=22180"}],"curies":[{"name":"wp","href":"https:\/\/api.w.org\/{rel}","templated":true}]}}