{"id":22159,"date":"2025-04-07T17:30:59","date_gmt":"2025-04-07T14:30:59","guid":{"rendered":"https:\/\/kibrisayna.com\/index.php\/2025\/04\/07\/onumuzdeki-gunler-icin-yer-yer-yagis-beklentisi-var-sicakliklar-4-derece-kadar-dusecek-brtk\/"},"modified":"2025-04-07T17:30:59","modified_gmt":"2025-04-07T14:30:59","slug":"onumuzdeki-gunler-icin-yer-yer-yagis-beklentisi-var-sicakliklar-4-derece-kadar-dusecek-brtk","status":"publish","type":"post","link":"https:\/\/kibrisayna.com\/index.php\/2025\/04\/07\/onumuzdeki-gunler-icin-yer-yer-yagis-beklentisi-var-sicakliklar-4-derece-kadar-dusecek-brtk\/","title":{"rendered":"\u00d6n\u00fcm\u00fczdeki g\u00fcnler i\u00e7in yer yer ya\u011f\u0131\u015f beklentisi var, s\u0131cakl\u0131klar 4 derece kadar d\u00fc\u015fecek \u2013 BRTK"},"content":{"rendered":"<p> <br \/>\n<\/p>\n<div>\n<div class=\"mariselle-image-container center\">\n                <img loading=\"lazy\" decoding=\"async\" width=\"728\" height=\"386\" class=\"lazy-image\" alt=\"\" sizes=\"auto, (max-width: 728px) 100vw, 728px\" src=\"https:\/\/brtk.net\/wp-content\/uploads\/2023\/03\/27\/hava-nasil-olacak.webp?ver=ea10791f70949439f8d3f5049d8c2545\" srcset=\"https:\/\/brtk.net\/wp-content\/uploads\/2023\/03\/27\/hava-nasil-olacak.webp?ver=ea10791f70949439f8d3f5049d8c2545 728w, https:\/\/brtk.net\/wp-content\/uploads\/2023\/03\/27\/hava-nasil-olacak-300x159.webp?ver=ea10791f70949439f8d3f5049d8c2545 300w\"\/>                            <\/div>\n<p>Meteoroloji, \u00f6n\u00fcm\u00fczdeki g\u00fcnlerde yer yer ya\u011f\u0131\u015f beklendi\u011fini, hava s\u0131cakl\u0131\u011f\u0131n\u0131n 4 derece kadar d\u00fc\u015fece\u011fini, \u00e7ar\u015fambadan itibaren da r\u00fczgar\u0131n zaman zaman \u015fiddetli esece\u011fini a\u00e7\u0131klad\u0131.<\/p>\n<p>Meteoroloji Dairesi, 8-14 Nisan tarihlerini kapsayan hava tahmin raporuna g\u00f6re b\u00f6lge al\u00e7ak bas\u0131n\u00e7 sistemiyle serin ve nemli hava k\u00fctlesinin etkisinde kalacak.<\/p>\n<p>Hava yar\u0131n par\u00e7al\u0131 \u00e7ok bulutlu, \u00f6\u011fleye kadar yer yer ya\u011fmurlu, \u00e7ar\u015famba par\u00e7al\u0131 ve az bulutlu yer yer hafif sa\u011fanak ya\u011fmurlu, per\u015fembe g\u00fcn\u00fc ise par\u00e7al\u0131 ve az bulutlu \u00f6\u011fleye kadar yer yer sa\u011fanak ya\u011fmurlu olacak. Cuma\u2019dan hafta ba\u015f\u0131na kadarsa hava genellikle az bulutlu ge\u00e7ecek.<\/p>\n<p>En y\u00fcksek hava s\u0131cakl\u0131\u011f\u0131 periyodun ilk iki g\u00fcn\u00fc i\u00e7 kesimlerde ve sahillerde 22 \u2013 25 derece di\u011fer g\u00fcnlerde ise 18 \u2013 21 derece dolaylar\u0131nda seyredecek.<\/p>\n<p>R\u00fczgar, genellikle Kuzey ve Bat\u0131 y\u00f6nlerden orta, zaman zaman kuvvetli, \u00e7ar\u015famba, per\u015fembe ve cuma g\u00fcnleri ise kuvvetli zaman zaman f\u0131rt\u0131nams\u0131, yer yer de f\u0131rt\u0131na \u015feklinde esecek.<\/p>\n<\/p><\/div>\n<p><script async\n                    defer\n                    crossorigin=\"anonymous\"\n                    src=\"https:\/\/connect.facebook.net\/tr_TR\/sdk.js#xfbml=1&#038;version=v3.3\"\n            ><\/script><br \/>\n<br \/><br \/>\n<br \/><a href=\"https:\/\/brtk.net\/onumuzdeki-gunler-icin-yer-yer-yagis-beklentisi-var-sicakliklar-4-derece-kadar-dusecek\/\">Kaynak BRT <\/a><\/p>\n","protected":false},"excerpt":{"rendered":"<p>Meteoroloji, \u00f6n\u00fcm\u00fczdeki g\u00fcnlerde yer yer ya\u011f\u0131\u015f beklendi\u011fini, hava s\u0131cakl\u0131\u011f\u0131n\u0131n 4 derece kadar d\u00fc\u015fece\u011fini, \u00e7ar\u015fambadan itibaren da r\u00fczgar\u0131n zaman zaman \u015fiddetli esece\u011fini a\u00e7\u0131klad\u0131. Meteoroloji Dairesi, 8-14 Nisan tarihlerini kapsayan hava tahmin raporuna g\u00f6re b\u00f6lge al\u00e7ak bas\u0131n\u00e7 sistemiyle serin ve nemli hava k\u00fctlesinin etkisinde kalacak. Hava yar\u0131n par\u00e7al\u0131 \u00e7ok bulutlu, \u00f6\u011fleye kadar yer yer ya\u011fmurlu, \u00e7ar\u015famba par\u00e7al\u0131 [&hellip;]<\/p>\n","protected":false},"author":908,"featured_media":2250,"comment_status":"open","ping_status":"open","sticky":false,"template":"","format":"standard","meta":{"advanced_seo_description":"","jetpack_seo_html_title":"","jetpack_seo_noindex":false,"jetpack_seo_schema_type":"","_jetpack_newsletter_access":"","_jetpack_dont_email_post_to_subs":false,"_jetpack_newsletter_tier_id":0,"_jetpack_memberships_contains_paywalled_content":false,"_jetpack_feature_clip_id":0,"_jetpack_memberships_contains_paid_content":false,"footnotes":"","jetpack_publicize_message":"","jetpack_publicize_feature_enabled":true,"jetpack_social_post_already_shared":true,"jetpack_social_options":{"image_generator_settings":{"template":"highway","default_image_id":0,"font":"","enabled":false},"version":2},"jetpack_post_was_ever_published":false},"categories":[253],"tags":[],"class_list":["post-22159","post","type-post","status-publish","format-standard","has-post-thumbnail","hentry","category-gundem"],"jetpack_publicize_connections":[],"jetpack_featured_media_url":"https:\/\/kibrisayna.com\/wp-content\/uploads\/2024\/08\/hava-nasil-olacak.webp","jetpack_sharing_enabled":true,"_links":{"self":[{"href":"https:\/\/kibrisayna.com\/index.php\/wp-json\/wp\/v2\/posts\/22159","targetHints":{"allow":["GET"]}}],"collection":[{"href":"https:\/\/kibrisayna.com\/index.php\/wp-json\/wp\/v2\/posts"}],"about":[{"href":"https:\/\/kibrisayna.com\/index.php\/wp-json\/wp\/v2\/types\/post"}],"author":[{"embeddable":true,"href":"https:\/\/kibrisayna.com\/index.php\/wp-json\/wp\/v2\/users\/908"}],"replies":[{"embeddable":true,"href":"https:\/\/kibrisayna.com\/index.php\/wp-json\/wp\/v2\/comments?post=22159"}],"version-history":[{"count":0,"href":"https:\/\/kibrisayna.com\/index.php\/wp-json\/wp\/v2\/posts\/22159\/revisions"}],"wp:featuredmedia":[{"embeddable":true,"href":"https:\/\/kibrisayna.com\/index.php\/wp-json\/wp\/v2\/media\/2250"}],"wp:attachment":[{"href":"https:\/\/kibrisayna.com\/index.php\/wp-json\/wp\/v2\/media?parent=22159"}],"wp:term":[{"taxonomy":"category","embeddable":true,"href":"https:\/\/kibrisayna.com\/index.php\/wp-json\/wp\/v2\/categories?post=22159"},{"taxonomy":"post_tag","embeddable":true,"href":"https:\/\/kibrisayna.com\/index.php\/wp-json\/wp\/v2\/tags?post=22159"}],"curies":[{"name":"wp","href":"https:\/\/api.w.org\/{rel}","templated":true}]}}