{"id":22157,"date":"2025-04-07T17:25:24","date_gmt":"2025-04-07T14:25:24","guid":{"rendered":"https:\/\/kibrisayna.com\/index.php\/2025\/04\/07\/cumhurbaskani-tatar-esnaf-ve-sanatkarlar-merkez-birligi-heyetini-kabul-etti-brtk\/"},"modified":"2025-04-07T17:25:24","modified_gmt":"2025-04-07T14:25:24","slug":"cumhurbaskani-tatar-esnaf-ve-sanatkarlar-merkez-birligi-heyetini-kabul-etti-brtk","status":"publish","type":"post","link":"https:\/\/kibrisayna.com\/index.php\/2025\/04\/07\/cumhurbaskani-tatar-esnaf-ve-sanatkarlar-merkez-birligi-heyetini-kabul-etti-brtk\/","title":{"rendered":"Cumhurba\u015fkan\u0131 Tatar Esnaf ve Sanatkarlar Merkez Birli\u011fi heyetini kabul etti \u2013 BRTK"},"content":{"rendered":"<p> <br \/>\n<\/p>\n<div>\n<div class=\"mariselle-image-container center\">\n                <img loading=\"lazy\" decoding=\"async\" width=\"2560\" height=\"1068\" class=\"lazy-image\" alt=\"\" sizes=\"auto, (max-width: 2560px) 100vw, 2560px\" src=\"https:\/\/brtk.net\/wp-content\/uploads\/2025\/04\/07\/850285092.jpg?ver=b7f1cb5f7cfc0a8bf1439045a95be8b2\" srcset=\"https:\/\/brtk.net\/wp-content\/uploads\/2025\/04\/07\/850285092.jpg?ver=b7f1cb5f7cfc0a8bf1439045a95be8b2 2560w, https:\/\/brtk.net\/wp-content\/uploads\/2025\/04\/07\/850285092-300x125.jpg?ver=3a56ee81b48d5a65d524f0e91a3f6b0c 300w, https:\/\/brtk.net\/wp-content\/uploads\/2025\/04\/07\/850285092-1024x427.jpg?ver=3a56ee81b48d5a65d524f0e91a3f6b0c 1024w, https:\/\/brtk.net\/wp-content\/uploads\/2025\/04\/07\/850285092-768x320.jpg?ver=3a56ee81b48d5a65d524f0e91a3f6b0c 768w, https:\/\/brtk.net\/wp-content\/uploads\/2025\/04\/07\/850285092-1536x641.jpg?ver=415b787fd34761be4ce8da4f5e837857 1536w, https:\/\/brtk.net\/wp-content\/uploads\/2025\/04\/07\/850285092-2048x854.jpg?ver=598fe144bae591ee62f89c817d441509 2048w\"\/>                            <\/div>\n<p>Cumhurba\u015fkan\u0131 Ersin Tatar, K\u0131br\u0131s T\u00fcrk Esnaf ve Sanatkarlar Merkez Birli\u011fi Ba\u015fkan\u0131 Kemal Altuncuo\u011flu ve beraberindeki heyeti kabul etti.<\/p>\n<p>Cumhurba\u015fkanl\u0131\u011f\u0131\u2019ndan yap\u0131lan a\u00e7\u0131klamaya g\u00f6re, Cumhurba\u015fkan\u0131 Ersin Tatar, esnafa kredi verilmesinin b\u00fcy\u00fck bir hedef oldu\u011funu belirterek, bu hedefin ger\u00e7ekle\u015ftirilmesinden memnuniyet duydu\u011funu, bunun KKTC ekonomisinin kalk\u0131nmas\u0131 i\u00e7in b\u00fcy\u00fck \u00f6nem ta\u015f\u0131d\u0131\u011f\u0131n\u0131 s\u00f6yledi.  <\/p>\n<p>\u0130lgili ba\u011flant\u0131lar ve kredi kooperatifleriyle temaslar\u0131n\u0131n bulundu\u011funu belirten Cumhurba\u015fkan\u0131 Tatar, \u201cT\u00fcrkiye\u2019deki imkanlar\u0131n buraya da aktar\u0131lmas\u0131 noktas\u0131nda sizlerin giri\u015fimleriyle tam destek al\u0131nm\u0131\u015ft\u0131r ve bu destek devam ediyor. Bunlar b\u00fcy\u00fck bir ba\u015far\u0131d\u0131r\u201d dedi. <\/p>\n<p>KKTC\u2019deki sekt\u00f6rlere bak\u0131ld\u0131\u011f\u0131nda d\u00fcnyadaki olumsuzluklara ra\u011fmen T\u00fcrkiye\u2019nin ba\u015far\u0131s\u0131n\u0131n buraya da yans\u0131d\u0131\u011f\u0131n\u0131 kaydeden Cumhurba\u015fkan\u0131 Tatar, \u00fclkede farkl\u0131 yerlerde hastanelerin yap\u0131lmakta oldu\u011funu, karayollar\u0131n\u0131n yap\u0131lanmas\u0131 i\u00e7in \u00e7al\u0131\u015fmalar\u0131n yap\u0131ld\u0131\u011f\u0131n\u0131, KKTC\u2019nin her \u015feye ra\u011fmen farkl\u0131 alanlarda geli\u015fmeye devam etti\u011fini belirtti. <\/p>\n<p>\u0130ki devletin i\u015f birli\u011fi ile bir\u00e7ok konunun devletten devlete konu\u015fulabilece\u011fini dile getirmeye devam ettiklerini dile getiren Cumhurba\u015fkan\u0131 Tatar, iki devlet siyaseti s\u00fcrerken KKTC\u2019nin \u00e7e\u015fitli alanlarda geli\u015fmeye devam etti\u011fini kaydetti. <\/p>\n<p>Bar\u0131\u015f, huzur ve g\u00fcvenli\u011fin devam\u0131n\u0131n d\u00fcnyadaki sava\u015flara bak\u0131ld\u0131\u011f\u0131nda ne kadar \u00f6nemli oldu\u011funu bir kez daha g\u00f6zler \u00f6n\u00fcne serdi\u011fini ifade eden Cumhurba\u015fkan\u0131 Tatar, T\u00fcrk askerinin varl\u0131\u011f\u0131n\u0131n cayd\u0131r\u0131c\u0131 g\u00fc\u00e7 olarak devam\u0131n\u0131n ve T\u00fcrkiye\u2019nin garant\u00f6rl\u00fc\u011f\u00fcn\u00fcn \u00f6nemini vurgulad\u0131. <\/p>\n<p>K\u0131br\u0131s T\u00fcrk Esnaf ve Sanatkarlar Merkez Birli\u011fi Ba\u015fkan\u0131 Kemal Altuncuo\u011flu da, esnaf kredileri ve faiz oranlar\u0131 ile ilgili yap\u0131lan \u00e7al\u0131\u015fmalar hakk\u0131nda bilgi verdi.<\/p>\n<\/p><\/div>\n<p><script async\n                    defer\n                    crossorigin=\"anonymous\"\n                    src=\"https:\/\/connect.facebook.net\/tr_TR\/sdk.js#xfbml=1&#038;version=v3.3\"\n            ><\/script><br \/>\n<br \/><br \/>\n<br \/><a href=\"https:\/\/brtk.net\/cumhurbaskani-tatar-esnaf-ve-sanatkarlar-merkez-birligi-heyetini-kabul-etti\/\">Kaynak BRT <\/a><\/p>\n","protected":false},"excerpt":{"rendered":"<p>Cumhurba\u015fkan\u0131 Ersin Tatar, K\u0131br\u0131s T\u00fcrk Esnaf ve Sanatkarlar Merkez Birli\u011fi Ba\u015fkan\u0131 Kemal Altuncuo\u011flu ve beraberindeki heyeti kabul etti. Cumhurba\u015fkanl\u0131\u011f\u0131\u2019ndan yap\u0131lan a\u00e7\u0131klamaya g\u00f6re, Cumhurba\u015fkan\u0131 Ersin Tatar, esnafa kredi verilmesinin b\u00fcy\u00fck bir hedef oldu\u011funu belirterek, bu hedefin ger\u00e7ekle\u015ftirilmesinden memnuniyet duydu\u011funu, bunun KKTC ekonomisinin kalk\u0131nmas\u0131 i\u00e7in b\u00fcy\u00fck \u00f6nem ta\u015f\u0131d\u0131\u011f\u0131n\u0131 s\u00f6yledi. \u0130lgili ba\u011flant\u0131lar ve kredi kooperatifleriyle temaslar\u0131n\u0131n bulundu\u011funu belirten [&hellip;]<\/p>\n","protected":false},"author":908,"featured_media":22158,"comment_status":"open","ping_status":"open","sticky":false,"template":"","format":"standard","meta":{"advanced_seo_description":"","jetpack_seo_html_title":"","jetpack_seo_noindex":false,"jetpack_seo_schema_type":"","_jetpack_newsletter_access":"","_jetpack_dont_email_post_to_subs":false,"_jetpack_newsletter_tier_id":0,"_jetpack_memberships_contains_paywalled_content":false,"_jetpack_feature_clip_id":0,"_jetpack_memberships_contains_paid_content":false,"footnotes":"","jetpack_publicize_message":"","jetpack_publicize_feature_enabled":true,"jetpack_social_post_already_shared":true,"jetpack_social_options":{"image_generator_settings":{"template":"highway","default_image_id":0,"font":"","enabled":false},"version":2},"jetpack_post_was_ever_published":false},"categories":[253],"tags":[],"class_list":["post-22157","post","type-post","status-publish","format-standard","has-post-thumbnail","hentry","category-gundem"],"jetpack_publicize_connections":[],"jetpack_featured_media_url":"https:\/\/kibrisayna.com\/wp-content\/uploads\/2025\/04\/850285092.jpg","jetpack_sharing_enabled":true,"_links":{"self":[{"href":"https:\/\/kibrisayna.com\/index.php\/wp-json\/wp\/v2\/posts\/22157","targetHints":{"allow":["GET"]}}],"collection":[{"href":"https:\/\/kibrisayna.com\/index.php\/wp-json\/wp\/v2\/posts"}],"about":[{"href":"https:\/\/kibrisayna.com\/index.php\/wp-json\/wp\/v2\/types\/post"}],"author":[{"embeddable":true,"href":"https:\/\/kibrisayna.com\/index.php\/wp-json\/wp\/v2\/users\/908"}],"replies":[{"embeddable":true,"href":"https:\/\/kibrisayna.com\/index.php\/wp-json\/wp\/v2\/comments?post=22157"}],"version-history":[{"count":0,"href":"https:\/\/kibrisayna.com\/index.php\/wp-json\/wp\/v2\/posts\/22157\/revisions"}],"wp:featuredmedia":[{"embeddable":true,"href":"https:\/\/kibrisayna.com\/index.php\/wp-json\/wp\/v2\/media\/22158"}],"wp:attachment":[{"href":"https:\/\/kibrisayna.com\/index.php\/wp-json\/wp\/v2\/media?parent=22157"}],"wp:term":[{"taxonomy":"category","embeddable":true,"href":"https:\/\/kibrisayna.com\/index.php\/wp-json\/wp\/v2\/categories?post=22157"},{"taxonomy":"post_tag","embeddable":true,"href":"https:\/\/kibrisayna.com\/index.php\/wp-json\/wp\/v2\/tags?post=22157"}],"curies":[{"name":"wp","href":"https:\/\/api.w.org\/{rel}","templated":true}]}}