{"id":22153,"date":"2025-04-07T17:16:28","date_gmt":"2025-04-07T14:16:28","guid":{"rendered":"https:\/\/kibrisayna.com\/index.php\/2025\/04\/07\/ozturklertosunoglu-istifasini-cuma-gunu-sundu-nihai-karar-genel-kurulda-verilecek-brtk\/"},"modified":"2025-04-07T17:16:28","modified_gmt":"2025-04-07T14:16:28","slug":"ozturklertosunoglu-istifasini-cuma-gunu-sundu-nihai-karar-genel-kurulda-verilecek-brtk","status":"publish","type":"post","link":"https:\/\/kibrisayna.com\/index.php\/2025\/04\/07\/ozturklertosunoglu-istifasini-cuma-gunu-sundu-nihai-karar-genel-kurulda-verilecek-brtk\/","title":{"rendered":"\u00d6zt\u00fcrkler:Tosuno\u011flu istifas\u0131n\u0131 cuma g\u00fcn\u00fc sundu\u2026 Nihai karar Genel Kurul\u2019da verilecek \u2013 BRTK"},"content":{"rendered":"<p> <br \/>\n<\/p>\n<div>\n<div class=\"mariselle-image-container center\">\n                <img loading=\"lazy\" decoding=\"async\" width=\"1600\" height=\"1066\" class=\"lazy-image\" alt=\"\" sizes=\"auto, (max-width: 1600px) 100vw, 1600px\" src=\"https:\/\/brtk.net\/wp-content\/uploads\/2024\/11\/19\/ziya2.jpeg?ver=7c91014a7517804f9e687ad7951843de\" srcset=\"https:\/\/brtk.net\/wp-content\/uploads\/2024\/11\/19\/ziya2.jpeg?ver=7c91014a7517804f9e687ad7951843de 1600w, https:\/\/brtk.net\/wp-content\/uploads\/2024\/11\/19\/ziya2-300x200.jpeg?ver=f4064b1b60259f49891fabbc452fa1ec 300w, https:\/\/brtk.net\/wp-content\/uploads\/2024\/11\/19\/ziya2-1024x682.jpeg?ver=f4064b1b60259f49891fabbc452fa1ec 1024w, https:\/\/brtk.net\/wp-content\/uploads\/2024\/11\/19\/ziya2-768x512.jpeg?ver=f4064b1b60259f49891fabbc452fa1ec 768w, https:\/\/brtk.net\/wp-content\/uploads\/2024\/11\/19\/ziya2-1536x1023.jpeg?ver=22997fed915ef5dcd7ba7f98e6aab778 1536w\"\/>                            <\/div>\n<p>Ba\u011f\u0131ms\u0131z Milletvekili Hasan Tosuno\u011flu istifas\u0131n\u0131 Meclis Ba\u015fkanl\u0131\u011f\u0131\u2019na sundu.<\/p>\n<p>T\u00fcrk Ajans\u0131 K\u0131br\u0131s\u2019a (TAK) konu\u015fan Meclis Ba\u015fkan\u0131 Ziya \u00d6zt\u00fcrkler, Hasan Tosuno\u011flu\u2019nun istifa dilek\u00e7esini Cuma g\u00fcn\u00fc Meclis Ba\u015fkanl\u0131\u011f\u0131\u2019na sundu\u011funu ancak istifayla ilgili nihai karar\u0131n Cumhuriyet Meclisi Genel Kurulu\u2019nda verilece\u011fini kaydetti.<\/p>\n<p>\u00d6zt\u00fcrkler, Ba\u015fsavc\u0131l\u0131\u011f\u0131n Tosuno\u011flu\u2019nun yasama dokunulmazl\u0131\u011f\u0131n\u0131n kald\u0131r\u0131lmas\u0131yla ilgili dosyay\u0131 da Cuma g\u00fcn\u00fc Meclis\u2019e iletti\u011fini a\u00e7\u0131klad\u0131.<\/p>\n<p><em>-\u201cNihai karar Genel Kurul\u2019da verilecek\u201d<\/em><\/p>\n<p>\u0130zlenecek prosed\u00fcrle ilgili bilgi veren \u00d6zt\u00fcrkler, Meclis \u0130\u00e7t\u00fcz\u00fc\u011f\u00fc\u2019n\u00fcn 132\u2019nci maddesine g\u00f6re milletvekilinin g\u00f6revden \u00e7ekilme isteminin ger\u00e7ekli\u011fini saptayacak Ba\u015fkanl\u0131k Divan\u0131\u2019n\u0131n milletvekilini divan toplant\u0131s\u0131na \u00e7a\u011f\u0131r\u0131p dinleyece\u011fini s\u00f6yledi.<\/p>\n<p>Nihai karar\u0131n Genel Kurul\u2019da verilece\u011fini yineleyen Ziya \u00d6zt\u00fcrkler, istifan\u0131n ge\u00e7erli olabilmesi i\u00e7in Genel Kurul toplant\u0131s\u0131na kat\u0131lan milletvekillerinin salt \u00e7o\u011funlu\u011funun \u201ckabul\u201d oyu vermesi gerekti\u011fini s\u00f6yledi. \u00d6zt\u00fcrkler, oylaman\u0131n a\u00e7\u0131k yap\u0131laca\u011f\u0131n\u0131 da kaydetti.<\/p>\n<p><em>-Tosuno\u011flu\u2019nun dokunulmazl\u0131\u011f\u0131n\u0131n kald\u0131r\u0131lmas\u0131yla ilgili dosya da Meclis\u2019te<\/em><\/p>\n<p>Ba\u015fsavc\u0131l\u0131\u011f\u0131n Hasan Tosuno\u011flu\u2019nun dokunulmazl\u0131\u011f\u0131n\u0131n kald\u0131r\u0131lmas\u0131yla ilgili dosyay\u0131 Cuma g\u00fcn\u00fc Meclis\u2019e ula\u015ft\u0131rd\u0131\u011f\u0131n\u0131 belirten \u00d6zt\u00fcrkler, bunu milletvekillerinin de bilgisine getirdiklerini ifade etti.<\/p>\n<p><em>-Kurullar toplant\u0131ya \u00e7a\u011fr\u0131ld\u0131<\/em><\/p>\n<p>Divan ve dan\u0131\u015fma kurullar\u0131n\u0131n bug\u00fcn toplant\u0131ya \u00e7a\u011fr\u0131ld\u0131\u011f\u0131n\u0131 kaydeden \u00d6zt\u00fcrkler, siyasi partilerden Tosuno\u011flu\u2019nun yasama dokunulmazl\u0131\u011f\u0131n\u0131 kald\u0131rma istemini incelemek \u00fczere olu\u015fturulacak komitede yer alacak isimleri Meclis\u2019e iletmesini talep ettiklerini s\u00f6yledi.<\/p>\n<p><em>-Tosuno\u011flu 2022 erken genel se\u00e7iminde DP Lefko\u015fa milletvekili se\u00e7ilmi\u015fti<\/em><\/p>\n<p>Hasan Tosuno\u011flu, 23 Ocak 2022\u2019de yap\u0131lan milletvekilli\u011fi erken genel se\u00e7iminde Demokrat Parti\u2019den Lefko\u015fa Milletvekili se\u00e7ilmi\u015f, 7 \u015eubat 2022\u2019de yemin ederek g\u00f6reve ba\u015flam\u0131\u015ft\u0131. Tosuno\u011flu, 25 Kas\u0131m 2024\u2019te Demokrat Parti\u2019den istifa ederek ba\u011f\u0131ms\u0131z milletvekili olmu\u015ftu.<\/p>\n<\/p><\/div>\n<p><script async\n                    defer\n                    crossorigin=\"anonymous\"\n                    src=\"https:\/\/connect.facebook.net\/tr_TR\/sdk.js#xfbml=1&#038;version=v3.3\"\n            ><\/script><br \/>\n<br \/><br \/>\n<br \/><a href=\"https:\/\/brtk.net\/ozturklertosunoglu-istifasini-cuma-gunu-sundu-nihai-karar-genel-kurulda-verilecek\/\">Kaynak BRT <\/a><\/p>\n","protected":false},"excerpt":{"rendered":"<p>Ba\u011f\u0131ms\u0131z Milletvekili Hasan Tosuno\u011flu istifas\u0131n\u0131 Meclis Ba\u015fkanl\u0131\u011f\u0131\u2019na sundu. T\u00fcrk Ajans\u0131 K\u0131br\u0131s\u2019a (TAK) konu\u015fan Meclis Ba\u015fkan\u0131 Ziya \u00d6zt\u00fcrkler, Hasan Tosuno\u011flu\u2019nun istifa dilek\u00e7esini Cuma g\u00fcn\u00fc Meclis Ba\u015fkanl\u0131\u011f\u0131\u2019na sundu\u011funu ancak istifayla ilgili nihai karar\u0131n Cumhuriyet Meclisi Genel Kurulu\u2019nda verilece\u011fini kaydetti. \u00d6zt\u00fcrkler, Ba\u015fsavc\u0131l\u0131\u011f\u0131n Tosuno\u011flu\u2019nun yasama dokunulmazl\u0131\u011f\u0131n\u0131n kald\u0131r\u0131lmas\u0131yla ilgili dosyay\u0131 da Cuma g\u00fcn\u00fc Meclis\u2019e iletti\u011fini a\u00e7\u0131klad\u0131. -\u201cNihai karar Genel Kurul\u2019da [&hellip;]<\/p>\n","protected":false},"author":908,"featured_media":22154,"comment_status":"open","ping_status":"open","sticky":false,"template":"","format":"standard","meta":{"advanced_seo_description":"","jetpack_seo_html_title":"","jetpack_seo_noindex":false,"jetpack_seo_schema_type":"","_jetpack_newsletter_access":"","_jetpack_dont_email_post_to_subs":false,"_jetpack_newsletter_tier_id":0,"_jetpack_memberships_contains_paywalled_content":false,"_jetpack_feature_clip_id":0,"_jetpack_memberships_contains_paid_content":false,"footnotes":"","jetpack_publicize_message":"","jetpack_publicize_feature_enabled":true,"jetpack_social_post_already_shared":true,"jetpack_social_options":{"image_generator_settings":{"template":"highway","default_image_id":0,"font":"","enabled":false},"version":2},"jetpack_post_was_ever_published":false},"categories":[253],"tags":[],"class_list":["post-22153","post","type-post","status-publish","format-standard","has-post-thumbnail","hentry","category-gundem"],"jetpack_publicize_connections":[],"jetpack_featured_media_url":"https:\/\/kibrisayna.com\/wp-content\/uploads\/2025\/04\/ziya2.jpeg","jetpack_sharing_enabled":true,"_links":{"self":[{"href":"https:\/\/kibrisayna.com\/index.php\/wp-json\/wp\/v2\/posts\/22153","targetHints":{"allow":["GET"]}}],"collection":[{"href":"https:\/\/kibrisayna.com\/index.php\/wp-json\/wp\/v2\/posts"}],"about":[{"href":"https:\/\/kibrisayna.com\/index.php\/wp-json\/wp\/v2\/types\/post"}],"author":[{"embeddable":true,"href":"https:\/\/kibrisayna.com\/index.php\/wp-json\/wp\/v2\/users\/908"}],"replies":[{"embeddable":true,"href":"https:\/\/kibrisayna.com\/index.php\/wp-json\/wp\/v2\/comments?post=22153"}],"version-history":[{"count":0,"href":"https:\/\/kibrisayna.com\/index.php\/wp-json\/wp\/v2\/posts\/22153\/revisions"}],"wp:featuredmedia":[{"embeddable":true,"href":"https:\/\/kibrisayna.com\/index.php\/wp-json\/wp\/v2\/media\/22154"}],"wp:attachment":[{"href":"https:\/\/kibrisayna.com\/index.php\/wp-json\/wp\/v2\/media?parent=22153"}],"wp:term":[{"taxonomy":"category","embeddable":true,"href":"https:\/\/kibrisayna.com\/index.php\/wp-json\/wp\/v2\/categories?post=22153"},{"taxonomy":"post_tag","embeddable":true,"href":"https:\/\/kibrisayna.com\/index.php\/wp-json\/wp\/v2\/tags?post=22153"}],"curies":[{"name":"wp","href":"https:\/\/api.w.org\/{rel}","templated":true}]}}