{"id":21991,"date":"2025-04-06T10:02:45","date_gmt":"2025-04-06T07:02:45","guid":{"rendered":"https:\/\/kibrisayna.com\/index.php\/2025\/04\/06\/denizlide-feci-kaza-iki-arac-kafa-kafaya-carpisti-son-dakika-turkiye-haberleri\/"},"modified":"2025-04-06T10:02:45","modified_gmt":"2025-04-06T07:02:45","slug":"denizlide-feci-kaza-iki-arac-kafa-kafaya-carpisti-son-dakika-turkiye-haberleri","status":"publish","type":"post","link":"https:\/\/kibrisayna.com\/index.php\/2025\/04\/06\/denizlide-feci-kaza-iki-arac-kafa-kafaya-carpisti-son-dakika-turkiye-haberleri\/","title":{"rendered":"Denizli&#8217;de feci kaza: \u0130ki ara\u00e7 kafa kafaya \u00e7arp\u0131\u015ft\u0131 &#8211; Son Dakika T\u00fcrkiye Haberleri"},"content":{"rendered":"<p> <br \/>\n<\/p>\n<div>\n<p><a href=\"https:\/\/www.ntv.com.tr\/denizli\" target=\"_blank\" rel=\"tag noopener\">Denizli<\/a>&#8216;nin Buldan il\u00e7esinde hen\u00fcz plakas\u0131 belirlenemeyen otomobil s\u00fcr\u00fcc\u00fcs\u00fc Manisa istikametinden Denizli istikametine giderken direksiyon hakimiyetini kaybetmesi sonucu kar\u015f\u0131 \u015feride ge\u00e7erek Denizli istikametinden Manisa istikametine gitmekte olan otomobil ile kafa kafaya \u00e7arp\u0131\u015ft\u0131.<\/p>\n<p>Kazay\u0131 g\u00f6ren \u00e7evredeki vatanda\u015flar\u0131n ihbar\u0131 \u00fczerine b\u00f6lgeye jandarma, itfaiye ve sa\u011fl\u0131k ekipleri sevk edildi.<\/p>\n<p><strong>D\u00d6RT K\u0130\u015e\u0130 YARALANDI<\/strong><\/p>\n<p>B\u00f6lgeye gelen sa\u011fl\u0131k ekipler kazada yaralanan Y.A. , A.A. , \u0130.T. ve \u0130.F.T. olay yerinde ilk m\u00fcdahalelerin ard\u0131ndan en yak\u0131n hastaneye ambulans ile sevk etti. Kaza sonucu iki ara\u00e7 hurdaya d\u00f6nerken yaral\u0131lar\u0131n hayati tehlikesi olmad\u0131\u011f\u0131 \u00f6\u011frenildi.<\/p>\n<p><strong>SORU\u015eTURMA BA\u015eLATILDI<\/strong><\/p>\n<p>\u00d6te yandan kazayla ilgili soru\u015fturma ba\u015flat\u0131ld\u0131.<\/p>\n<\/div>\n<p><br \/>\n<br \/><a href=\"https:\/\/www.ntv.com.tr\/turkiye\/denizlide-feci-kaza-iki-arac-kafa-kafaya-carpisti,DFaSq9gfjEme_24aThTI4w\"><\/a><\/p>\n","protected":false},"excerpt":{"rendered":"<p>Denizli&#8216;nin Buldan il\u00e7esinde hen\u00fcz plakas\u0131 belirlenemeyen otomobil s\u00fcr\u00fcc\u00fcs\u00fc Manisa istikametinden Denizli istikametine giderken direksiyon hakimiyetini kaybetmesi sonucu kar\u015f\u0131 \u015feride ge\u00e7erek Denizli istikametinden Manisa istikametine gitmekte olan otomobil ile kafa kafaya \u00e7arp\u0131\u015ft\u0131. Kazay\u0131 g\u00f6ren \u00e7evredeki vatanda\u015flar\u0131n ihbar\u0131 \u00fczerine b\u00f6lgeye jandarma, itfaiye ve sa\u011fl\u0131k ekipleri sevk edildi. D\u00d6RT K\u0130\u015e\u0130 YARALANDI B\u00f6lgeye gelen sa\u011fl\u0131k ekipler kazada yaralanan Y.A. [&hellip;]<\/p>\n","protected":false},"author":908,"featured_media":21992,"comment_status":"open","ping_status":"open","sticky":false,"template":"","format":"standard","meta":{"advanced_seo_description":"","jetpack_seo_html_title":"","jetpack_seo_noindex":false,"jetpack_seo_schema_type":"","_jetpack_newsletter_access":"","_jetpack_dont_email_post_to_subs":false,"_jetpack_newsletter_tier_id":0,"_jetpack_memberships_contains_paywalled_content":false,"_jetpack_feature_clip_id":0,"_jetpack_memberships_contains_paid_content":false,"footnotes":"","jetpack_publicize_message":"","jetpack_publicize_feature_enabled":true,"jetpack_social_post_already_shared":true,"jetpack_social_options":{"image_generator_settings":{"template":"highway","default_image_id":0,"font":"","enabled":false},"version":2},"jetpack_post_was_ever_published":false},"categories":[13],"tags":[],"class_list":["post-21991","post","type-post","status-publish","format-standard","has-post-thumbnail","hentry","category-otomobil"],"jetpack_publicize_connections":[],"jetpack_featured_media_url":"https:\/\/kibrisayna.com\/wp-content\/uploads\/2025\/04\/L1sTAMb-1km2Ykbb5B7x9Q.jpg","jetpack_sharing_enabled":true,"_links":{"self":[{"href":"https:\/\/kibrisayna.com\/index.php\/wp-json\/wp\/v2\/posts\/21991","targetHints":{"allow":["GET"]}}],"collection":[{"href":"https:\/\/kibrisayna.com\/index.php\/wp-json\/wp\/v2\/posts"}],"about":[{"href":"https:\/\/kibrisayna.com\/index.php\/wp-json\/wp\/v2\/types\/post"}],"author":[{"embeddable":true,"href":"https:\/\/kibrisayna.com\/index.php\/wp-json\/wp\/v2\/users\/908"}],"replies":[{"embeddable":true,"href":"https:\/\/kibrisayna.com\/index.php\/wp-json\/wp\/v2\/comments?post=21991"}],"version-history":[{"count":0,"href":"https:\/\/kibrisayna.com\/index.php\/wp-json\/wp\/v2\/posts\/21991\/revisions"}],"wp:featuredmedia":[{"embeddable":true,"href":"https:\/\/kibrisayna.com\/index.php\/wp-json\/wp\/v2\/media\/21992"}],"wp:attachment":[{"href":"https:\/\/kibrisayna.com\/index.php\/wp-json\/wp\/v2\/media?parent=21991"}],"wp:term":[{"taxonomy":"category","embeddable":true,"href":"https:\/\/kibrisayna.com\/index.php\/wp-json\/wp\/v2\/categories?post=21991"},{"taxonomy":"post_tag","embeddable":true,"href":"https:\/\/kibrisayna.com\/index.php\/wp-json\/wp\/v2\/tags?post=21991"}],"curies":[{"name":"wp","href":"https:\/\/api.w.org\/{rel}","templated":true}]}}