{"id":21985,"date":"2025-04-05T22:55:57","date_gmt":"2025-04-05T19:55:57","guid":{"rendered":"https:\/\/kibrisayna.com\/index.php\/2025\/04\/05\/u17-erkek-voleybol-takimimiz-ilk-macinda-rakibini-maglup-etti-brtk\/"},"modified":"2025-04-05T22:55:57","modified_gmt":"2025-04-05T19:55:57","slug":"u17-erkek-voleybol-takimimiz-ilk-macinda-rakibini-maglup-etti-brtk","status":"publish","type":"post","link":"https:\/\/kibrisayna.com\/index.php\/2025\/04\/05\/u17-erkek-voleybol-takimimiz-ilk-macinda-rakibini-maglup-etti-brtk\/","title":{"rendered":"U17 Erkek Voleybol Tak\u0131m\u0131m\u0131z, ilk ma\u00e7\u0131nda rakibini ma\u011flup etti \u2013 BRTK"},"content":{"rendered":"<p> <br \/>\n<\/p>\n<div>\n<div class=\"mariselle-image-container none\">\n                <img loading=\"lazy\" decoding=\"async\" width=\"1286\" height=\"741\" class=\"lazy-image\" alt=\"\" sizes=\"auto, (max-width: 1286px) 100vw, 1286px\" src=\"https:\/\/brtk.net\/wp-content\/uploads\/2025\/04\/05\/U17-Erkek-Voleybol.jpeg?ver=f07b0055a2857ce0c23a2f3bb44b0e79\" srcset=\"https:\/\/brtk.net\/wp-content\/uploads\/2025\/04\/05\/U17-Erkek-Voleybol.jpeg?ver=f07b0055a2857ce0c23a2f3bb44b0e79 1286w, https:\/\/brtk.net\/wp-content\/uploads\/2025\/04\/05\/U17-Erkek-Voleybol-300x173.jpeg?ver=f07b0055a2857ce0c23a2f3bb44b0e79 300w, https:\/\/brtk.net\/wp-content\/uploads\/2025\/04\/05\/U17-Erkek-Voleybol-1024x590.jpeg?ver=9f7c66d3ae4431bd99788b3069b48584 1024w, https:\/\/brtk.net\/wp-content\/uploads\/2025\/04\/05\/U17-Erkek-Voleybol-768x443.jpeg?ver=9f7c66d3ae4431bd99788b3069b48584 768w\"\/>                            <\/div>\n<p>Karaman\u2019da d\u00fczenlenen T\u00fcrkiye Y\u0131ld\u0131zlar Voleybol \u015eampiyonas\u0131nda m\u00fccadele eden U17 Erkek Voleybol Tak\u0131m\u0131m\u0131z, ilk ma\u00e7\u0131nda Adana Seyhan Tak\u0131m\u0131\u2019n\u0131 25-13, 25-27, 25-21 ve 25-21\u2019lik setlerle 3-1 ma\u011flup etti\u2026<\/p>\n<p>Bu sonu\u00e7la, Grup Birincili\u011fi \u015fans\u0131n\u0131 art\u0131ran tak\u0131m, ikinci kar\u015f\u0131la\u015fmas\u0131nda yar\u0131n saat 14.00\u2019de Mersin Tarsus Kul\u00fcb\u00fc ile kar\u015f\u0131 kar\u015f\u0131ya gelecek\u2026<br \/>Grubunda birinci olacak tak\u0131m ad\u0131n\u0131 Yar\u0131 Final Grubuna yazd\u0131racak\u2026<br \/>U17 Erkek Voleybol Tak\u0131m\u0131m\u0131z, son ma\u00e7\u0131nda Pazar g\u00fcn\u00fc saat 10.00\u2019da Karaman Spor Lisesi Spor Kul\u00fcb\u00fc ile kar\u015f\u0131la\u015facak\u2026<\/p>\n<p>\u00a0<\/p>\n<\/p><\/div>\n<p><script async\n                    defer\n                    crossorigin=\"anonymous\"\n                    src=\"https:\/\/connect.facebook.net\/tr_TR\/sdk.js#xfbml=1&#038;version=v3.3\"\n            ><\/script><br \/>\n<br \/><br \/>\n<br \/><a href=\"https:\/\/brtk.net\/u17-erkek-voleybol-takimimiz-ilk-macinda-rakibini-maglup-etti\/\">Kaynak BRT <\/a><\/p>\n","protected":false},"excerpt":{"rendered":"<p>Karaman\u2019da d\u00fczenlenen T\u00fcrkiye Y\u0131ld\u0131zlar Voleybol \u015eampiyonas\u0131nda m\u00fccadele eden U17 Erkek Voleybol Tak\u0131m\u0131m\u0131z, ilk ma\u00e7\u0131nda Adana Seyhan Tak\u0131m\u0131\u2019n\u0131 25-13, 25-27, 25-21 ve 25-21\u2019lik setlerle 3-1 ma\u011flup etti\u2026 Bu sonu\u00e7la, Grup Birincili\u011fi \u015fans\u0131n\u0131 art\u0131ran tak\u0131m, ikinci kar\u015f\u0131la\u015fmas\u0131nda yar\u0131n saat 14.00\u2019de Mersin Tarsus Kul\u00fcb\u00fc ile kar\u015f\u0131 kar\u015f\u0131ya gelecek\u2026Grubunda birinci olacak tak\u0131m ad\u0131n\u0131 Yar\u0131 Final Grubuna yazd\u0131racak\u2026U17 Erkek Voleybol [&hellip;]<\/p>\n","protected":false},"author":908,"featured_media":21986,"comment_status":"open","ping_status":"open","sticky":false,"template":"","format":"standard","meta":{"advanced_seo_description":"","jetpack_seo_html_title":"","jetpack_seo_noindex":false,"jetpack_seo_schema_type":"","_jetpack_newsletter_access":"","_jetpack_dont_email_post_to_subs":false,"_jetpack_newsletter_tier_id":0,"_jetpack_memberships_contains_paywalled_content":false,"_jetpack_feature_clip_id":0,"_jetpack_memberships_contains_paid_content":false,"footnotes":"","jetpack_publicize_message":"","jetpack_publicize_feature_enabled":true,"jetpack_social_post_already_shared":true,"jetpack_social_options":{"image_generator_settings":{"template":"highway","default_image_id":0,"font":"","enabled":false},"version":2},"jetpack_post_was_ever_published":false},"categories":[9],"tags":[],"class_list":["post-21985","post","type-post","status-publish","format-standard","has-post-thumbnail","hentry","category-spor"],"jetpack_publicize_connections":[],"jetpack_featured_media_url":"https:\/\/kibrisayna.com\/wp-content\/uploads\/2025\/04\/U17-Erkek-Voleybol.jpeg","jetpack_sharing_enabled":true,"_links":{"self":[{"href":"https:\/\/kibrisayna.com\/index.php\/wp-json\/wp\/v2\/posts\/21985","targetHints":{"allow":["GET"]}}],"collection":[{"href":"https:\/\/kibrisayna.com\/index.php\/wp-json\/wp\/v2\/posts"}],"about":[{"href":"https:\/\/kibrisayna.com\/index.php\/wp-json\/wp\/v2\/types\/post"}],"author":[{"embeddable":true,"href":"https:\/\/kibrisayna.com\/index.php\/wp-json\/wp\/v2\/users\/908"}],"replies":[{"embeddable":true,"href":"https:\/\/kibrisayna.com\/index.php\/wp-json\/wp\/v2\/comments?post=21985"}],"version-history":[{"count":0,"href":"https:\/\/kibrisayna.com\/index.php\/wp-json\/wp\/v2\/posts\/21985\/revisions"}],"wp:featuredmedia":[{"embeddable":true,"href":"https:\/\/kibrisayna.com\/index.php\/wp-json\/wp\/v2\/media\/21986"}],"wp:attachment":[{"href":"https:\/\/kibrisayna.com\/index.php\/wp-json\/wp\/v2\/media?parent=21985"}],"wp:term":[{"taxonomy":"category","embeddable":true,"href":"https:\/\/kibrisayna.com\/index.php\/wp-json\/wp\/v2\/categories?post=21985"},{"taxonomy":"post_tag","embeddable":true,"href":"https:\/\/kibrisayna.com\/index.php\/wp-json\/wp\/v2\/tags?post=21985"}],"curies":[{"name":"wp","href":"https:\/\/api.w.org\/{rel}","templated":true}]}}