{"id":21891,"date":"2025-04-04T16:43:29","date_gmt":"2025-04-04T13:43:29","guid":{"rendered":"https:\/\/kibrisayna.com\/index.php\/2025\/04\/04\/imwf-8-antalyada-basladi-acilisa-basbakan-yardimcisi-ataoglu-da-katildi-brtk\/"},"modified":"2025-04-04T16:43:29","modified_gmt":"2025-04-04T13:43:29","slug":"imwf-8-antalyada-basladi-acilisa-basbakan-yardimcisi-ataoglu-da-katildi-brtk","status":"publish","type":"post","link":"https:\/\/kibrisayna.com\/index.php\/2025\/04\/04\/imwf-8-antalyada-basladi-acilisa-basbakan-yardimcisi-ataoglu-da-katildi-brtk\/","title":{"rendered":"IMWF 8 Antalya\u2019da ba\u015flad\u0131\u2026 A\u00e7\u0131l\u0131\u015fa Ba\u015fbakan Yard\u0131mc\u0131s\u0131 Atao\u011flu da kat\u0131ld\u0131 \u2013 BRTK"},"content":{"rendered":"<p> <br \/>\n<\/p>\n<div>\n<div class=\"mariselle-image-container center\">\n                <img loading=\"lazy\" decoding=\"async\" width=\"2560\" height=\"1707\" class=\"lazy-image\" alt=\"\" sizes=\"auto, (max-width: 2560px) 100vw, 2560px\" src=\"https:\/\/brtk.net\/wp-content\/uploads\/2025\/04\/04\/hgjhgj-scaled.jpg?ver=af753dbbda3707e32a7d1e491d1b239f\" srcset=\"https:\/\/brtk.net\/wp-content\/uploads\/2025\/04\/04\/hgjhgj-scaled.jpg?ver=af753dbbda3707e32a7d1e491d1b239f 2560w, https:\/\/brtk.net\/wp-content\/uploads\/2025\/04\/04\/hgjhgj-300x200.jpg?ver=b31a6d725a3b9d22ad27def5dc092d7b 300w, https:\/\/brtk.net\/wp-content\/uploads\/2025\/04\/04\/hgjhgj-1024x683.jpg?ver=df5a0040d1bfa0325d6dac43b1301f73 1024w, https:\/\/brtk.net\/wp-content\/uploads\/2025\/04\/04\/hgjhgj-768x512.jpg?ver=8abea44a9431e91b6826c9bb532947d7 768w, https:\/\/brtk.net\/wp-content\/uploads\/2025\/04\/04\/hgjhgj-1536x1024.jpg?ver=86fe472fd95c99c372bd481b195ec209 1536w, https:\/\/brtk.net\/wp-content\/uploads\/2025\/04\/04\/hgjhgj-2048x1365.jpg?ver=82e2feac301b99ef24394bb0f698b2d4 2048w\"\/>                            <\/div>\n<p>D\u00fcnyan\u0131n d\u00f6rt bir yan\u0131ndan turizm ve etkinlik sekt\u00f6r\u00fcn\u00fcn liderlerini bir araya getiren 8\u2019inci Uluslararas\u0131 MICE ve D\u00fc\u011f\u00fcn Forumu (IMWF 8), bug\u00fcn Antalya Regnum Carya Otel\u2019de ba\u015flad\u0131. Etkinli\u011fin a\u00e7\u0131l\u0131\u015f\u0131na, Ba\u015fbakan Yard\u0131mc\u0131s\u0131, Turizm, K\u00fclt\u00fcr, Gen\u00e7lik ve \u00c7evre Bakan\u0131 Fikri Atao\u011flu da kat\u0131ld\u0131.<\/p>\n<p>Bakanl\u0131ktan verilen bilgiye g\u00f6re, Atao\u011flu a\u00e7\u0131l\u0131\u015fta yapt\u0131\u011f\u0131 konu\u015fmada, turizmin \u00fclkeler aras\u0131ndaki ba\u011flar\u0131 g\u00fc\u00e7lendiren ve ekonomik kalk\u0131nmaya ivme kazand\u0131ran bir sekt\u00f6r oldu\u011funu vurgulad\u0131.<\/p>\n<p>-\u201cKKTC ideal bir destinasyon\u201d<\/p>\n<p>KKTC\u2019nin sahip oldu\u011fu do\u011fal g\u00fczellikler ve k\u00fclt\u00fcrel mirasla uluslararas\u0131 organizasyonlar i\u00e7in ideal bir destinasyon oldu\u011funu belirten Atao\u011flu, \u201cKuzey K\u0131br\u0131s olarak, d\u00fcnya turizm sahnesinde daha g\u00fc\u00e7l\u00fc bir yer edinmeye kararl\u0131y\u0131z\u201d dedi. Atao\u011flu, gen\u00e7lerin ve \u00e7evre dostu projelerin turizmin gelece\u011finde kilit rol oynayaca\u011f\u0131na da dikkat \u00e7ekti.<\/p>\n<p>Yo\u011fun kat\u0131l\u0131mla ger\u00e7ekle\u015ftirilen, panellerin de yap\u0131laca\u011f\u0131 IMWF 8, be\u015f g\u00fcn boyunca devam edecek.<\/p>\n<\/p><\/div>\n<p><script async\n                    defer\n                    crossorigin=\"anonymous\"\n                    src=\"https:\/\/connect.facebook.net\/tr_TR\/sdk.js#xfbml=1&#038;version=v3.3\"\n            ><\/script><br \/>\n<br \/><br \/>\n<br \/><a href=\"https:\/\/brtk.net\/imwf-8-antalyada-basladi-acilisa-basbakan-yardimcisi-ataoglu-da-katildi\/\">Kaynak BRT <\/a><\/p>\n","protected":false},"excerpt":{"rendered":"<p>D\u00fcnyan\u0131n d\u00f6rt bir yan\u0131ndan turizm ve etkinlik sekt\u00f6r\u00fcn\u00fcn liderlerini bir araya getiren 8\u2019inci Uluslararas\u0131 MICE ve D\u00fc\u011f\u00fcn Forumu (IMWF 8), bug\u00fcn Antalya Regnum Carya Otel\u2019de ba\u015flad\u0131. Etkinli\u011fin a\u00e7\u0131l\u0131\u015f\u0131na, Ba\u015fbakan Yard\u0131mc\u0131s\u0131, Turizm, K\u00fclt\u00fcr, Gen\u00e7lik ve \u00c7evre Bakan\u0131 Fikri Atao\u011flu da kat\u0131ld\u0131. Bakanl\u0131ktan verilen bilgiye g\u00f6re, Atao\u011flu a\u00e7\u0131l\u0131\u015fta yapt\u0131\u011f\u0131 konu\u015fmada, turizmin \u00fclkeler aras\u0131ndaki ba\u011flar\u0131 g\u00fc\u00e7lendiren ve ekonomik [&hellip;]<\/p>\n","protected":false},"author":908,"featured_media":21892,"comment_status":"open","ping_status":"open","sticky":false,"template":"","format":"standard","meta":{"advanced_seo_description":"","jetpack_seo_html_title":"","jetpack_seo_noindex":false,"jetpack_seo_schema_type":"","_jetpack_newsletter_access":"","_jetpack_dont_email_post_to_subs":false,"_jetpack_newsletter_tier_id":0,"_jetpack_memberships_contains_paywalled_content":false,"_jetpack_feature_clip_id":0,"_jetpack_memberships_contains_paid_content":false,"footnotes":"","jetpack_publicize_message":"","jetpack_publicize_feature_enabled":true,"jetpack_social_post_already_shared":true,"jetpack_social_options":{"image_generator_settings":{"template":"highway","default_image_id":0,"font":"","enabled":false},"version":2},"jetpack_post_was_ever_published":false},"categories":[253],"tags":[],"class_list":["post-21891","post","type-post","status-publish","format-standard","has-post-thumbnail","hentry","category-gundem"],"jetpack_publicize_connections":[],"jetpack_featured_media_url":"https:\/\/kibrisayna.com\/wp-content\/uploads\/2025\/04\/hgjhgj-scaled.jpg","jetpack_sharing_enabled":true,"_links":{"self":[{"href":"https:\/\/kibrisayna.com\/index.php\/wp-json\/wp\/v2\/posts\/21891","targetHints":{"allow":["GET"]}}],"collection":[{"href":"https:\/\/kibrisayna.com\/index.php\/wp-json\/wp\/v2\/posts"}],"about":[{"href":"https:\/\/kibrisayna.com\/index.php\/wp-json\/wp\/v2\/types\/post"}],"author":[{"embeddable":true,"href":"https:\/\/kibrisayna.com\/index.php\/wp-json\/wp\/v2\/users\/908"}],"replies":[{"embeddable":true,"href":"https:\/\/kibrisayna.com\/index.php\/wp-json\/wp\/v2\/comments?post=21891"}],"version-history":[{"count":0,"href":"https:\/\/kibrisayna.com\/index.php\/wp-json\/wp\/v2\/posts\/21891\/revisions"}],"wp:featuredmedia":[{"embeddable":true,"href":"https:\/\/kibrisayna.com\/index.php\/wp-json\/wp\/v2\/media\/21892"}],"wp:attachment":[{"href":"https:\/\/kibrisayna.com\/index.php\/wp-json\/wp\/v2\/media?parent=21891"}],"wp:term":[{"taxonomy":"category","embeddable":true,"href":"https:\/\/kibrisayna.com\/index.php\/wp-json\/wp\/v2\/categories?post=21891"},{"taxonomy":"post_tag","embeddable":true,"href":"https:\/\/kibrisayna.com\/index.php\/wp-json\/wp\/v2\/tags?post=21891"}],"curies":[{"name":"wp","href":"https:\/\/api.w.org\/{rel}","templated":true}]}}