{"id":21889,"date":"2025-04-04T15:21:49","date_gmt":"2025-04-04T12:21:49","guid":{"rendered":"https:\/\/kibrisayna.com\/index.php\/2025\/04\/04\/yavuz-cikarma-plaji-ve-ozgurluk-milli-parki-bolgelerinin-acik-hava-muzesine-donusturulme-projesi-devam-ediyor-brtk\/"},"modified":"2025-04-04T15:21:49","modified_gmt":"2025-04-04T12:21:49","slug":"yavuz-cikarma-plaji-ve-ozgurluk-milli-parki-bolgelerinin-acik-hava-muzesine-donusturulme-projesi-devam-ediyor-brtk","status":"publish","type":"post","link":"https:\/\/kibrisayna.com\/index.php\/2025\/04\/04\/yavuz-cikarma-plaji-ve-ozgurluk-milli-parki-bolgelerinin-acik-hava-muzesine-donusturulme-projesi-devam-ediyor-brtk\/","title":{"rendered":"Yavuz \u00c7\u0131karma Plaj\u0131 ve \u00d6zg\u00fcrl\u00fck Milli Park\u0131 b\u00f6lgelerinin a\u00e7\u0131k hava m\u00fczesine d\u00f6n\u00fc\u015ft\u00fcr\u00fclme projesi devam ediyor \u2013 BRTK"},"content":{"rendered":"<p> <br \/>\n<\/p>\n<div>\n<div class=\"mariselle-image-container center\">\n                <img loading=\"lazy\" decoding=\"async\" width=\"1053\" height=\"645\" class=\"lazy-image\" alt=\"\" sizes=\"auto, (max-width: 1053px) 100vw, 1053px\" src=\"https:\/\/brtk.net\/wp-content\/uploads\/2025\/04\/04\/cikarma-plaji.jpg?ver=5b8879b6cac7bcc70d6a8d975b160dd5\" srcset=\"https:\/\/brtk.net\/wp-content\/uploads\/2025\/04\/04\/cikarma-plaji.jpg?ver=5b8879b6cac7bcc70d6a8d975b160dd5 1053w, https:\/\/brtk.net\/wp-content\/uploads\/2025\/04\/04\/cikarma-plaji-300x184.jpg?ver=44b722353450a7bf2a1808b06889bba7 300w, https:\/\/brtk.net\/wp-content\/uploads\/2025\/04\/04\/cikarma-plaji-1024x627.jpg?ver=44b722353450a7bf2a1808b06889bba7 1024w, https:\/\/brtk.net\/wp-content\/uploads\/2025\/04\/04\/cikarma-plaji-768x470.jpg?ver=44b722353450a7bf2a1808b06889bba7 768w\"\/>                            <\/div>\n<p>K\u0131br\u0131s Vak\u0131flar \u0130daresi, Yavuz \u00c7\u0131karma Plaj\u0131 ve \u00d6zg\u00fcrl\u00fck Milli Park\u0131 b\u00f6lgelerinin a\u00e7\u0131k hava m\u00fczesine d\u00f6n\u00fc\u015ft\u00fcr\u00fclme projesinin devam etti\u011fini a\u00e7\u0131klad\u0131.<\/p>\n<p>K\u0131br\u0131s Vak\u0131flar \u0130daresi\u2019nden yap\u0131lan a\u00e7\u0131klamada, son g\u00fcnlerde bas\u0131nda yer alan iddialara kar\u015f\u0131 toplumu do\u011fru bilgilendirmek amac\u0131yla cevap vermenin gereklili\u011finin do\u011fdu\u011fu kaydedildi.<\/p>\n<p>A\u00e7\u0131klamada, Yavuz \u00c7\u0131karma Plaj\u0131 ve \u00d6zg\u00fcrl\u00fck Milli Park\u0131\u2019n\u0131n tarihe yak\u0131\u015f\u0131r bir a\u00e7\u0131k hava m\u00fczesi haline d\u00f6n\u00fc\u015ft\u00fcr\u00fclmesi kapsam\u0131nda ba\u015flat\u0131lan \u00e7al\u0131\u015fmalar\u0131n K\u0131br\u0131s Vak\u0131flar \u0130daresi ve K\u0131br\u0131s T\u00fcrk Bar\u0131\u015f Kuvvetleri Komutanl\u0131\u011f\u0131\u2019n\u0131n koordineli \u00e7al\u0131\u015fmalar\u0131yla kararl\u0131l\u0131kla ilerledi\u011fi belirtildi.<\/p>\n<p>Bu s\u00fcre\u00e7te, plaj alan\u0131n\u0131n y\u00f6netimi ve in\u015faat izinleri konusunda K\u0131br\u0131s Vak\u0131flar \u0130daresi\u2019nin onay mercii olmad\u0131\u011f\u0131 kaydedilen a\u00e7\u0131klamada \u015fu ifadelere yer verildi:<\/p>\n<p>\u201cB\u00f6lgenin mevcut tarihi dokusuna ve manevi ruhuna ayk\u0131r\u0131 \u015fekilde bulunan mevcut tesis ve di\u011fer yap\u0131lar\u0131n b\u00f6lgeden tahliyesinin sa\u011flanmas\u0131n\u0131 \u00f6nlemek amac\u0131yla da ilgili t\u00fcm makamlara gerekli uyar\u0131 ve yaz\u0131lar iletilmi\u015ftir.<\/p>\n<p>Ger\u00e7e\u011fin bilinmesi \u00fczerine \u00f6ne s\u00fcr\u00fclen as\u0131ls\u0131z iddialar\u0131n, toplumumuz taraf\u0131ndan do\u011fru bir \u015fekilde anla\u015f\u0131ld\u0131\u011f\u0131ndan eminiz. Bu iddialar, yaln\u0131zca \u00fclke g\u00fcndemini me\u015fgul etmekle kalmay\u0131p, ayn\u0131 zamanda toplumu da yanl\u0131\u015f y\u00f6nlendirmektedir. T\u00fcm bu olumsuzluklara ra\u011fmen, k\u00fclt\u00fcrel de\u011ferlerimizi koruma amac\u0131yla ba\u015flat\u0131lan proje kararl\u0131l\u0131kla s\u00fcrd\u00fcr\u00fclecektir.\u201d<\/p>\n<\/p><\/div>\n<p><script async\n                    defer\n                    crossorigin=\"anonymous\"\n                    src=\"https:\/\/connect.facebook.net\/tr_TR\/sdk.js#xfbml=1&#038;version=v3.3\"\n            ><\/script><br \/>\n<br \/><br \/>\n<br \/><a href=\"https:\/\/brtk.net\/yavuz-cikarma-plaji-ve-ozgurluk-milli-parki-bolgelerinin-acik-hava-muzesine-donusturulme-projesi-devam-ediyor\/\">Kaynak BRT <\/a><\/p>\n","protected":false},"excerpt":{"rendered":"<p>K\u0131br\u0131s Vak\u0131flar \u0130daresi, Yavuz \u00c7\u0131karma Plaj\u0131 ve \u00d6zg\u00fcrl\u00fck Milli Park\u0131 b\u00f6lgelerinin a\u00e7\u0131k hava m\u00fczesine d\u00f6n\u00fc\u015ft\u00fcr\u00fclme projesinin devam etti\u011fini a\u00e7\u0131klad\u0131. K\u0131br\u0131s Vak\u0131flar \u0130daresi\u2019nden yap\u0131lan a\u00e7\u0131klamada, son g\u00fcnlerde bas\u0131nda yer alan iddialara kar\u015f\u0131 toplumu do\u011fru bilgilendirmek amac\u0131yla cevap vermenin gereklili\u011finin do\u011fdu\u011fu kaydedildi. A\u00e7\u0131klamada, Yavuz \u00c7\u0131karma Plaj\u0131 ve \u00d6zg\u00fcrl\u00fck Milli Park\u0131\u2019n\u0131n tarihe yak\u0131\u015f\u0131r bir a\u00e7\u0131k hava m\u00fczesi haline [&hellip;]<\/p>\n","protected":false},"author":908,"featured_media":21890,"comment_status":"open","ping_status":"open","sticky":false,"template":"","format":"standard","meta":{"advanced_seo_description":"","jetpack_seo_html_title":"","jetpack_seo_noindex":false,"jetpack_seo_schema_type":"","_jetpack_newsletter_access":"","_jetpack_dont_email_post_to_subs":false,"_jetpack_newsletter_tier_id":0,"_jetpack_memberships_contains_paywalled_content":false,"_jetpack_feature_clip_id":0,"_jetpack_memberships_contains_paid_content":false,"footnotes":"","jetpack_publicize_message":"","jetpack_publicize_feature_enabled":true,"jetpack_social_post_already_shared":true,"jetpack_social_options":{"image_generator_settings":{"template":"highway","default_image_id":0,"font":"","enabled":false},"version":2},"jetpack_post_was_ever_published":false},"categories":[253],"tags":[],"class_list":["post-21889","post","type-post","status-publish","format-standard","has-post-thumbnail","hentry","category-gundem"],"jetpack_publicize_connections":[],"jetpack_featured_media_url":"https:\/\/kibrisayna.com\/wp-content\/uploads\/2025\/04\/cikarma-plaji.jpg","jetpack_sharing_enabled":true,"_links":{"self":[{"href":"https:\/\/kibrisayna.com\/index.php\/wp-json\/wp\/v2\/posts\/21889","targetHints":{"allow":["GET"]}}],"collection":[{"href":"https:\/\/kibrisayna.com\/index.php\/wp-json\/wp\/v2\/posts"}],"about":[{"href":"https:\/\/kibrisayna.com\/index.php\/wp-json\/wp\/v2\/types\/post"}],"author":[{"embeddable":true,"href":"https:\/\/kibrisayna.com\/index.php\/wp-json\/wp\/v2\/users\/908"}],"replies":[{"embeddable":true,"href":"https:\/\/kibrisayna.com\/index.php\/wp-json\/wp\/v2\/comments?post=21889"}],"version-history":[{"count":0,"href":"https:\/\/kibrisayna.com\/index.php\/wp-json\/wp\/v2\/posts\/21889\/revisions"}],"wp:featuredmedia":[{"embeddable":true,"href":"https:\/\/kibrisayna.com\/index.php\/wp-json\/wp\/v2\/media\/21890"}],"wp:attachment":[{"href":"https:\/\/kibrisayna.com\/index.php\/wp-json\/wp\/v2\/media?parent=21889"}],"wp:term":[{"taxonomy":"category","embeddable":true,"href":"https:\/\/kibrisayna.com\/index.php\/wp-json\/wp\/v2\/categories?post=21889"},{"taxonomy":"post_tag","embeddable":true,"href":"https:\/\/kibrisayna.com\/index.php\/wp-json\/wp\/v2\/tags?post=21889"}],"curies":[{"name":"wp","href":"https:\/\/api.w.org\/{rel}","templated":true}]}}