{"id":21885,"date":"2025-04-04T14:56:32","date_gmt":"2025-04-04T11:56:32","guid":{"rendered":"https:\/\/kibrisayna.com\/index.php\/2025\/04\/04\/guzelyurt-hayvanlari-koruma-derneginden-dunya-sokak-hayvanlari-gunu-aciklamasi-brtk\/"},"modified":"2025-04-04T14:56:32","modified_gmt":"2025-04-04T11:56:32","slug":"guzelyurt-hayvanlari-koruma-derneginden-dunya-sokak-hayvanlari-gunu-aciklamasi-brtk","status":"publish","type":"post","link":"https:\/\/kibrisayna.com\/index.php\/2025\/04\/04\/guzelyurt-hayvanlari-koruma-derneginden-dunya-sokak-hayvanlari-gunu-aciklamasi-brtk\/","title":{"rendered":"G\u00fczelyurt Hayvanlar\u0131 Koruma Derne\u011fi\u2019nden D\u00fcnya Sokak Hayvanlar\u0131 G\u00fcn\u00fc a\u00e7\u0131klamas\u0131 \u2013 BRTK"},"content":{"rendered":"<p> <br \/>\n<\/p>\n<div>\n<div class=\"mariselle-image-container center\">\n                <img loading=\"lazy\" decoding=\"async\" width=\"720\" height=\"400\" class=\"lazy-image\" alt=\"\" sizes=\"auto, (max-width: 720px) 100vw, 720px\" src=\"https:\/\/brtk.net\/wp-content\/uploads\/2024\/06\/21\/hayvan-kedi-kopek.jpg?ver=ecffcb93fd1ffbe1cfb84e931b3c1012\" srcset=\"https:\/\/brtk.net\/wp-content\/uploads\/2024\/06\/21\/hayvan-kedi-kopek.jpg?ver=ecffcb93fd1ffbe1cfb84e931b3c1012 720w, https:\/\/brtk.net\/wp-content\/uploads\/2024\/06\/21\/hayvan-kedi-kopek-300x167.jpg?ver=ccda69e41834bae229b9f33bfc778967 300w\"\/>                            <\/div>\n<p>G\u00fczelyurt Hayvanlar\u0131 Koruma Derne\u011fi, ge\u00e7mi\u015f y\u0131llarda verdi\u011fi m\u00fccadelenin bug\u00fcn meyvesini almaktan mutlu ve gururlu oldu\u011funu belirtti.<\/p>\n<p>4 Nisan D\u00fcnya Sokak Hayvanlar\u0131 G\u00fcn\u00fc dolay\u0131s\u0131yla Dernek ad\u0131na mesaj yay\u0131mlayan Rana Sarro, sokak hayvanlar\u0131na yap\u0131lan zul\u00fcmlerin m\u00fccadeleler sonunda azald\u0131\u011f\u0131na dikkat \u00e7ekti.<\/p>\n<p>Sarro, ge\u00e7mi\u015fte hayvanlara kar\u015f\u0131 yap\u0131lan bir\u00e7ok zulme \u00f6rnek vererek, \u201c\u00dclkede sokak hayvanlar\u0131yla ilgili artan bilin\u00e7 ve kazan\u0131lan fark\u0131ndal\u0131\u011fa m\u00fcte\u015fekkiriz.\u201d dedi.<\/p>\n<p>D\u00fcnya Sokak Hayvanlar\u0131 G\u00fcn\u00fc vesilesiyle Cumhurba\u015fkanl\u0131\u011f\u0131na da \u00e7a\u011fr\u0131da bulunan Sarro, \u00fclkeye do\u011fal bir ya\u015fam alan\u0131 kazand\u0131r\u0131lmas\u0131 i\u00e7in \u00f6nc\u00fc olmalar\u0131 talebinde bulundu.<\/p>\n<\/p><\/div>\n<p><script async\n                    defer\n                    crossorigin=\"anonymous\"\n                    src=\"https:\/\/connect.facebook.net\/tr_TR\/sdk.js#xfbml=1&#038;version=v3.3\"\n            ><\/script><br \/>\n<br \/><br \/>\n<br \/><a href=\"https:\/\/brtk.net\/guzelyurt-hayvanlari-koruma-derneginden-dunya-sokak-hayvanlari-gunu-aciklamasi\/\">Kaynak BRT <\/a><\/p>\n","protected":false},"excerpt":{"rendered":"<p>G\u00fczelyurt Hayvanlar\u0131 Koruma Derne\u011fi, ge\u00e7mi\u015f y\u0131llarda verdi\u011fi m\u00fccadelenin bug\u00fcn meyvesini almaktan mutlu ve gururlu oldu\u011funu belirtti. 4 Nisan D\u00fcnya Sokak Hayvanlar\u0131 G\u00fcn\u00fc dolay\u0131s\u0131yla Dernek ad\u0131na mesaj yay\u0131mlayan Rana Sarro, sokak hayvanlar\u0131na yap\u0131lan zul\u00fcmlerin m\u00fccadeleler sonunda azald\u0131\u011f\u0131na dikkat \u00e7ekti. Sarro, ge\u00e7mi\u015fte hayvanlara kar\u015f\u0131 yap\u0131lan bir\u00e7ok zulme \u00f6rnek vererek, \u201c\u00dclkede sokak hayvanlar\u0131yla ilgili artan bilin\u00e7 ve kazan\u0131lan [&hellip;]<\/p>\n","protected":false},"author":908,"featured_media":6908,"comment_status":"open","ping_status":"open","sticky":false,"template":"","format":"standard","meta":{"advanced_seo_description":"","jetpack_seo_html_title":"","jetpack_seo_noindex":false,"jetpack_seo_schema_type":"","_jetpack_newsletter_access":"","_jetpack_dont_email_post_to_subs":false,"_jetpack_newsletter_tier_id":0,"_jetpack_memberships_contains_paywalled_content":false,"_jetpack_feature_clip_id":0,"_jetpack_memberships_contains_paid_content":false,"footnotes":"","jetpack_publicize_message":"","jetpack_publicize_feature_enabled":true,"jetpack_social_post_already_shared":true,"jetpack_social_options":{"image_generator_settings":{"template":"highway","default_image_id":0,"font":"","enabled":false},"version":2},"jetpack_post_was_ever_published":false},"categories":[253],"tags":[],"class_list":["post-21885","post","type-post","status-publish","format-standard","has-post-thumbnail","hentry","category-gundem"],"jetpack_publicize_connections":[],"jetpack_featured_media_url":"https:\/\/kibrisayna.com\/wp-content\/uploads\/2024\/10\/hayvan-kedi-kopek.jpg","jetpack_sharing_enabled":true,"_links":{"self":[{"href":"https:\/\/kibrisayna.com\/index.php\/wp-json\/wp\/v2\/posts\/21885","targetHints":{"allow":["GET"]}}],"collection":[{"href":"https:\/\/kibrisayna.com\/index.php\/wp-json\/wp\/v2\/posts"}],"about":[{"href":"https:\/\/kibrisayna.com\/index.php\/wp-json\/wp\/v2\/types\/post"}],"author":[{"embeddable":true,"href":"https:\/\/kibrisayna.com\/index.php\/wp-json\/wp\/v2\/users\/908"}],"replies":[{"embeddable":true,"href":"https:\/\/kibrisayna.com\/index.php\/wp-json\/wp\/v2\/comments?post=21885"}],"version-history":[{"count":0,"href":"https:\/\/kibrisayna.com\/index.php\/wp-json\/wp\/v2\/posts\/21885\/revisions"}],"wp:featuredmedia":[{"embeddable":true,"href":"https:\/\/kibrisayna.com\/index.php\/wp-json\/wp\/v2\/media\/6908"}],"wp:attachment":[{"href":"https:\/\/kibrisayna.com\/index.php\/wp-json\/wp\/v2\/media?parent=21885"}],"wp:term":[{"taxonomy":"category","embeddable":true,"href":"https:\/\/kibrisayna.com\/index.php\/wp-json\/wp\/v2\/categories?post=21885"},{"taxonomy":"post_tag","embeddable":true,"href":"https:\/\/kibrisayna.com\/index.php\/wp-json\/wp\/v2\/tags?post=21885"}],"curies":[{"name":"wp","href":"https:\/\/api.w.org\/{rel}","templated":true}]}}