{"id":21880,"date":"2025-04-04T14:42:57","date_gmt":"2025-04-04T11:42:57","guid":{"rendered":"https:\/\/kibrisayna.com\/index.php\/2025\/04\/04\/lefkosa-kuzey-cevre-yolunda-pazar-gunu-drag-yarisi-duzenleniyor-yolun-bir-kismi-trafige-kapatilacak-brtk\/"},"modified":"2025-04-04T14:42:57","modified_gmt":"2025-04-04T11:42:57","slug":"lefkosa-kuzey-cevre-yolunda-pazar-gunu-drag-yarisi-duzenleniyor-yolun-bir-kismi-trafige-kapatilacak-brtk","status":"publish","type":"post","link":"https:\/\/kibrisayna.com\/index.php\/2025\/04\/04\/lefkosa-kuzey-cevre-yolunda-pazar-gunu-drag-yarisi-duzenleniyor-yolun-bir-kismi-trafige-kapatilacak-brtk\/","title":{"rendered":"Lefko\u015fa Kuzey \u00c7evre Yolu\u2019nda pazar g\u00fcn\u00fc \u201cDrag Yar\u0131\u015f\u0131\u201d d\u00fczenleniyor\u2026 Yolun bir k\u0131sm\u0131 trafi\u011fe kapat\u0131lacak \u2013 BRTK"},"content":{"rendered":"<p> <br \/>\n<\/p>\n<div>\n<div class=\"mariselle-image-container center\">\n                <img loading=\"lazy\" decoding=\"async\" width=\"750\" height=\"391\" class=\"lazy-image\" alt=\"\" sizes=\"auto, (max-width: 750px) 100vw, 750px\" src=\"https:\/\/brtk.net\/wp-content\/uploads\/2023\/01\/20\/tum-suruculerin-dikkatine.jpg?ver=0bfa06681a1338b35ba12f53c95c77bf\" srcset=\"https:\/\/brtk.net\/wp-content\/uploads\/2023\/01\/20\/tum-suruculerin-dikkatine.jpg?ver=0bfa06681a1338b35ba12f53c95c77bf 750w, https:\/\/brtk.net\/wp-content\/uploads\/2023\/01\/20\/tum-suruculerin-dikkatine-300x156.jpg?ver=0bfa06681a1338b35ba12f53c95c77bf 300w, https:\/\/brtk.net\/wp-content\/uploads\/2023\/01\/20\/tum-suruculerin-dikkatine-736x384.jpg?ver=b0106ac1c34f198af3ef395b925daaa2 736w\"\/>                            <\/div>\n<p>Kuzey K\u0131br\u0131s Drag ve Spor Otomobil Derne\u011fi taraf\u0131ndan, 6 Nisan Pazar g\u00fcn\u00fc  Lefko\u015fa Kuzey \u00c7evre Yolu\u2019nda \u201cDrag Yar\u0131\u015f\u0131\u201d d\u00fczenleniyor.<\/p>\n<p>Polis Bas\u0131n Subayl\u0131\u011f\u0131\u2019ndan verilen bilgiye g\u00f6re, 07.00-20.00 saatleri aras\u0131nda ger\u00e7ekle\u015ftirilecek yar\u0131\u015f nedeniyle Lefko\u015fa Kuzey \u00c7evre Yolu\u2019nun Sanayi \u00c7emberi ile Ta\u015fkent \u00c7emberi aras\u0131nda kalan k\u0131sm\u0131 \u00e7ift y\u00f6nl\u00fc olarak ara\u00e7 trafi\u011fine kapat\u0131lacak. Ula\u015f\u0131m alternatif yollardan sa\u011flanacak.<\/p>\n<p>Drag yar\u0131\u015f\u0131 devam etti\u011fi s\u00fcrece bahse konu yol g\u00fczergah\u0131n\u0131 kullanacak olan s\u00fcr\u00fcc\u00fclerin, kendileri ile yar\u0131\u015fmac\u0131lar\u0131n can ve mal g\u00fcvenlikleri a\u00e7\u0131s\u0131ndan yava\u015f ve dikkatli seyretmeleri, ayr\u0131ca trafik i\u015faret ve i\u015faret\u00e7ilerine uymalar\u0131 istendi.<\/p>\n<\/p><\/div>\n<p><script async\n                    defer\n                    crossorigin=\"anonymous\"\n                    src=\"https:\/\/connect.facebook.net\/tr_TR\/sdk.js#xfbml=1&#038;version=v3.3\"\n            ><\/script><br \/>\n<br \/><br \/>\n<br \/><a href=\"https:\/\/brtk.net\/lefkosa-kuzey-cevre-yolunda-pazar-gunu-drag-yarisi-duzenleniyor-yolun-bir-kismi-trafige-kapatilacak\/\">Kaynak BRT <\/a><\/p>\n","protected":false},"excerpt":{"rendered":"<p>Kuzey K\u0131br\u0131s Drag ve Spor Otomobil Derne\u011fi taraf\u0131ndan, 6 Nisan Pazar g\u00fcn\u00fc Lefko\u015fa Kuzey \u00c7evre Yolu\u2019nda \u201cDrag Yar\u0131\u015f\u0131\u201d d\u00fczenleniyor. Polis Bas\u0131n Subayl\u0131\u011f\u0131\u2019ndan verilen bilgiye g\u00f6re, 07.00-20.00 saatleri aras\u0131nda ger\u00e7ekle\u015ftirilecek yar\u0131\u015f nedeniyle Lefko\u015fa Kuzey \u00c7evre Yolu\u2019nun Sanayi \u00c7emberi ile Ta\u015fkent \u00c7emberi aras\u0131nda kalan k\u0131sm\u0131 \u00e7ift y\u00f6nl\u00fc olarak ara\u00e7 trafi\u011fine kapat\u0131lacak. Ula\u015f\u0131m alternatif yollardan sa\u011flanacak. Drag yar\u0131\u015f\u0131 [&hellip;]<\/p>\n","protected":false},"author":908,"featured_media":2347,"comment_status":"open","ping_status":"open","sticky":false,"template":"","format":"standard","meta":{"advanced_seo_description":"","jetpack_seo_html_title":"","jetpack_seo_noindex":false,"jetpack_seo_schema_type":"","_jetpack_newsletter_access":"","_jetpack_dont_email_post_to_subs":false,"_jetpack_newsletter_tier_id":0,"_jetpack_memberships_contains_paywalled_content":false,"_jetpack_feature_clip_id":0,"_jetpack_memberships_contains_paid_content":false,"footnotes":"","jetpack_publicize_message":"","jetpack_publicize_feature_enabled":true,"jetpack_social_post_already_shared":true,"jetpack_social_options":{"image_generator_settings":{"template":"highway","default_image_id":0,"font":"","enabled":false},"version":2},"jetpack_post_was_ever_published":false},"categories":[253],"tags":[],"class_list":["post-21880","post","type-post","status-publish","format-standard","has-post-thumbnail","hentry","category-gundem"],"jetpack_publicize_connections":[],"jetpack_featured_media_url":"https:\/\/kibrisayna.com\/wp-content\/uploads\/2024\/08\/tum-suruculerin-dikkatine.jpg","jetpack_sharing_enabled":true,"_links":{"self":[{"href":"https:\/\/kibrisayna.com\/index.php\/wp-json\/wp\/v2\/posts\/21880","targetHints":{"allow":["GET"]}}],"collection":[{"href":"https:\/\/kibrisayna.com\/index.php\/wp-json\/wp\/v2\/posts"}],"about":[{"href":"https:\/\/kibrisayna.com\/index.php\/wp-json\/wp\/v2\/types\/post"}],"author":[{"embeddable":true,"href":"https:\/\/kibrisayna.com\/index.php\/wp-json\/wp\/v2\/users\/908"}],"replies":[{"embeddable":true,"href":"https:\/\/kibrisayna.com\/index.php\/wp-json\/wp\/v2\/comments?post=21880"}],"version-history":[{"count":0,"href":"https:\/\/kibrisayna.com\/index.php\/wp-json\/wp\/v2\/posts\/21880\/revisions"}],"wp:featuredmedia":[{"embeddable":true,"href":"https:\/\/kibrisayna.com\/index.php\/wp-json\/wp\/v2\/media\/2347"}],"wp:attachment":[{"href":"https:\/\/kibrisayna.com\/index.php\/wp-json\/wp\/v2\/media?parent=21880"}],"wp:term":[{"taxonomy":"category","embeddable":true,"href":"https:\/\/kibrisayna.com\/index.php\/wp-json\/wp\/v2\/categories?post=21880"},{"taxonomy":"post_tag","embeddable":true,"href":"https:\/\/kibrisayna.com\/index.php\/wp-json\/wp\/v2\/tags?post=21880"}],"curies":[{"name":"wp","href":"https:\/\/api.w.org\/{rel}","templated":true}]}}